{"id":12395,"date":"2022-11-07T23:10:47","date_gmt":"2022-11-08T02:10:47","guid":{"rendered":"https:\/\/noticiasnoface.com.br\/?p=12395"},"modified":"2022-11-07T23:10:48","modified_gmt":"2022-11-08T02:10:48","slug":"multidao-faz-fila-para-velorio-de-guilherme-de-padua","status":"publish","type":"post","link":"https:\/\/noticiasnoface.com.br\/index.php\/2022\/11\/07\/multidao-faz-fila-para-velorio-de-guilherme-de-padua\/","title":{"rendered":"Multid\u00e3o faz fila para vel\u00f3rio de Guilherme de P\u00e1dua"},"content":{"rendered":"\n<figure class=\"wp-block-image size-large\"><img data-opt-id=788456321  fetchpriority=\"high\" decoding=\"async\" width=\"1024\" height=\"536\" src=\"https:\/\/mlbfrsat7ahr.i.optimole.com\/w:1024\/h:536\/q:mauto\/ig:avif\/https:\/\/noticiasnoface.com.br\/wp-content\/uploads\/2022\/11\/BFC5C170-856D-4C59-ACAB-EF796B00957E.jpeg\" alt=\"\" class=\"wp-image-12396\" srcset=\"https:\/\/mlbfrsat7ahr.i.optimole.com\/w:1024\/h:536\/q:mauto\/ig:avif\/https:\/\/noticiasnoface.com.br\/wp-content\/uploads\/2022\/11\/BFC5C170-856D-4C59-ACAB-EF796B00957E.jpeg 1024w, https:\/\/mlbfrsat7ahr.i.optimole.com\/w:300\/h:157\/q:mauto\/ig:avif\/https:\/\/noticiasnoface.com.br\/wp-content\/uploads\/2022\/11\/BFC5C170-856D-4C59-ACAB-EF796B00957E.jpeg 300w, https:\/\/mlbfrsat7ahr.i.optimole.com\/w:768\/h:402\/q:mauto\/ig:avif\/https:\/\/noticiasnoface.com.br\/wp-content\/uploads\/2022\/11\/BFC5C170-856D-4C59-ACAB-EF796B00957E.jpeg 768w, https:\/\/mlbfrsat7ahr.i.optimole.com\/w:1200\/h:628\/q:mauto\/ig:avif\/https:\/\/noticiasnoface.com.br\/wp-content\/uploads\/2022\/11\/BFC5C170-856D-4C59-ACAB-EF796B00957E.jpeg 1200w\" sizes=\"(max-width: 1000px) 100vw, 1000px\" \/><figcaption class=\"wp-element-caption\">O corpo de Guilherme de P\u00e1dua, 53 anos, assassino da atriz Daniella Perez e pastor da Igreja Batista da Lagoinha, localizada em Belo Horizonte, capital de Minas Gerais, foi velado nesta segunda-feira (7), na igreja onde se converteu e se tornou pastor.O ex-ator e pastor morreu na noite deste \u00faltimo domingo (6), v\u00edtima de um infarto fulminante, segundo o l\u00edder da Igreja Batista da Lagoinha, M\u00e1rcio Valad\u00e3o, Guilherme de P\u00e1dua faleceu dentro de casa, em Belo Horizonte.O pastor M\u00e1rcio Valad\u00e3o anunciou a morte de Guilherme de P\u00e1dua durante uma live em seu perfil no Instagram, em meio a sorrisos ele disse que o ex-ator tinha acabado de morrer.<br>Logo pela manh\u00e3 dezenas de pessoas formavam uma fila para se despedir de Guilherme de P\u00e1dua, muitos que aguardavam eram fi\u00e9is da igreja, outros eram curiosos.<br><br><\/figcaption><\/figure>\n","protected":false},"excerpt":{"rendered":"","protected":false},"author":1,"featured_media":0,"comment_status":"open","ping_status":"open","sticky":false,"template":"","format":"standard","meta":{"site-sidebar-layout":"default","site-content-layout":"","ast-site-content-layout":"default","site-content-style":"default","site-sidebar-style":"default","ast-global-header-display":"","ast-banner-title-visibility":"","ast-main-header-display":"","ast-hfb-above-header-display":"","ast-hfb-below-header-display":"","ast-hfb-mobile-header-display":"","site-post-title":"","ast-breadcrumbs-content":"","ast-featured-img":"","footer-sml-layout":"","ast-disable-related-posts":"","theme-transparent-header-meta":"","adv-header-id-meta":"","stick-header-meta":"","header-above-stick-meta":"","header-main-stick-meta":"","header-below-stick-meta":"","astra-migrate-meta-layouts":"default","ast-page-background-enabled":"default","ast-page-background-meta":{"desktop":{"background-color":"var(--ast-global-color-4)","background-image":"","background-repeat":"repeat","background-position":"center center","background-size":"auto","background-attachment":"scroll","background-type":"","background-media":"","overlay-type":"","overlay-color":"","overlay-opacity":"","overlay-gradient":""},"tablet":{"background-color":"","background-image":"","background-repeat":"repeat","background-position":"center center","background-size":"auto","background-attachment":"scroll","background-type":"","background-media":"","overlay-type":"","overlay-color":"","overlay-opacity":"","overlay-gradient":""},"mobile":{"background-color":"","background-image":"","background-repeat":"repeat","background-position":"center center","background-size":"auto","background-attachment":"scroll","background-type":"","background-media":"","overlay-type":"","overlay-color":"","overlay-opacity":"","overlay-gradient":""}},"ast-content-background-meta":{"desktop":{"background-color":"var(--ast-global-color-5)","background-image":"","background-repeat":"repeat","background-position":"center center","background-size":"auto","background-attachment":"scroll","background-type":"","background-media":"","overlay-type":"","overlay-color":"","overlay-opacity":"","overlay-gradient":""},"tablet":{"background-color":"var(--ast-global-color-5)","background-image":"","background-repeat":"repeat","background-position":"center center","background-size":"auto","background-attachment":"scroll","background-type":"","background-media":"","overlay-type":"","overlay-color":"","overlay-opacity":"","overlay-gradient":""},"mobile":{"background-color":"var(--ast-global-color-5)","background-image":"","background-repeat":"repeat","background-position":"center center","background-size":"auto","background-attachment":"scroll","background-type":"","background-media":"","overlay-type":"","overlay-color":"","overlay-opacity":"","overlay-gradient":""}},"footnotes":""},"categories":[517],"tags":[2073,763],"class_list":["post-12395","post","type-post","status-publish","format-standard","hentry","category-aconteceu","tag-guilherme-de-padua","tag-velorio"],"_links":{"self":[{"href":"https:\/\/noticiasnoface.com.br\/index.php\/wp-json\/wp\/v2\/posts\/12395","targetHints":{"allow":["GET"]}}],"collection":[{"href":"https:\/\/noticiasnoface.com.br\/index.php\/wp-json\/wp\/v2\/posts"}],"about":[{"href":"https:\/\/noticiasnoface.com.br\/index.php\/wp-json\/wp\/v2\/types\/post"}],"author":[{"embeddable":true,"href":"https:\/\/noticiasnoface.com.br\/index.php\/wp-json\/wp\/v2\/users\/1"}],"replies":[{"embeddable":true,"href":"https:\/\/noticiasnoface.com.br\/index.php\/wp-json\/wp\/v2\/comments?post=12395"}],"version-history":[{"count":1,"href":"https:\/\/noticiasnoface.com.br\/index.php\/wp-json\/wp\/v2\/posts\/12395\/revisions"}],"predecessor-version":[{"id":12397,"href":"https:\/\/noticiasnoface.com.br\/index.php\/wp-json\/wp\/v2\/posts\/12395\/revisions\/12397"}],"wp:attachment":[{"href":"https:\/\/noticiasnoface.com.br\/index.php\/wp-json\/wp\/v2\/media?parent=12395"}],"wp:term":[{"taxonomy":"category","embeddable":true,"href":"https:\/\/noticiasnoface.com.br\/index.php\/wp-json\/wp\/v2\/categories?post=12395"},{"taxonomy":"post_tag","embeddable":true,"href":"https:\/\/noticiasnoface.com.br\/index.php\/wp-json\/wp\/v2\/tags?post=12395"}],"curies":[{"name":"wp","href":"https:\/\/api.w.org\/{rel}","templated":true}]}}