{"id":12403,"date":"2022-11-08T08:15:34","date_gmt":"2022-11-08T11:15:34","guid":{"rendered":"https:\/\/noticiasnoface.com.br\/?p=12403"},"modified":"2022-11-08T08:15:34","modified_gmt":"2022-11-08T11:15:34","slug":"gabriel-monteiro-e-preso-por-estupro","status":"publish","type":"post","link":"https:\/\/noticiasnoface.com.br\/index.php\/2022\/11\/08\/gabriel-monteiro-e-preso-por-estupro\/","title":{"rendered":"Gabriel Monteiro \u00e9 preso por estupro"},"content":{"rendered":"\n<figure class=\"wp-block-image size-full\"><img data-opt-id=1211609794  fetchpriority=\"high\" decoding=\"async\" width=\"320\" height=\"200\" src=\"https:\/\/mlbfrsat7ahr.i.optimole.com\/w:auto\/h:auto\/q:mauto\/ig:avif\/https:\/\/noticiasnoface.com.br\/wp-content\/uploads\/2022\/11\/1BDDA330-232C-4576-9892-93D08B2FE84B.webp\" alt=\"\" class=\"wp-image-12404\" srcset=\"https:\/\/mlbfrsat7ahr.i.optimole.com\/w:320\/h:200\/q:mauto\/ig:avif\/https:\/\/noticiasnoface.com.br\/wp-content\/uploads\/2022\/11\/1BDDA330-232C-4576-9892-93D08B2FE84B.webp 320w, https:\/\/mlbfrsat7ahr.i.optimole.com\/w:300\/h:188\/q:mauto\/ig:avif\/https:\/\/noticiasnoface.com.br\/wp-content\/uploads\/2022\/11\/1BDDA330-232C-4576-9892-93D08B2FE84B.webp 300w\" sizes=\"(max-width: 320px) 100vw, 320px\" \/><figcaption class=\"wp-element-caption\">A 34\u00aa Vara Criminal do Rio de Janeiro decretou a pris\u00e3o preventiva do ex-vereador\u00a0<a href=\"https:\/\/www.terra.com.br\/nos\/vitima-diz-que-gabriel-monteiro-apontou-arma-para-ela-durante-sexo,a89c1673f8e22aa4ac121273f8c368ef00q9qlp6.html\" target=\"_blank\" rel=\"noopener\">Gabriel Monteiro<\/a>, nesta segunda-feira, 7. Ele \u00e9 acusado de um estupro que teria ocorrido em 15 de julho deste ano. O ex-policial militar e youtuber se entregou \u00e0 pol\u00edcia no final da tarde.\u00a0A informa\u00e7\u00e3o foi confirmada por um dos advogados que fazem a sua defesa, Sandro Figueredo.\u00a0<br>Conforme uma\u00a0reportagem de Anselmo Gois, do jornal\u00a0<em>O Globo<\/em>, na den\u00fancia consta que a v\u00edtima conheceu o suspeito na reinaugura\u00e7\u00e3o da boate Vitrinni, na Barra. Pouco depois, eles sa\u00edram da casa noturna para ir \u00e0 resid\u00eancia de um amigo do ex-parlamentar, localizada no bairro do Jo\u00e1, na Zona Sul do Rio.<br><br><br><\/figcaption><\/figure>\n","protected":false},"excerpt":{"rendered":"","protected":false},"author":1,"featured_media":0,"comment_status":"open","ping_status":"open","sticky":false,"template":"","format":"standard","meta":{"site-sidebar-layout":"default","site-content-layout":"","ast-site-content-layout":"default","site-content-style":"default","site-sidebar-style":"default","ast-global-header-display":"","ast-banner-title-visibility":"","ast-main-header-display":"","ast-hfb-above-header-display":"","ast-hfb-below-header-display":"","ast-hfb-mobile-header-display":"","site-post-title":"","ast-breadcrumbs-content":"","ast-featured-img":"","footer-sml-layout":"","ast-disable-related-posts":"","theme-transparent-header-meta":"","adv-header-id-meta":"","stick-header-meta":"","header-above-stick-meta":"","header-main-stick-meta":"","header-below-stick-meta":"","astra-migrate-meta-layouts":"default","ast-page-background-enabled":"default","ast-page-background-meta":{"desktop":{"background-color":"var(--ast-global-color-4)","background-image":"","background-repeat":"repeat","background-position":"center center","background-size":"auto","background-attachment":"scroll","background-type":"","background-media":"","overlay-type":"","overlay-color":"","overlay-opacity":"","overlay-gradient":""},"tablet":{"background-color":"","background-image":"","background-repeat":"repeat","background-position":"center center","background-size":"auto","background-attachment":"scroll","background-type":"","background-media":"","overlay-type":"","overlay-color":"","overlay-opacity":"","overlay-gradient":""},"mobile":{"background-color":"","background-image":"","background-repeat":"repeat","background-position":"center center","background-size":"auto","background-attachment":"scroll","background-type":"","background-media":"","overlay-type":"","overlay-color":"","overlay-opacity":"","overlay-gradient":""}},"ast-content-background-meta":{"desktop":{"background-color":"var(--ast-global-color-5)","background-image":"","background-repeat":"repeat","background-position":"center center","background-size":"auto","background-attachment":"scroll","background-type":"","background-media":"","overlay-type":"","overlay-color":"","overlay-opacity":"","overlay-gradient":""},"tablet":{"background-color":"var(--ast-global-color-5)","background-image":"","background-repeat":"repeat","background-position":"center center","background-size":"auto","background-attachment":"scroll","background-type":"","background-media":"","overlay-type":"","overlay-color":"","overlay-opacity":"","overlay-gradient":""},"mobile":{"background-color":"var(--ast-global-color-5)","background-image":"","background-repeat":"repeat","background-position":"center center","background-size":"auto","background-attachment":"scroll","background-type":"","background-media":"","overlay-type":"","overlay-color":"","overlay-opacity":"","overlay-gradient":""}},"footnotes":""},"categories":[517],"tags":[50,22,199],"class_list":["post-12403","post","type-post","status-publish","format-standard","hentry","category-aconteceu","tag-noticias-do-face","tag-noticias-no-face","tag-noticiasnoface"],"_links":{"self":[{"href":"https:\/\/noticiasnoface.com.br\/index.php\/wp-json\/wp\/v2\/posts\/12403","targetHints":{"allow":["GET"]}}],"collection":[{"href":"https:\/\/noticiasnoface.com.br\/index.php\/wp-json\/wp\/v2\/posts"}],"about":[{"href":"https:\/\/noticiasnoface.com.br\/index.php\/wp-json\/wp\/v2\/types\/post"}],"author":[{"embeddable":true,"href":"https:\/\/noticiasnoface.com.br\/index.php\/wp-json\/wp\/v2\/users\/1"}],"replies":[{"embeddable":true,"href":"https:\/\/noticiasnoface.com.br\/index.php\/wp-json\/wp\/v2\/comments?post=12403"}],"version-history":[{"count":1,"href":"https:\/\/noticiasnoface.com.br\/index.php\/wp-json\/wp\/v2\/posts\/12403\/revisions"}],"predecessor-version":[{"id":12405,"href":"https:\/\/noticiasnoface.com.br\/index.php\/wp-json\/wp\/v2\/posts\/12403\/revisions\/12405"}],"wp:attachment":[{"href":"https:\/\/noticiasnoface.com.br\/index.php\/wp-json\/wp\/v2\/media?parent=12403"}],"wp:term":[{"taxonomy":"category","embeddable":true,"href":"https:\/\/noticiasnoface.com.br\/index.php\/wp-json\/wp\/v2\/categories?post=12403"},{"taxonomy":"post_tag","embeddable":true,"href":"https:\/\/noticiasnoface.com.br\/index.php\/wp-json\/wp\/v2\/tags?post=12403"}],"curies":[{"name":"wp","href":"https:\/\/api.w.org\/{rel}","templated":true}]}}