{"id":12427,"date":"2022-11-08T22:40:17","date_gmt":"2022-11-09T01:40:17","guid":{"rendered":"https:\/\/noticiasnoface.com.br\/?p=12427"},"modified":"2022-11-08T22:40:18","modified_gmt":"2022-11-09T01:40:18","slug":"camara-aprova-criacao-do-dia-municipal-de-conscientizacao-da-esclerodermia","status":"publish","type":"post","link":"https:\/\/noticiasnoface.com.br\/index.php\/2022\/11\/08\/camara-aprova-criacao-do-dia-municipal-de-conscientizacao-da-esclerodermia\/","title":{"rendered":"C\u00e2mara aprova cria\u00e7\u00e3o do Dia Municipal de Conscientiza\u00e7\u00e3o da Esclerodermia"},"content":{"rendered":"\n<figure class=\"wp-block-image size-large\"><img data-opt-id=456264362  fetchpriority=\"high\" decoding=\"async\" width=\"1024\" height=\"684\" src=\"https:\/\/mlbfrsat7ahr.i.optimole.com\/w:1024\/h:684\/q:mauto\/ig:avif\/https:\/\/noticiasnoface.com.br\/wp-content\/uploads\/2022\/11\/1D7F00AC-82B4-4D09-A87F-F611C7B4B7BA.jpeg\" alt=\"\" class=\"wp-image-12428\" srcset=\"https:\/\/mlbfrsat7ahr.i.optimole.com\/w:1024\/h:684\/q:mauto\/ig:avif\/https:\/\/noticiasnoface.com.br\/wp-content\/uploads\/2022\/11\/1D7F00AC-82B4-4D09-A87F-F611C7B4B7BA.jpeg 1024w, https:\/\/mlbfrsat7ahr.i.optimole.com\/w:300\/h:200\/q:mauto\/ig:avif\/https:\/\/noticiasnoface.com.br\/wp-content\/uploads\/2022\/11\/1D7F00AC-82B4-4D09-A87F-F611C7B4B7BA.jpeg 300w, https:\/\/mlbfrsat7ahr.i.optimole.com\/w:768\/h:513\/q:mauto\/ig:avif\/https:\/\/noticiasnoface.com.br\/wp-content\/uploads\/2022\/11\/1D7F00AC-82B4-4D09-A87F-F611C7B4B7BA.jpeg 768w, https:\/\/mlbfrsat7ahr.i.optimole.com\/w:1280\/h:855\/q:mauto\/ig:avif\/https:\/\/noticiasnoface.com.br\/wp-content\/uploads\/2022\/11\/1D7F00AC-82B4-4D09-A87F-F611C7B4B7BA.jpeg 1280w\" sizes=\"(max-width: 1000px) 100vw, 1000px\" \/><figcaption class=\"wp-element-caption\">O plen\u00e1rio da C\u00e2mara Municipal de Natal aprovou, durante a sess\u00e3o ordin\u00e1ria desta ter\u00e7a-feira (08), o Projeto de Lei n\u00b0 218\/2020 que cria o Dia Municipal de Conscientiza\u00e7\u00e3o da Esclerodermia, a ser comemorado anualmente, no dia 29 de junho, quando se comemora o &#8220;Dia Mundial da Esclerodermia&#8221;. De autoria da vereadora Divaneide Bas\u00edlio (PT), a mat\u00e9ria foi acatada em segunda discuss\u00e3o e agora segue para o Executivo.<br>Pelo texto, a campanha tamb\u00e9m ser\u00e1 direcionada para os profissionais da sa\u00fade da rede p\u00fablica municipal, podendo o Munic\u00edpio articular parcerias com universidades, Conselho Regional de Medicina, institui\u00e7\u00f5es p\u00fablicas ou privadas etc., de forma a capacitar os mencionados profissionais para identificar e lidar com a Esclerodermia em seus espa\u00e7os de trabalho.\u00a0<br>Caracterizada pela produ\u00e7\u00e3o excessiva de col\u00e1geno nos tecidos do corpo, nesta doen\u00e7a o pr\u00f3prio organismo ataca a si mesmo. S\u00e3o diversos os tipos de sintomas, o que dificulta a identifica\u00e7\u00e3o em uma fase inicial do problema.<br>&#8220;Diante desse quadro denso e preocupante, as comunidades m\u00e9dicas de todo o mundo t\u00eam demonstrado uma especial aten\u00e7\u00e3o com a doen\u00e7a, sugerindo a ado\u00e7\u00e3o de um dia alusivo \u00e0 sua &#8220;celebra\u00e7\u00e3o&#8221;, sendo eleito o dia 29 de junho para alertar profissionais da sa\u00fade e sociedade&#8221;, defendeu em seu discurso a vereadora Divaneide Bas\u00edlio.<br>Na sequ\u00eancia, recebeu parecer favor\u00e1vel, tamb\u00e9m em segunda discuss\u00e3o, o Projeto de Lei n\u00b0 341\/2022 que reconhece de Utilidade P\u00fablica Municipal o Servi\u00e7o Nacional de Aprendizagem Comercial &#8211; SENAC\/RN.\u00a0 O texto foi encaminhado pelo presidente da Casa, vereador Paulinho Freire (Uni\u00e3o Brasil), que ressalta a trajet\u00f3ria de dedica\u00e7\u00e3o da institui\u00e7\u00e3o \u00e0 qualifica\u00e7\u00e3o dos trabalhadores e trabalhadoras do pa\u00eds. &#8220;Trata-se de uma hist\u00f3ria voltada para a educa\u00e7\u00e3o e profissionaliza\u00e7\u00e3o, facilitando o alcance ao efetivo emprego. Portanto, merece o reconhecimento do Legislativo natalense&#8221;.<br>Ao final da sess\u00e3o ordin\u00e1ria, outra proposi\u00e7\u00e3o em segunda discuss\u00e3o foi aprovada pelos parlamentares. Dessa vez o Projeto de Lei n\u00b0 303\/2020, apresentado pela vereadora Nina Souza (PDT), que denomina formalmente a travessa Jo\u00e3o Medeiros Filho, via que, ainda sem registro formal, j\u00e1 se encontra amplamente referenciada pelo nome. A via fica localizada na lateral direita da UERN, no bairro Potengi.\u00a0<br><br><em><strong>Texto: Junior Martins<br>Fotos: Elp\u00eddio J\u00fanior<\/strong><\/em><\/figcaption><\/figure>\n","protected":false},"excerpt":{"rendered":"","protected":false},"author":1,"featured_media":0,"comment_status":"open","ping_status":"open","sticky":false,"template":"","format":"standard","meta":{"site-sidebar-layout":"default","site-content-layout":"","ast-site-content-layout":"default","site-content-style":"default","site-sidebar-style":"default","ast-global-header-display":"","ast-banner-title-visibility":"","ast-main-header-display":"","ast-hfb-above-header-display":"","ast-hfb-below-header-display":"","ast-hfb-mobile-header-display":"","site-post-title":"","ast-breadcrumbs-content":"","ast-featured-img":"","footer-sml-layout":"","ast-disable-related-posts":"","theme-transparent-header-meta":"","adv-header-id-meta":"","stick-header-meta":"","header-above-stick-meta":"","header-main-stick-meta":"","header-below-stick-meta":"","astra-migrate-meta-layouts":"default","ast-page-background-enabled":"default","ast-page-background-meta":{"desktop":{"background-color":"var(--ast-global-color-4)","background-image":"","background-repeat":"repeat","background-position":"center center","background-size":"auto","background-attachment":"scroll","background-type":"","background-media":"","overlay-type":"","overlay-color":"","overlay-opacity":"","overlay-gradient":""},"tablet":{"background-color":"","background-image":"","background-repeat":"repeat","background-position":"center center","background-size":"auto","background-attachment":"scroll","background-type":"","background-media":"","overlay-type":"","overlay-color":"","overlay-opacity":"","overlay-gradient":""},"mobile":{"background-color":"","background-image":"","background-repeat":"repeat","background-position":"center center","background-size":"auto","background-attachment":"scroll","background-type":"","background-media":"","overlay-type":"","overlay-color":"","overlay-opacity":"","overlay-gradient":""}},"ast-content-background-meta":{"desktop":{"background-color":"var(--ast-global-color-5)","background-image":"","background-repeat":"repeat","background-position":"center center","background-size":"auto","background-attachment":"scroll","background-type":"","background-media":"","overlay-type":"","overlay-color":"","overlay-opacity":"","overlay-gradient":""},"tablet":{"background-color":"var(--ast-global-color-5)","background-image":"","background-repeat":"repeat","background-position":"center center","background-size":"auto","background-attachment":"scroll","background-type":"","background-media":"","overlay-type":"","overlay-color":"","overlay-opacity":"","overlay-gradient":""},"mobile":{"background-color":"var(--ast-global-color-5)","background-image":"","background-repeat":"repeat","background-position":"center center","background-size":"auto","background-attachment":"scroll","background-type":"","background-media":"","overlay-type":"","overlay-color":"","overlay-opacity":"","overlay-gradient":""}},"footnotes":""},"categories":[517],"tags":[],"class_list":["post-12427","post","type-post","status-publish","format-standard","hentry","category-aconteceu"],"_links":{"self":[{"href":"https:\/\/noticiasnoface.com.br\/index.php\/wp-json\/wp\/v2\/posts\/12427","targetHints":{"allow":["GET"]}}],"collection":[{"href":"https:\/\/noticiasnoface.com.br\/index.php\/wp-json\/wp\/v2\/posts"}],"about":[{"href":"https:\/\/noticiasnoface.com.br\/index.php\/wp-json\/wp\/v2\/types\/post"}],"author":[{"embeddable":true,"href":"https:\/\/noticiasnoface.com.br\/index.php\/wp-json\/wp\/v2\/users\/1"}],"replies":[{"embeddable":true,"href":"https:\/\/noticiasnoface.com.br\/index.php\/wp-json\/wp\/v2\/comments?post=12427"}],"version-history":[{"count":1,"href":"https:\/\/noticiasnoface.com.br\/index.php\/wp-json\/wp\/v2\/posts\/12427\/revisions"}],"predecessor-version":[{"id":12429,"href":"https:\/\/noticiasnoface.com.br\/index.php\/wp-json\/wp\/v2\/posts\/12427\/revisions\/12429"}],"wp:attachment":[{"href":"https:\/\/noticiasnoface.com.br\/index.php\/wp-json\/wp\/v2\/media?parent=12427"}],"wp:term":[{"taxonomy":"category","embeddable":true,"href":"https:\/\/noticiasnoface.com.br\/index.php\/wp-json\/wp\/v2\/categories?post=12427"},{"taxonomy":"post_tag","embeddable":true,"href":"https:\/\/noticiasnoface.com.br\/index.php\/wp-json\/wp\/v2\/tags?post=12427"}],"curies":[{"name":"wp","href":"https:\/\/api.w.org\/{rel}","templated":true}]}}