{"id":12431,"date":"2022-11-09T08:02:52","date_gmt":"2022-11-09T11:02:52","guid":{"rendered":"https:\/\/noticiasnoface.com.br\/?p=12431"},"modified":"2022-11-09T08:03:58","modified_gmt":"2022-11-09T11:03:58","slug":"bolsonaro-sera-candidato-em-2026-diz-waldemar-costa-neto","status":"publish","type":"post","link":"https:\/\/noticiasnoface.com.br\/index.php\/2022\/11\/09\/bolsonaro-sera-candidato-em-2026-diz-waldemar-costa-neto\/","title":{"rendered":"Bolsonaro ser\u00e1 candidato em 2026 diz Waldemar Costa Neto"},"content":{"rendered":"\n<figure class=\"wp-block-image size-full\"><img data-opt-id=1849385747  fetchpriority=\"high\" decoding=\"async\" width=\"848\" height=\"477\" src=\"https:\/\/mlbfrsat7ahr.i.optimole.com\/w:auto\/h:auto\/q:mauto\/ig:avif\/https:\/\/noticiasnoface.com.br\/wp-content\/uploads\/2022\/11\/05FE7F81-8EB8-42DF-9EF7-B8AC6D44735E.webp\" alt=\"\" class=\"wp-image-12432\" srcset=\"https:\/\/mlbfrsat7ahr.i.optimole.com\/w:848\/h:477\/q:mauto\/ig:avif\/https:\/\/noticiasnoface.com.br\/wp-content\/uploads\/2022\/11\/05FE7F81-8EB8-42DF-9EF7-B8AC6D44735E.webp 848w, https:\/\/mlbfrsat7ahr.i.optimole.com\/w:300\/h:169\/q:mauto\/ig:avif\/https:\/\/noticiasnoface.com.br\/wp-content\/uploads\/2022\/11\/05FE7F81-8EB8-42DF-9EF7-B8AC6D44735E.webp 300w, https:\/\/mlbfrsat7ahr.i.optimole.com\/w:768\/h:432\/q:mauto\/ig:avif\/https:\/\/noticiasnoface.com.br\/wp-content\/uploads\/2022\/11\/05FE7F81-8EB8-42DF-9EF7-B8AC6D44735E.webp 768w, https:\/\/mlbfrsat7ahr.i.optimole.com\/w:800\/h:450\/q:mauto\/ig:avif\/https:\/\/noticiasnoface.com.br\/wp-content\/uploads\/2022\/11\/05FE7F81-8EB8-42DF-9EF7-B8AC6D44735E.webp 800w\" sizes=\"(max-width: 848px) 100vw, 848px\" \/><figcaption class=\"wp-element-caption\">O presidente nacional do Partido Liberal, Valdemar Costa Neto,\u00a0anunciou nesta 3\u00aa feira (8.nov.2022) que o presidente\u00a0Jair Bolsonaro\u00a0(PL) ser\u00e1 o candidato da sigla \u00e0 Presid\u00eancia em 2026. Ele anunciou ter convidado o chefe do Executivo para assumir a presid\u00eancia de honra da sigla e compor a executiva nacional. \u201cCom certeza candidato a prefeito ele n\u00e3o vai ser. N\u00e3o tenho d\u00favida disso. 4 anos n\u00e3o s\u00e3o nada. Ele \u00e9 novo ainda. Ser\u00e1 nosso candidato a presidente em 2026\u201d, disse em entrevista a jornalista. Valdemar havia sido questionado se Bolsonaro seria candidato a prefeito do Rio de Janeiro&#8230;<br><br>Leia mais no texto original: (https:\/\/www.poder360.com.br\/partidos-politicos\/valdemar-diz-que-bolsonaro-sera-candidato-a-presidente-em-2026\/)<br>\u00a9 2022 Todos os direitos s\u00e3o reservados ao Poder360, conforme a Lei n\u00ba 9.610\/98. A publica\u00e7\u00e3o, redistribui\u00e7\u00e3o, transmiss\u00e3o e reescrita sem autoriza\u00e7\u00e3o pr\u00e9via s\u00e3o proibidas.<\/figcaption><\/figure>\n","protected":false},"excerpt":{"rendered":"","protected":false},"author":1,"featured_media":0,"comment_status":"open","ping_status":"open","sticky":false,"template":"","format":"standard","meta":{"site-sidebar-layout":"default","site-content-layout":"","ast-site-content-layout":"default","site-content-style":"default","site-sidebar-style":"default","ast-global-header-display":"","ast-banner-title-visibility":"","ast-main-header-display":"","ast-hfb-above-header-display":"","ast-hfb-below-header-display":"","ast-hfb-mobile-header-display":"","site-post-title":"","ast-breadcrumbs-content":"","ast-featured-img":"","footer-sml-layout":"","ast-disable-related-posts":"","theme-transparent-header-meta":"","adv-header-id-meta":"","stick-header-meta":"","header-above-stick-meta":"","header-main-stick-meta":"","header-below-stick-meta":"","astra-migrate-meta-layouts":"default","ast-page-background-enabled":"default","ast-page-background-meta":{"desktop":{"background-color":"var(--ast-global-color-4)","background-image":"","background-repeat":"repeat","background-position":"center center","background-size":"auto","background-attachment":"scroll","background-type":"","background-media":"","overlay-type":"","overlay-color":"","overlay-opacity":"","overlay-gradient":""},"tablet":{"background-color":"","background-image":"","background-repeat":"repeat","background-position":"center center","background-size":"auto","background-attachment":"scroll","background-type":"","background-media":"","overlay-type":"","overlay-color":"","overlay-opacity":"","overlay-gradient":""},"mobile":{"background-color":"","background-image":"","background-repeat":"repeat","background-position":"center center","background-size":"auto","background-attachment":"scroll","background-type":"","background-media":"","overlay-type":"","overlay-color":"","overlay-opacity":"","overlay-gradient":""}},"ast-content-background-meta":{"desktop":{"background-color":"var(--ast-global-color-5)","background-image":"","background-repeat":"repeat","background-position":"center center","background-size":"auto","background-attachment":"scroll","background-type":"","background-media":"","overlay-type":"","overlay-color":"","overlay-opacity":"","overlay-gradient":""},"tablet":{"background-color":"var(--ast-global-color-5)","background-image":"","background-repeat":"repeat","background-position":"center center","background-size":"auto","background-attachment":"scroll","background-type":"","background-media":"","overlay-type":"","overlay-color":"","overlay-opacity":"","overlay-gradient":""},"mobile":{"background-color":"var(--ast-global-color-5)","background-image":"","background-repeat":"repeat","background-position":"center center","background-size":"auto","background-attachment":"scroll","background-type":"","background-media":"","overlay-type":"","overlay-color":"","overlay-opacity":"","overlay-gradient":""}},"footnotes":""},"categories":[517],"tags":[8,202,50,22,199,2083],"class_list":["post-12431","post","type-post","status-publish","format-standard","hentry","category-aconteceu","tag-bolsonaro","tag-brasil","tag-noticias-do-face","tag-noticias-no-face","tag-noticiasnoface","tag-waldemar-costa-neto"],"_links":{"self":[{"href":"https:\/\/noticiasnoface.com.br\/index.php\/wp-json\/wp\/v2\/posts\/12431","targetHints":{"allow":["GET"]}}],"collection":[{"href":"https:\/\/noticiasnoface.com.br\/index.php\/wp-json\/wp\/v2\/posts"}],"about":[{"href":"https:\/\/noticiasnoface.com.br\/index.php\/wp-json\/wp\/v2\/types\/post"}],"author":[{"embeddable":true,"href":"https:\/\/noticiasnoface.com.br\/index.php\/wp-json\/wp\/v2\/users\/1"}],"replies":[{"embeddable":true,"href":"https:\/\/noticiasnoface.com.br\/index.php\/wp-json\/wp\/v2\/comments?post=12431"}],"version-history":[{"count":1,"href":"https:\/\/noticiasnoface.com.br\/index.php\/wp-json\/wp\/v2\/posts\/12431\/revisions"}],"predecessor-version":[{"id":12433,"href":"https:\/\/noticiasnoface.com.br\/index.php\/wp-json\/wp\/v2\/posts\/12431\/revisions\/12433"}],"wp:attachment":[{"href":"https:\/\/noticiasnoface.com.br\/index.php\/wp-json\/wp\/v2\/media?parent=12431"}],"wp:term":[{"taxonomy":"category","embeddable":true,"href":"https:\/\/noticiasnoface.com.br\/index.php\/wp-json\/wp\/v2\/categories?post=12431"},{"taxonomy":"post_tag","embeddable":true,"href":"https:\/\/noticiasnoface.com.br\/index.php\/wp-json\/wp\/v2\/tags?post=12431"}],"curies":[{"name":"wp","href":"https:\/\/api.w.org\/{rel}","templated":true}]}}