{"id":12441,"date":"2022-11-09T11:32:11","date_gmt":"2022-11-09T14:32:11","guid":{"rendered":"https:\/\/noticiasnoface.com.br\/?p=12441"},"modified":"2022-11-09T11:32:17","modified_gmt":"2022-11-09T14:32:17","slug":"urgente-morre-gal-costa","status":"publish","type":"post","link":"https:\/\/noticiasnoface.com.br\/index.php\/2022\/11\/09\/urgente-morre-gal-costa\/","title":{"rendered":"URGENTE-Morre Gal Costa"},"content":{"rendered":"\n<figure class=\"wp-block-image size-full\"><img data-opt-id=108795021  fetchpriority=\"high\" decoding=\"async\" width=\"655\" height=\"468\" src=\"https:\/\/mlbfrsat7ahr.i.optimole.com\/w:auto\/h:auto\/q:mauto\/ig:avif\/https:\/\/noticiasnoface.com.br\/wp-content\/uploads\/2022\/11\/1FA71C7E-20A5-45F1-B657-3E67213D194F.jpeg\" alt=\"\" class=\"wp-image-12442\" srcset=\"https:\/\/mlbfrsat7ahr.i.optimole.com\/w:655\/h:468\/q:mauto\/ig:avif\/https:\/\/noticiasnoface.com.br\/wp-content\/uploads\/2022\/11\/1FA71C7E-20A5-45F1-B657-3E67213D194F.jpeg 655w, https:\/\/mlbfrsat7ahr.i.optimole.com\/w:300\/h:214\/q:mauto\/ig:avif\/https:\/\/noticiasnoface.com.br\/wp-content\/uploads\/2022\/11\/1FA71C7E-20A5-45F1-B657-3E67213D194F.jpeg 300w\" sizes=\"(max-width: 655px) 100vw, 655px\" \/><figcaption class=\"wp-element-caption\"><strong>S\u00c3O PAULO<\/strong><br><a href=\"https:\/\/www1.folha.uol.com.br\/folha-topicos\/gal-costa\/\" target=\"_blank\" rel=\"noopener\">Gal Costa<\/a>, uma das maiores vozes da\u00a0<a href=\"https:\/\/www1.folha.uol.com.br\/folha-topicos\/mpb\/\" target=\"_blank\" rel=\"noopener\">m\u00fasica popular brasileira<\/a>, morreu na manh\u00e3 desta quarta-feira (9), aos 77 anos. A informa\u00e7\u00e3o foi confirmada pela assessoria de imprensa da artista e a causa da morte \u00e9 desconhecida.<br><br><img data-opt-id=1146293527  fetchpriority=\"high\" decoding=\"async\" src=\"https:\/\/f.i.uol.com.br\/fotografia\/2022\/08\/01\/165937943962e81eef08482_1659379439_3x2_md.jpg\" alt=\"Gal Costa em show no palco Mestre Dominguinhos \"><br>Gal Costa em show no FIG, o Festival de Inverno de Garanhuns, em Pernambuco, em julho &#8211;\u00a0Felipe Souto Maior\/Fundarpe\/Divulga\u00e7\u00e3o<br>A cantora era uma das atra\u00e7\u00f5es do festival\u00a0<a href=\"https:\/\/www1.folha.uol.com.br\/folha-topicos\/primavera-sound\/\" target=\"_blank\" rel=\"noopener\">Primavera\u00a0Sound<\/a>, que aconteceu em S\u00e3o Paulo no \u00faltimo fim de semana, mas\u00a0<a href=\"https:\/\/www1.folha.uol.com.br\/ilustrada\/2022\/10\/gal-costa-cancela-show-no-primavera-sound-apos-operar-nodulo.shtml\" target=\"_blank\" rel=\"noopener\">teve sua participa\u00e7\u00e3o cancelada de \u00faltima hora<\/a>. De acordo com sua equipe, ela precisava se recuperar ap\u00f3s a retirada de um n\u00f3dulo na fossa nasal direita e ficaria fora dos palcos at\u00e9 o final de novembro, seguindo recomenda\u00e7\u00f5es m\u00e9dicas.<br>A cirurgia ocorreu em setembro, pouco ap\u00f3s sua apresenta\u00e7\u00e3o em outro festival de m\u00fasica em S\u00e3o Paulo, o\u00a0<a href=\"https:\/\/www1.folha.uol.com.br\/ilustrada\/2022\/09\/coala-festival-retorna-com-veteranos-da-mpb-apoio-a-lula-e-ataque-a-bolsonaro.shtml\" target=\"_blank\" rel=\"noopener\">Coala<\/a>. De l\u00e1 para c\u00e1, ela n\u00e3o havia voltado aos shows, mas j\u00e1 tinha datas da turn\u00ea As V\u00e1rias Pontas de uma Estrela marcadas para dezembro e janeiro.<\/figcaption><\/figure>\n","protected":false},"excerpt":{"rendered":"","protected":false},"author":1,"featured_media":0,"comment_status":"open","ping_status":"open","sticky":false,"template":"","format":"standard","meta":{"site-sidebar-layout":"default","site-content-layout":"","ast-site-content-layout":"default","site-content-style":"default","site-sidebar-style":"default","ast-global-header-display":"","ast-banner-title-visibility":"","ast-main-header-display":"","ast-hfb-above-header-display":"","ast-hfb-below-header-display":"","ast-hfb-mobile-header-display":"","site-post-title":"","ast-breadcrumbs-content":"","ast-featured-img":"","footer-sml-layout":"","ast-disable-related-posts":"","theme-transparent-header-meta":"","adv-header-id-meta":"","stick-header-meta":"","header-above-stick-meta":"","header-main-stick-meta":"","header-below-stick-meta":"","astra-migrate-meta-layouts":"default","ast-page-background-enabled":"default","ast-page-background-meta":{"desktop":{"background-color":"var(--ast-global-color-4)","background-image":"","background-repeat":"repeat","background-position":"center center","background-size":"auto","background-attachment":"scroll","background-type":"","background-media":"","overlay-type":"","overlay-color":"","overlay-opacity":"","overlay-gradient":""},"tablet":{"background-color":"","background-image":"","background-repeat":"repeat","background-position":"center center","background-size":"auto","background-attachment":"scroll","background-type":"","background-media":"","overlay-type":"","overlay-color":"","overlay-opacity":"","overlay-gradient":""},"mobile":{"background-color":"","background-image":"","background-repeat":"repeat","background-position":"center center","background-size":"auto","background-attachment":"scroll","background-type":"","background-media":"","overlay-type":"","overlay-color":"","overlay-opacity":"","overlay-gradient":""}},"ast-content-background-meta":{"desktop":{"background-color":"var(--ast-global-color-5)","background-image":"","background-repeat":"repeat","background-position":"center center","background-size":"auto","background-attachment":"scroll","background-type":"","background-media":"","overlay-type":"","overlay-color":"","overlay-opacity":"","overlay-gradient":""},"tablet":{"background-color":"var(--ast-global-color-5)","background-image":"","background-repeat":"repeat","background-position":"center center","background-size":"auto","background-attachment":"scroll","background-type":"","background-media":"","overlay-type":"","overlay-color":"","overlay-opacity":"","overlay-gradient":""},"mobile":{"background-color":"var(--ast-global-color-5)","background-image":"","background-repeat":"repeat","background-position":"center center","background-size":"auto","background-attachment":"scroll","background-type":"","background-media":"","overlay-type":"","overlay-color":"","overlay-opacity":"","overlay-gradient":""}},"footnotes":""},"categories":[517],"tags":[2085,801,2080],"class_list":["post-12441","post","type-post","status-publish","format-standard","hentry","category-aconteceu","tag-gal-costa","tag-morreu","tag-noticias-no-face-2"],"_links":{"self":[{"href":"https:\/\/noticiasnoface.com.br\/index.php\/wp-json\/wp\/v2\/posts\/12441","targetHints":{"allow":["GET"]}}],"collection":[{"href":"https:\/\/noticiasnoface.com.br\/index.php\/wp-json\/wp\/v2\/posts"}],"about":[{"href":"https:\/\/noticiasnoface.com.br\/index.php\/wp-json\/wp\/v2\/types\/post"}],"author":[{"embeddable":true,"href":"https:\/\/noticiasnoface.com.br\/index.php\/wp-json\/wp\/v2\/users\/1"}],"replies":[{"embeddable":true,"href":"https:\/\/noticiasnoface.com.br\/index.php\/wp-json\/wp\/v2\/comments?post=12441"}],"version-history":[{"count":1,"href":"https:\/\/noticiasnoface.com.br\/index.php\/wp-json\/wp\/v2\/posts\/12441\/revisions"}],"predecessor-version":[{"id":12443,"href":"https:\/\/noticiasnoface.com.br\/index.php\/wp-json\/wp\/v2\/posts\/12441\/revisions\/12443"}],"wp:attachment":[{"href":"https:\/\/noticiasnoface.com.br\/index.php\/wp-json\/wp\/v2\/media?parent=12441"}],"wp:term":[{"taxonomy":"category","embeddable":true,"href":"https:\/\/noticiasnoface.com.br\/index.php\/wp-json\/wp\/v2\/categories?post=12441"},{"taxonomy":"post_tag","embeddable":true,"href":"https:\/\/noticiasnoface.com.br\/index.php\/wp-json\/wp\/v2\/tags?post=12441"}],"curies":[{"name":"wp","href":"https:\/\/api.w.org\/{rel}","templated":true}]}}