{"id":12485,"date":"2022-11-10T12:27:17","date_gmt":"2022-11-10T15:27:17","guid":{"rendered":"https:\/\/noticiasnoface.com.br\/?p=12485"},"modified":"2022-11-10T12:28:56","modified_gmt":"2022-11-10T15:28:56","slug":"confusao-grande-no-julgamento-de-flor-de-liz","status":"publish","type":"post","link":"https:\/\/noticiasnoface.com.br\/index.php\/2022\/11\/10\/confusao-grande-no-julgamento-de-flor-de-liz\/","title":{"rendered":"Confus\u00e3o grande no julgamento de Flor de liz"},"content":{"rendered":"\n<figure class=\"wp-block-image size-full is-resized\"><img data-opt-id=604005547  fetchpriority=\"high\" decoding=\"async\" src=\"https:\/\/mlbfrsat7ahr.i.optimole.com\/w:auto\/h:auto\/q:mauto\/ig:avif\/https:\/\/noticiasnoface.com.br\/wp-content\/uploads\/2022\/11\/img_6565.jpg\" alt=\"\" class=\"wp-image-12484\" width=\"326\" height=\"195\" srcset=\"https:\/\/mlbfrsat7ahr.i.optimole.com\/w:1000\/h:598\/q:mauto\/ig:avif\/https:\/\/noticiasnoface.com.br\/wp-content\/uploads\/2022\/11\/img_6565.jpg 1000w, https:\/\/mlbfrsat7ahr.i.optimole.com\/w:300\/h:179\/q:mauto\/ig:avif\/https:\/\/noticiasnoface.com.br\/wp-content\/uploads\/2022\/11\/img_6565.jpg 300w, https:\/\/mlbfrsat7ahr.i.optimole.com\/w:768\/h:459\/q:mauto\/ig:avif\/https:\/\/noticiasnoface.com.br\/wp-content\/uploads\/2022\/11\/img_6565.jpg 768w\" sizes=\"(max-width: 326px) 100vw, 326px\" \/><figcaption class=\"wp-element-caption\">O terceiro dia do julgamento da pastora e ex-deputada Flordelis dos Santos de Souza, acusada da morte do marido, pastor Anderson do Carmo, terminou em tumulto e quase levou \u00e0 dissolu\u00e7\u00e3o do j\u00fari, na noite desta quarta-feira (9).<br>A proje\u00e7\u00e3o de um trecho do livro Plano Flordelis: b\u00edblia, filhos e sangue, da jornalista Vera Ara\u00fajo, provocou revolta na defesa, que exigia a convoca\u00e7\u00e3o da autora para confirmar se a advogada Janira Rocha, que defende Flordelis, havia manipulado testemunhas da fam\u00edlia, conforme dava a entender um trecho da obra.<\/figcaption><\/figure>\n\n\n\n<h2 class=\"wp-block-heading\">A confus\u00e3o <\/h2>\n\n\n\n<p>Caso a jornalista n\u00e3o fosse chamada para depor, o advogado Rodrigo Faucz amea\u00e7ou, na frente da ju\u00edza Nearis Arce, abandonar o julgamento, o que poderia levar \u00e0 dissolu\u00e7\u00e3o do j\u00fari. A atitude gerou uma interrup\u00e7\u00e3o superior a duas horas nos trabalhos.<\/p>\n\n\n\n<p>A magistrada se negou a convocar Vera Ara\u00fajo e imp\u00f4s multa de 15 sal\u00e1rios m\u00ednimos a cada um dos advogados, caso esses abandonassem o julgamento, o que levou a defesa a corrigir sua fala e voltar atr\u00e1s, ap\u00f3s uma reuni\u00e3o a portas fechadas. Por fim, a ju\u00edza classificou o epis\u00f3dio como um mal-entendido e marcou a continuidade do julgamento para a manh\u00e3 desta quinta-feira (10).<\/p>\n","protected":false},"excerpt":{"rendered":"<p>A confus\u00e3o Caso a jornalista n\u00e3o fosse chamada para depor, o advogado Rodrigo Faucz amea\u00e7ou, na frente da ju\u00edza Nearis [&hellip;]<\/p>\n","protected":false},"author":1,"featured_media":0,"comment_status":"open","ping_status":"open","sticky":false,"template":"","format":"standard","meta":{"site-sidebar-layout":"default","site-content-layout":"","ast-site-content-layout":"default","site-content-style":"default","site-sidebar-style":"default","ast-global-header-display":"","ast-banner-title-visibility":"","ast-main-header-display":"","ast-hfb-above-header-display":"","ast-hfb-below-header-display":"","ast-hfb-mobile-header-display":"","site-post-title":"","ast-breadcrumbs-content":"","ast-featured-img":"","footer-sml-layout":"","ast-disable-related-posts":"","theme-transparent-header-meta":"","adv-header-id-meta":"","stick-header-meta":"","header-above-stick-meta":"","header-main-stick-meta":"","header-below-stick-meta":"","astra-migrate-meta-layouts":"default","ast-page-background-enabled":"default","ast-page-background-meta":{"desktop":{"background-color":"var(--ast-global-color-4)","background-image":"","background-repeat":"repeat","background-position":"center center","background-size":"auto","background-attachment":"scroll","background-type":"","background-media":"","overlay-type":"","overlay-color":"","overlay-opacity":"","overlay-gradient":""},"tablet":{"background-color":"","background-image":"","background-repeat":"repeat","background-position":"center center","background-size":"auto","background-attachment":"scroll","background-type":"","background-media":"","overlay-type":"","overlay-color":"","overlay-opacity":"","overlay-gradient":""},"mobile":{"background-color":"","background-image":"","background-repeat":"repeat","background-position":"center center","background-size":"auto","background-attachment":"scroll","background-type":"","background-media":"","overlay-type":"","overlay-color":"","overlay-opacity":"","overlay-gradient":""}},"ast-content-background-meta":{"desktop":{"background-color":"var(--ast-global-color-5)","background-image":"","background-repeat":"repeat","background-position":"center center","background-size":"auto","background-attachment":"scroll","background-type":"","background-media":"","overlay-type":"","overlay-color":"","overlay-opacity":"","overlay-gradient":""},"tablet":{"background-color":"var(--ast-global-color-5)","background-image":"","background-repeat":"repeat","background-position":"center center","background-size":"auto","background-attachment":"scroll","background-type":"","background-media":"","overlay-type":"","overlay-color":"","overlay-opacity":"","overlay-gradient":""},"mobile":{"background-color":"var(--ast-global-color-5)","background-image":"","background-repeat":"repeat","background-position":"center center","background-size":"auto","background-attachment":"scroll","background-type":"","background-media":"","overlay-type":"","overlay-color":"","overlay-opacity":"","overlay-gradient":""}},"footnotes":""},"categories":[517],"tags":[998,2094,2093,50,22,199],"class_list":["post-12485","post","type-post","status-publish","format-standard","hentry","category-aconteceu","tag-confusao","tag-flor-de-liz","tag-julgamento","tag-noticias-do-face","tag-noticias-no-face","tag-noticiasnoface"],"_links":{"self":[{"href":"https:\/\/noticiasnoface.com.br\/index.php\/wp-json\/wp\/v2\/posts\/12485","targetHints":{"allow":["GET"]}}],"collection":[{"href":"https:\/\/noticiasnoface.com.br\/index.php\/wp-json\/wp\/v2\/posts"}],"about":[{"href":"https:\/\/noticiasnoface.com.br\/index.php\/wp-json\/wp\/v2\/types\/post"}],"author":[{"embeddable":true,"href":"https:\/\/noticiasnoface.com.br\/index.php\/wp-json\/wp\/v2\/users\/1"}],"replies":[{"embeddable":true,"href":"https:\/\/noticiasnoface.com.br\/index.php\/wp-json\/wp\/v2\/comments?post=12485"}],"version-history":[{"count":1,"href":"https:\/\/noticiasnoface.com.br\/index.php\/wp-json\/wp\/v2\/posts\/12485\/revisions"}],"predecessor-version":[{"id":12486,"href":"https:\/\/noticiasnoface.com.br\/index.php\/wp-json\/wp\/v2\/posts\/12485\/revisions\/12486"}],"wp:attachment":[{"href":"https:\/\/noticiasnoface.com.br\/index.php\/wp-json\/wp\/v2\/media?parent=12485"}],"wp:term":[{"taxonomy":"category","embeddable":true,"href":"https:\/\/noticiasnoface.com.br\/index.php\/wp-json\/wp\/v2\/categories?post=12485"},{"taxonomy":"post_tag","embeddable":true,"href":"https:\/\/noticiasnoface.com.br\/index.php\/wp-json\/wp\/v2\/tags?post=12485"}],"curies":[{"name":"wp","href":"https:\/\/api.w.org\/{rel}","templated":true}]}}