{"id":12487,"date":"2022-11-10T14:18:07","date_gmt":"2022-11-10T17:18:07","guid":{"rendered":"https:\/\/noticiasnoface.com.br\/?p=12487"},"modified":"2022-11-10T14:18:08","modified_gmt":"2022-11-10T17:18:08","slug":"mesmo-tomando-duzentas-doses-de-vacina-galvao-bueno-pega-covid-pela-milesima-vez","status":"publish","type":"post","link":"https:\/\/noticiasnoface.com.br\/index.php\/2022\/11\/10\/mesmo-tomando-duzentas-doses-de-vacina-galvao-bueno-pega-covid-pela-milesima-vez\/","title":{"rendered":"Mesmo tomando duzentas doses de vacina, Galv\u00e3o Bueno pega COVID pela mil\u00e9sima vez"},"content":{"rendered":"\n<figure class=\"wp-block-image size-full\"><img data-opt-id=348716446  fetchpriority=\"high\" decoding=\"async\" width=\"984\" height=\"714\" src=\"https:\/\/mlbfrsat7ahr.i.optimole.com\/w:auto\/h:auto\/q:mauto\/ig:avif\/https:\/\/noticiasnoface.com.br\/wp-content\/uploads\/2022\/11\/EFB3ED18-4D09-4FC6-B852-254AEC29B49E.jpeg\" alt=\"\" class=\"wp-image-12488\" srcset=\"https:\/\/mlbfrsat7ahr.i.optimole.com\/w:984\/h:714\/q:mauto\/ig:avif\/https:\/\/noticiasnoface.com.br\/wp-content\/uploads\/2022\/11\/EFB3ED18-4D09-4FC6-B852-254AEC29B49E.jpeg 984w, https:\/\/mlbfrsat7ahr.i.optimole.com\/w:300\/h:218\/q:mauto\/ig:avif\/https:\/\/noticiasnoface.com.br\/wp-content\/uploads\/2022\/11\/EFB3ED18-4D09-4FC6-B852-254AEC29B49E.jpeg 300w, https:\/\/mlbfrsat7ahr.i.optimole.com\/w:768\/h:557\/q:mauto\/ig:avif\/https:\/\/noticiasnoface.com.br\/wp-content\/uploads\/2022\/11\/EFB3ED18-4D09-4FC6-B852-254AEC29B49E.jpeg 768w\" sizes=\"(max-width: 984px) 100vw, 984px\" \/><figcaption class=\"wp-element-caption\">Principal nome das transmiss\u00f5es da Globo, Galv\u00e3o Bueno testou positivo para a covid-19. A emissora anunciou o resultado do exame nesta quinta-feira e adiou o \u2018Bem, Amigos\u2019 especial da pr\u00f3xima segunda-feira para resguardar o narrador para a Copa do Mundo, que come\u00e7a no dia 20.<br>\u201cO Bem Amigos Especial, previsto para o dia 14 de novembro, foi adiado porque Galv\u00e3o Bueno positivou para COVID. Nos pr\u00f3ximos dias, Galv\u00e3o vai se recuperar para o trabalho na cobertura da Copa do Mundo no Catar. TV Globo e sportv v\u00e3o ajustar suas grades de programa\u00e7\u00e3o na pr\u00f3xima segunda-feira\u201d, trouxe comunicado da emissora.<br>O programa estava previsto para ser exibido, al\u00e9m do SporTV, tamb\u00e9m na TV Globo, e seria o \u00faltimo do narrador. Ap\u00f3s a Copa do Mundo do Qatar, Galv\u00e3o Bueno n\u00e3o narrar\u00e1 mais jogos pela emissora. O \u2018Bem, Amigos\u2019 n\u00e3o ser\u00e1 mais exibido pelo canal.<br>De acordo com O LANCE!, na \u00faltima semana, que o narrador n\u00e3o tem inten\u00e7\u00e3o de seguir como narrador na TV, e que as limita\u00e7\u00f5es f\u00edsicas tamb\u00e9m pesaram na decis\u00e3o. No entanto, Galv\u00e3o Bueno pode voltar \u00e0 Globo para trabalhos pontuais em 2023.<br><strong>Lance!<\/strong><br><br><a href=\"https:\/\/www.blogdobg.com.br\/galvao-bueno-testa-positivo-para-covid-19-a-poucos-dias-do-inicio-da-copa\/#comentar\" target=\"_blank\" rel=\"noopener\"><\/a><br><br><\/figcaption><\/figure>\n","protected":false},"excerpt":{"rendered":"","protected":false},"author":1,"featured_media":0,"comment_status":"open","ping_status":"open","sticky":false,"template":"","format":"standard","meta":{"site-sidebar-layout":"default","site-content-layout":"","ast-site-content-layout":"default","site-content-style":"default","site-sidebar-style":"default","ast-global-header-display":"","ast-banner-title-visibility":"","ast-main-header-display":"","ast-hfb-above-header-display":"","ast-hfb-below-header-display":"","ast-hfb-mobile-header-display":"","site-post-title":"","ast-breadcrumbs-content":"","ast-featured-img":"","footer-sml-layout":"","ast-disable-related-posts":"","theme-transparent-header-meta":"","adv-header-id-meta":"","stick-header-meta":"","header-above-stick-meta":"","header-main-stick-meta":"","header-below-stick-meta":"","astra-migrate-meta-layouts":"default","ast-page-background-enabled":"default","ast-page-background-meta":{"desktop":{"background-color":"var(--ast-global-color-4)","background-image":"","background-repeat":"repeat","background-position":"center center","background-size":"auto","background-attachment":"scroll","background-type":"","background-media":"","overlay-type":"","overlay-color":"","overlay-opacity":"","overlay-gradient":""},"tablet":{"background-color":"","background-image":"","background-repeat":"repeat","background-position":"center center","background-size":"auto","background-attachment":"scroll","background-type":"","background-media":"","overlay-type":"","overlay-color":"","overlay-opacity":"","overlay-gradient":""},"mobile":{"background-color":"","background-image":"","background-repeat":"repeat","background-position":"center center","background-size":"auto","background-attachment":"scroll","background-type":"","background-media":"","overlay-type":"","overlay-color":"","overlay-opacity":"","overlay-gradient":""}},"ast-content-background-meta":{"desktop":{"background-color":"var(--ast-global-color-5)","background-image":"","background-repeat":"repeat","background-position":"center center","background-size":"auto","background-attachment":"scroll","background-type":"","background-media":"","overlay-type":"","overlay-color":"","overlay-opacity":"","overlay-gradient":""},"tablet":{"background-color":"var(--ast-global-color-5)","background-image":"","background-repeat":"repeat","background-position":"center center","background-size":"auto","background-attachment":"scroll","background-type":"","background-media":"","overlay-type":"","overlay-color":"","overlay-opacity":"","overlay-gradient":""},"mobile":{"background-color":"var(--ast-global-color-5)","background-image":"","background-repeat":"repeat","background-position":"center center","background-size":"auto","background-attachment":"scroll","background-type":"","background-media":"","overlay-type":"","overlay-color":"","overlay-opacity":"","overlay-gradient":""}},"footnotes":""},"categories":[517],"tags":[141,2095,2097,50,2080,199,2096],"class_list":["post-12487","post","type-post","status-publish","format-standard","hentry","category-aconteceu","tag-covid","tag-galvao-bueno","tag-mil-veze","tag-noticias-do-face","tag-noticias-no-face-2","tag-noticiasnoface","tag-vacina"],"_links":{"self":[{"href":"https:\/\/noticiasnoface.com.br\/index.php\/wp-json\/wp\/v2\/posts\/12487","targetHints":{"allow":["GET"]}}],"collection":[{"href":"https:\/\/noticiasnoface.com.br\/index.php\/wp-json\/wp\/v2\/posts"}],"about":[{"href":"https:\/\/noticiasnoface.com.br\/index.php\/wp-json\/wp\/v2\/types\/post"}],"author":[{"embeddable":true,"href":"https:\/\/noticiasnoface.com.br\/index.php\/wp-json\/wp\/v2\/users\/1"}],"replies":[{"embeddable":true,"href":"https:\/\/noticiasnoface.com.br\/index.php\/wp-json\/wp\/v2\/comments?post=12487"}],"version-history":[{"count":1,"href":"https:\/\/noticiasnoface.com.br\/index.php\/wp-json\/wp\/v2\/posts\/12487\/revisions"}],"predecessor-version":[{"id":12489,"href":"https:\/\/noticiasnoface.com.br\/index.php\/wp-json\/wp\/v2\/posts\/12487\/revisions\/12489"}],"wp:attachment":[{"href":"https:\/\/noticiasnoface.com.br\/index.php\/wp-json\/wp\/v2\/media?parent=12487"}],"wp:term":[{"taxonomy":"category","embeddable":true,"href":"https:\/\/noticiasnoface.com.br\/index.php\/wp-json\/wp\/v2\/categories?post=12487"},{"taxonomy":"post_tag","embeddable":true,"href":"https:\/\/noticiasnoface.com.br\/index.php\/wp-json\/wp\/v2\/tags?post=12487"}],"curies":[{"name":"wp","href":"https:\/\/api.w.org\/{rel}","templated":true}]}}