{"id":12561,"date":"2022-11-13T21:36:40","date_gmt":"2022-11-14T00:36:40","guid":{"rendered":"https:\/\/noticiasnoface.com.br\/?p=12561"},"modified":"2022-11-13T21:36:41","modified_gmt":"2022-11-14T00:36:41","slug":"alckmin-anuncia-novos-nomes-para-equipe-lula-marcola-ficou-de-fora","status":"publish","type":"post","link":"https:\/\/noticiasnoface.com.br\/index.php\/2022\/11\/13\/alckmin-anuncia-novos-nomes-para-equipe-lula-marcola-ficou-de-fora\/","title":{"rendered":"Alckmin anuncia novos nomes para equipe Lula. Marcola ficou de fora!"},"content":{"rendered":"\n<figure class=\"wp-block-image size-full\"><img data-opt-id=317692833  fetchpriority=\"high\" decoding=\"async\" width=\"635\" height=\"418\" src=\"https:\/\/mlbfrsat7ahr.i.optimole.com\/w:auto\/h:auto\/q:mauto\/ig:avif\/https:\/\/noticiasnoface.com.br\/wp-content\/uploads\/2022\/11\/E41DDB00-8200-4873-ABCD-7ADBEE89E098.jpeg\" alt=\"\" class=\"wp-image-12562\" srcset=\"https:\/\/mlbfrsat7ahr.i.optimole.com\/w:635\/h:418\/q:mauto\/ig:avif\/https:\/\/noticiasnoface.com.br\/wp-content\/uploads\/2022\/11\/E41DDB00-8200-4873-ABCD-7ADBEE89E098.jpeg 635w, https:\/\/mlbfrsat7ahr.i.optimole.com\/w:300\/h:197\/q:mauto\/ig:avif\/https:\/\/noticiasnoface.com.br\/wp-content\/uploads\/2022\/11\/E41DDB00-8200-4873-ABCD-7ADBEE89E098.jpeg 300w\" sizes=\"(max-width: 635px) 100vw, 635px\" \/><figcaption class=\"wp-element-caption\">O vice-presidente da Rep\u00fablica eleito,\u00a0Geraldo Alckmin\u00a0(PSB), anunciar\u00e1, na pr\u00f3xima segunda-feira (14\/11), novos nomes da equipe de \u00e1reas tem\u00e1ticas do Gabinete de Transi\u00e7\u00e3o de governo do presidente eleito\u00a0Luiz In\u00e1cio Lula da Silva\u00a0(PT). O pronunciamento est\u00e1 previsto para \u00e0s 15h, em S\u00e3o Paulo (SP).<br>O\u00a0Gabinete de Transi\u00e7\u00e3o do governo de Jair Bolsonaro (PL) para o de Lula\u00a0tem 57 nomes confirmados, mas eles s\u00f3 come\u00e7am o trabalho oficialmente ap\u00f3s a publica\u00e7\u00e3o no\u00a0Di\u00e1rio Oficial da Uni\u00e3o (DOU).\u00a0Ser\u00e3o quatro coordena\u00e7\u00f5es e 31 n\u00facleos tem\u00e1ticos, divididos em assuntos como educa\u00e7\u00e3o, sa\u00fade, cultura, seguran\u00e7a p\u00fablica e meio ambiente.<br>O primeiro nome confirmado foi o de\u00a0Geraldo Alckmin (PSB), vice-presidente eleito que coordenar\u00e1 a transi\u00e7\u00e3o. Na ter\u00e7a-feira (8\/11), ele assinou a portaria que instalou o gabinete, em cerim\u00f4nia no Centro Cultural Banco do Brasil (CCBB). O local \u00e9 usado pelas equipes de transi\u00e7\u00e3o desde 2002 e, desta vez, ficar\u00e1 ocupado at\u00e9 a primeira semana de janeiro.<br>Segundo integrantes da transi\u00e7\u00e3o, cerca de 100 pessoas integrar\u00e3o o grupo, desde selecionados at\u00e9 volunt\u00e1rios. O l\u00edder do PT na C\u00e2mara, Reginaldo Lopes, afirmou que j\u00e1 indicou 50 nomes, al\u00e9m de 32 n\u00e3o remunerados. No total, 150 pessoas podem ser contratadas, de acordo com a Constitui\u00e7\u00e3o.<br><strong>Metr\u00f3poles<\/strong><\/figcaption><\/figure>\n","protected":false},"excerpt":{"rendered":"","protected":false},"author":1,"featured_media":0,"comment_status":"open","ping_status":"open","sticky":false,"template":"","format":"standard","meta":{"site-sidebar-layout":"default","site-content-layout":"","ast-site-content-layout":"default","site-content-style":"default","site-sidebar-style":"default","ast-global-header-display":"","ast-banner-title-visibility":"","ast-main-header-display":"","ast-hfb-above-header-display":"","ast-hfb-below-header-display":"","ast-hfb-mobile-header-display":"","site-post-title":"","ast-breadcrumbs-content":"","ast-featured-img":"","footer-sml-layout":"","ast-disable-related-posts":"","theme-transparent-header-meta":"","adv-header-id-meta":"","stick-header-meta":"","header-above-stick-meta":"","header-main-stick-meta":"","header-below-stick-meta":"","astra-migrate-meta-layouts":"default","ast-page-background-enabled":"default","ast-page-background-meta":{"desktop":{"background-color":"var(--ast-global-color-4)","background-image":"","background-repeat":"repeat","background-position":"center center","background-size":"auto","background-attachment":"scroll","background-type":"","background-media":"","overlay-type":"","overlay-color":"","overlay-opacity":"","overlay-gradient":""},"tablet":{"background-color":"","background-image":"","background-repeat":"repeat","background-position":"center center","background-size":"auto","background-attachment":"scroll","background-type":"","background-media":"","overlay-type":"","overlay-color":"","overlay-opacity":"","overlay-gradient":""},"mobile":{"background-color":"","background-image":"","background-repeat":"repeat","background-position":"center center","background-size":"auto","background-attachment":"scroll","background-type":"","background-media":"","overlay-type":"","overlay-color":"","overlay-opacity":"","overlay-gradient":""}},"ast-content-background-meta":{"desktop":{"background-color":"var(--ast-global-color-5)","background-image":"","background-repeat":"repeat","background-position":"center center","background-size":"auto","background-attachment":"scroll","background-type":"","background-media":"","overlay-type":"","overlay-color":"","overlay-opacity":"","overlay-gradient":""},"tablet":{"background-color":"var(--ast-global-color-5)","background-image":"","background-repeat":"repeat","background-position":"center center","background-size":"auto","background-attachment":"scroll","background-type":"","background-media":"","overlay-type":"","overlay-color":"","overlay-opacity":"","overlay-gradient":""},"mobile":{"background-color":"var(--ast-global-color-5)","background-image":"","background-repeat":"repeat","background-position":"center center","background-size":"auto","background-attachment":"scroll","background-type":"","background-media":"","overlay-type":"","overlay-color":"","overlay-opacity":"","overlay-gradient":""}},"footnotes":""},"categories":[153],"tags":[2114,452,215,1657,50,199],"class_list":["post-12561","post","type-post","status-publish","format-standard","hentry","category-politica","tag-alckmin","tag-governo","tag-lula","tag-marcola","tag-noticias-do-face","tag-noticiasnoface"],"_links":{"self":[{"href":"https:\/\/noticiasnoface.com.br\/index.php\/wp-json\/wp\/v2\/posts\/12561","targetHints":{"allow":["GET"]}}],"collection":[{"href":"https:\/\/noticiasnoface.com.br\/index.php\/wp-json\/wp\/v2\/posts"}],"about":[{"href":"https:\/\/noticiasnoface.com.br\/index.php\/wp-json\/wp\/v2\/types\/post"}],"author":[{"embeddable":true,"href":"https:\/\/noticiasnoface.com.br\/index.php\/wp-json\/wp\/v2\/users\/1"}],"replies":[{"embeddable":true,"href":"https:\/\/noticiasnoface.com.br\/index.php\/wp-json\/wp\/v2\/comments?post=12561"}],"version-history":[{"count":1,"href":"https:\/\/noticiasnoface.com.br\/index.php\/wp-json\/wp\/v2\/posts\/12561\/revisions"}],"predecessor-version":[{"id":12563,"href":"https:\/\/noticiasnoface.com.br\/index.php\/wp-json\/wp\/v2\/posts\/12561\/revisions\/12563"}],"wp:attachment":[{"href":"https:\/\/noticiasnoface.com.br\/index.php\/wp-json\/wp\/v2\/media?parent=12561"}],"wp:term":[{"taxonomy":"category","embeddable":true,"href":"https:\/\/noticiasnoface.com.br\/index.php\/wp-json\/wp\/v2\/categories?post=12561"},{"taxonomy":"post_tag","embeddable":true,"href":"https:\/\/noticiasnoface.com.br\/index.php\/wp-json\/wp\/v2\/tags?post=12561"}],"curies":[{"name":"wp","href":"https:\/\/api.w.org\/{rel}","templated":true}]}}