{"id":12581,"date":"2022-11-14T09:32:00","date_gmt":"2022-11-14T12:32:00","guid":{"rendered":"https:\/\/noticiasnoface.com.br\/?p=12581"},"modified":"2022-11-14T09:32:02","modified_gmt":"2022-11-14T12:32:02","slug":"o-que-lula-tenta-esconder-sobre-sua-saude","status":"publish","type":"post","link":"https:\/\/noticiasnoface.com.br\/index.php\/2022\/11\/14\/o-que-lula-tenta-esconder-sobre-sua-saude\/","title":{"rendered":"O que Lula tenta esconder sobre sua sa\u00fade?"},"content":{"rendered":"\n<figure class=\"wp-block-image size-large\"><img data-opt-id=472818178  fetchpriority=\"high\" decoding=\"async\" width=\"1024\" height=\"599\" src=\"https:\/\/mlbfrsat7ahr.i.optimole.com\/w:1024\/h:599\/q:mauto\/ig:avif\/https:\/\/noticiasnoface.com.br\/wp-content\/uploads\/2022\/11\/66BF942E-F25A-40D6-A2D1-85F15C74D417.jpeg\" alt=\"\" class=\"wp-image-12582\" srcset=\"https:\/\/mlbfrsat7ahr.i.optimole.com\/w:1024\/h:599\/q:mauto\/ig:avif\/https:\/\/noticiasnoface.com.br\/wp-content\/uploads\/2022\/11\/66BF942E-F25A-40D6-A2D1-85F15C74D417.jpeg 1024w, https:\/\/mlbfrsat7ahr.i.optimole.com\/w:300\/h:175\/q:mauto\/ig:avif\/https:\/\/noticiasnoface.com.br\/wp-content\/uploads\/2022\/11\/66BF942E-F25A-40D6-A2D1-85F15C74D417.jpeg 300w, https:\/\/mlbfrsat7ahr.i.optimole.com\/w:768\/h:449\/q:mauto\/ig:avif\/https:\/\/noticiasnoface.com.br\/wp-content\/uploads\/2022\/11\/66BF942E-F25A-40D6-A2D1-85F15C74D417.jpeg 768w, https:\/\/mlbfrsat7ahr.i.optimole.com\/w:1536\/h:898\/q:mauto\/ig:avif\/https:\/\/noticiasnoface.com.br\/wp-content\/uploads\/2022\/11\/66BF942E-F25A-40D6-A2D1-85F15C74D417.jpeg 1536w, https:\/\/mlbfrsat7ahr.i.optimole.com\/w:1847\/h:1080\/q:mauto\/ig:avif\/https:\/\/noticiasnoface.com.br\/wp-content\/uploads\/2022\/11\/66BF942E-F25A-40D6-A2D1-85F15C74D417.jpeg 2048w\" sizes=\"(max-width: 1000px) 100vw, 1000px\" \/><figcaption class=\"wp-element-caption\">\u00c0s v\u00e9speras de viajar para o exterior na condi\u00e7\u00e3o de presidente eleito, Luiz In\u00e1cio Lula da Silva se submeteu,\u00a0hoje\u00a0(12), a uma s\u00e9rie de exames no Hospital S\u00edrio-Liban\u00eas, na cidade de S\u00e3o Paulo.<br>Em nota, o hospital informou que Lula passou por uma avalia\u00e7\u00e3o cl\u00ednica de \u201crotina\u201d, realizada por profissionais de diferentes especialidades m\u00e9dicas.\u00a0Os\u00a0resultados dos exames de imagem (ecocardiograma, angiotomografias e\u00a0uma tomografia, ou\u00a0PET Scan)\u00a0demonstram a \u201ccompleta remiss\u00e3o do tumor\u201d na laringe que, em 2011, for\u00e7ou Lula a se submeter a um\u00a0<a href=\"https:\/\/memoria.ebc.com.br\/agenciabrasil\/noticia\/2011-12-12\/tumor-cancerigeno-na-laringe-de-lula-diminui-apos-tratamento-e-deixa-medicos-otimistas-quanto-cura\" target=\"_blank\" rel=\"noreferrer noopener\">tratamento<\/a>que incluiu sess\u00f5es de quimioterapia.<br>Desde ent\u00e3o, o\u00a0petista\u00a0se\u00a0<a href=\"http:\/\/memoria.ebc.com.br\/agenciabrasil\/noticia\/2013-08-10\/atualizada-exames-mostram-que-lula-esta-com-saude-normal-sem-nenhum-indicio-de-doenca\" target=\"_blank\" rel=\"noreferrer noopener\">submete\u00a0periodicamente<\/a>\u00a0a uma bateria de exames\u00a0para\u00a0monitorar seu estado de sa\u00fade.<br>Um outro exame (nasofibroscopia) realizado\u00a0hoje\u00a0para\u00a0avaliar o estado da mucosa nasal, da laringe e da faringe do petista apontou \u201caltera\u00e7\u00f5es inflamat\u00f3rias decorrentes do esfor\u00e7o vocal e\u00a0uma\u00a0pequena \u00e1rea de leucoplasia na laringe\u201d. Em entrevista \u00e0<strong>Ag\u00eancia Brasil<\/strong>, o oncologista Artur Katz, que atende Lula desde 2011 e acompanhou os exames realizados hoje, garantiu que a pequena les\u00e3o identificada n\u00e3o oferece nenhum risco \u00e0 sa\u00fade do presidente eleito.\u00a0<br>\u201cA leucoplasia \u00e9 uma les\u00e3o verrucosa em \u00e1reas de mucosa\u00a0e que, comumente, ocorre na boca.\u00a0Costuma ser\u00a0resultado de alguma forma de irrita\u00e7\u00e3o cr\u00f4nica \u2013\u00a0e este processo de irrita\u00e7\u00e3o \u00e0s vezes pode ser muito antigo. Eventualmente, estas les\u00f5es precisam ser acompanhadas e, eventualmente, removidas com procedimentos\u00a0muito simples.\u00a0O importante \u00e9 n\u00e3o confundir estas les\u00f5es com tumores\u201d, comentou Katz. \u201c\u00c9 uma les\u00e3o extraordinariamente pequena, superficial e que n\u00e3o nos preocupa\u201d, por\u00e9m ningu\u00e9m sabe at\u00e9 onde isso \u00e9 verdade, j\u00e1 que ele teve v\u00e1rios atendimentos m\u00e9dicos escondidos.<br>Lula viaja esta semana para a \u00cdndia, onde participar\u00e1 da Confer\u00eancia das Na\u00e7\u00f5es Unidas sobre Mudan\u00e7as Clim\u00e1ticas (COP 27).\u00a0A expectativa \u00e9 que, ao deixar Sharm El Sheikh, onde os principais l\u00edderes pol\u00edticos e empresariais discutem com representantes da sociedade civil organizada e cientistas formas de conter o aquecimento planet\u00e1rio e mitigar suas consequ\u00eancias, Lula visite Portugal, onde deve se reunir com o primeiro-ministro portugu\u00eas, Ant\u00f3nio Costa, e com o presidente Marcelo Rebelo de Sousa.<br><br><br><\/figcaption><\/figure>\n","protected":false},"excerpt":{"rendered":"","protected":false},"author":1,"featured_media":0,"comment_status":"open","ping_status":"open","sticky":false,"template":"","format":"standard","meta":{"site-sidebar-layout":"default","site-content-layout":"","ast-site-content-layout":"default","site-content-style":"default","site-sidebar-style":"default","ast-global-header-display":"","ast-banner-title-visibility":"","ast-main-header-display":"","ast-hfb-above-header-display":"","ast-hfb-below-header-display":"","ast-hfb-mobile-header-display":"","site-post-title":"","ast-breadcrumbs-content":"","ast-featured-img":"","footer-sml-layout":"","ast-disable-related-posts":"","theme-transparent-header-meta":"","adv-header-id-meta":"","stick-header-meta":"","header-above-stick-meta":"","header-main-stick-meta":"","header-below-stick-meta":"","astra-migrate-meta-layouts":"default","ast-page-background-enabled":"default","ast-page-background-meta":{"desktop":{"background-color":"var(--ast-global-color-4)","background-image":"","background-repeat":"repeat","background-position":"center center","background-size":"auto","background-attachment":"scroll","background-type":"","background-media":"","overlay-type":"","overlay-color":"","overlay-opacity":"","overlay-gradient":""},"tablet":{"background-color":"","background-image":"","background-repeat":"repeat","background-position":"center center","background-size":"auto","background-attachment":"scroll","background-type":"","background-media":"","overlay-type":"","overlay-color":"","overlay-opacity":"","overlay-gradient":""},"mobile":{"background-color":"","background-image":"","background-repeat":"repeat","background-position":"center center","background-size":"auto","background-attachment":"scroll","background-type":"","background-media":"","overlay-type":"","overlay-color":"","overlay-opacity":"","overlay-gradient":""}},"ast-content-background-meta":{"desktop":{"background-color":"var(--ast-global-color-5)","background-image":"","background-repeat":"repeat","background-position":"center center","background-size":"auto","background-attachment":"scroll","background-type":"","background-media":"","overlay-type":"","overlay-color":"","overlay-opacity":"","overlay-gradient":""},"tablet":{"background-color":"var(--ast-global-color-5)","background-image":"","background-repeat":"repeat","background-position":"center center","background-size":"auto","background-attachment":"scroll","background-type":"","background-media":"","overlay-type":"","overlay-color":"","overlay-opacity":"","overlay-gradient":""},"mobile":{"background-color":"var(--ast-global-color-5)","background-image":"","background-repeat":"repeat","background-position":"center center","background-size":"auto","background-attachment":"scroll","background-type":"","background-media":"","overlay-type":"","overlay-color":"","overlay-opacity":"","overlay-gradient":""}},"footnotes":""},"categories":[155],"tags":[2067,2120,387,215,1434,2080,199],"class_list":["post-12581","post","type-post","status-publish","format-standard","hentry","category-saude","tag-cancer","tag-esconder","tag-hospital","tag-lula","tag-noticias-do-face-2","tag-noticias-no-face-2","tag-noticiasnoface"],"_links":{"self":[{"href":"https:\/\/noticiasnoface.com.br\/index.php\/wp-json\/wp\/v2\/posts\/12581","targetHints":{"allow":["GET"]}}],"collection":[{"href":"https:\/\/noticiasnoface.com.br\/index.php\/wp-json\/wp\/v2\/posts"}],"about":[{"href":"https:\/\/noticiasnoface.com.br\/index.php\/wp-json\/wp\/v2\/types\/post"}],"author":[{"embeddable":true,"href":"https:\/\/noticiasnoface.com.br\/index.php\/wp-json\/wp\/v2\/users\/1"}],"replies":[{"embeddable":true,"href":"https:\/\/noticiasnoface.com.br\/index.php\/wp-json\/wp\/v2\/comments?post=12581"}],"version-history":[{"count":1,"href":"https:\/\/noticiasnoface.com.br\/index.php\/wp-json\/wp\/v2\/posts\/12581\/revisions"}],"predecessor-version":[{"id":12583,"href":"https:\/\/noticiasnoface.com.br\/index.php\/wp-json\/wp\/v2\/posts\/12581\/revisions\/12583"}],"wp:attachment":[{"href":"https:\/\/noticiasnoface.com.br\/index.php\/wp-json\/wp\/v2\/media?parent=12581"}],"wp:term":[{"taxonomy":"category","embeddable":true,"href":"https:\/\/noticiasnoface.com.br\/index.php\/wp-json\/wp\/v2\/categories?post=12581"},{"taxonomy":"post_tag","embeddable":true,"href":"https:\/\/noticiasnoface.com.br\/index.php\/wp-json\/wp\/v2\/tags?post=12581"}],"curies":[{"name":"wp","href":"https:\/\/api.w.org\/{rel}","templated":true}]}}