{"id":12621,"date":"2022-11-15T16:48:48","date_gmt":"2022-11-15T19:48:48","guid":{"rendered":"https:\/\/noticiasnoface.com.br\/?p=12621"},"modified":"2022-11-15T16:48:49","modified_gmt":"2022-11-15T19:48:49","slug":"alexandre-de-moraes-sai-a-caca-dos-manifestantes-em-todo-brasil","status":"publish","type":"post","link":"https:\/\/noticiasnoface.com.br\/index.php\/2022\/11\/15\/alexandre-de-moraes-sai-a-caca-dos-manifestantes-em-todo-brasil\/","title":{"rendered":"Alexandre de Moraes sai a ca\u00e7a dos manifestantes em todo Brasil"},"content":{"rendered":"\n<figure class=\"wp-block-image size-large\"><img data-opt-id=469196252  fetchpriority=\"high\" decoding=\"async\" width=\"1024\" height=\"682\" src=\"https:\/\/mlbfrsat7ahr.i.optimole.com\/w:1024\/h:682\/q:mauto\/ig:avif\/https:\/\/noticiasnoface.com.br\/wp-content\/uploads\/2022\/11\/F4E40CBF-E67D-41CC-9502-A9ADA9D1120E.jpeg\" alt=\"\" class=\"wp-image-12622\" srcset=\"https:\/\/mlbfrsat7ahr.i.optimole.com\/w:1024\/h:682\/q:mauto\/ig:avif\/https:\/\/noticiasnoface.com.br\/wp-content\/uploads\/2022\/11\/F4E40CBF-E67D-41CC-9502-A9ADA9D1120E.jpeg 1024w, https:\/\/mlbfrsat7ahr.i.optimole.com\/w:300\/h:200\/q:mauto\/ig:avif\/https:\/\/noticiasnoface.com.br\/wp-content\/uploads\/2022\/11\/F4E40CBF-E67D-41CC-9502-A9ADA9D1120E.jpeg 300w, https:\/\/mlbfrsat7ahr.i.optimole.com\/w:768\/h:511\/q:mauto\/ig:avif\/https:\/\/noticiasnoface.com.br\/wp-content\/uploads\/2022\/11\/F4E40CBF-E67D-41CC-9502-A9ADA9D1120E.jpeg 768w, https:\/\/mlbfrsat7ahr.i.optimole.com\/w:1280\/h:852\/q:mauto\/ig:avif\/https:\/\/noticiasnoface.com.br\/wp-content\/uploads\/2022\/11\/F4E40CBF-E67D-41CC-9502-A9ADA9D1120E.jpeg 1280w\" sizes=\"(max-width: 1000px) 100vw, 1000px\" \/><figcaption class=\"wp-element-caption\">Contr\u00e1rio \u00e0s manifesta\u00e7\u00f5es de caminhoneiros no pa\u00eds, o ministro Alexandre de Moraes, do\u00a0<a href=\"https:\/\/portal.stf.jus.br\/\" target=\"_blank\" rel=\"noreferrer noopener\"><strong>Supremo Tribunal Federal<\/strong><\/a>(STF), ampliou a determina\u00e7\u00e3o para que os Estados adotem as medidas necess\u00e1rias para identificar ve\u00edculos e empresas que financiam e oferecem apoio log\u00edstico aos atos.<br>A decis\u00e3o do ministro foi dada na sexta-feira 11 e estende os efeitos da determina\u00e7\u00e3o assinada por ele em 31 de outubro para a desobstru\u00e7\u00e3o das vias federais.<br>No despacho, Moraes afirma que as medidas devem ser tomadas pela Pol\u00edcia Federal, pela Pol\u00edcia Rodovi\u00e1ria Federal e pela Pol\u00edcia Militar dos Estados, para proceder \u00e0 imediata desobstru\u00e7\u00e3o de todas as vias e locais p\u00fablicos que estejam com o tr\u00e2nsito interrompido. A decis\u00e3o ainda prev\u00ea a aplica\u00e7\u00e3o de multa de R$ 100 mil por hora, em caso de descumprimento.<br>\u201cA persist\u00eancia de atos criminosos e antidemocr\u00e1ticos em todo pa\u00eds, contr\u00e1rios \u00e0 democracia, ao Estado de Direito, \u00e0s institui\u00e7\u00f5es e \u00e0 proclama\u00e7\u00e3o do resultado das elei\u00e7\u00f5es gerais de 2022 pelo Tribunal Superior Eleitoral, recomenda a extens\u00e3o da decis\u00e3o cautelar a quaisquer fatos dessa natureza em curso em todo o territ\u00f3rio nacional\u201d, afirma o ministro, no despacho.<br>Moraes determinou ainda que sejam inclu\u00eddos no processo os documentos pelos procuradores-gerais de Justi\u00e7a dos Estados de S\u00e3o Paulo, Santa Catarina e Esp\u00edrito Santo, \u201cmantendo-se sigilo processual sobre elementos informativos que identificam pessoas jur\u00eddicas e f\u00edsicas que, ilicitamente, vem financiando a ocorr\u00eancia de atos criminosos e antidemocr\u00e1ticos\u201d.<br><br>Desde o resultado do segundo turno das elei\u00e7\u00f5es, manifestantes em todo o pa\u00eds protestam contra o resultado das urnas, que determinaram a vit\u00f3ria de Luiz In\u00e1cio Lula da Silva (PT). Nesta ter\u00e7a-feira, 15,\u00a0<a href=\"https:\/\/revistaoeste.com\/politica\/feriado-de-proclamacao-da-republica-e-marcado-por-protestos-contra-lula\/\" target=\"_blank\" rel=\"noreferrer noopener\"><strong>diversos protestos foram registrados<\/strong><\/a>\u00a0em todos os cantos do Brasil.<\/figcaption><\/figure>\n","protected":false},"excerpt":{"rendered":"","protected":false},"author":1,"featured_media":0,"comment_status":"open","ping_status":"open","sticky":false,"template":"","format":"standard","meta":{"site-sidebar-layout":"default","site-content-layout":"","ast-site-content-layout":"default","site-content-style":"default","site-sidebar-style":"default","ast-global-header-display":"","ast-banner-title-visibility":"","ast-main-header-display":"","ast-hfb-above-header-display":"","ast-hfb-below-header-display":"","ast-hfb-mobile-header-display":"","site-post-title":"","ast-breadcrumbs-content":"","ast-featured-img":"","footer-sml-layout":"","ast-disable-related-posts":"","theme-transparent-header-meta":"","adv-header-id-meta":"","stick-header-meta":"","header-above-stick-meta":"","header-main-stick-meta":"","header-below-stick-meta":"","astra-migrate-meta-layouts":"default","ast-page-background-enabled":"default","ast-page-background-meta":{"desktop":{"background-color":"var(--ast-global-color-4)","background-image":"","background-repeat":"repeat","background-position":"center center","background-size":"auto","background-attachment":"scroll","background-type":"","background-media":"","overlay-type":"","overlay-color":"","overlay-opacity":"","overlay-gradient":""},"tablet":{"background-color":"","background-image":"","background-repeat":"repeat","background-position":"center center","background-size":"auto","background-attachment":"scroll","background-type":"","background-media":"","overlay-type":"","overlay-color":"","overlay-opacity":"","overlay-gradient":""},"mobile":{"background-color":"","background-image":"","background-repeat":"repeat","background-position":"center center","background-size":"auto","background-attachment":"scroll","background-type":"","background-media":"","overlay-type":"","overlay-color":"","overlay-opacity":"","overlay-gradient":""}},"ast-content-background-meta":{"desktop":{"background-color":"var(--ast-global-color-5)","background-image":"","background-repeat":"repeat","background-position":"center center","background-size":"auto","background-attachment":"scroll","background-type":"","background-media":"","overlay-type":"","overlay-color":"","overlay-opacity":"","overlay-gradient":""},"tablet":{"background-color":"var(--ast-global-color-5)","background-image":"","background-repeat":"repeat","background-position":"center center","background-size":"auto","background-attachment":"scroll","background-type":"","background-media":"","overlay-type":"","overlay-color":"","overlay-opacity":"","overlay-gradient":""},"mobile":{"background-color":"var(--ast-global-color-5)","background-image":"","background-repeat":"repeat","background-position":"center center","background-size":"auto","background-attachment":"scroll","background-type":"","background-media":"","overlay-type":"","overlay-color":"","overlay-opacity":"","overlay-gradient":""}},"footnotes":""},"categories":[517],"tags":[2037,126,22],"class_list":["post-12621","post","type-post","status-publish","format-standard","hentry","category-aconteceu","tag-manifestacoes","tag-ministro-alexandre-de-moraes","tag-noticias-no-face"],"_links":{"self":[{"href":"https:\/\/noticiasnoface.com.br\/index.php\/wp-json\/wp\/v2\/posts\/12621","targetHints":{"allow":["GET"]}}],"collection":[{"href":"https:\/\/noticiasnoface.com.br\/index.php\/wp-json\/wp\/v2\/posts"}],"about":[{"href":"https:\/\/noticiasnoface.com.br\/index.php\/wp-json\/wp\/v2\/types\/post"}],"author":[{"embeddable":true,"href":"https:\/\/noticiasnoface.com.br\/index.php\/wp-json\/wp\/v2\/users\/1"}],"replies":[{"embeddable":true,"href":"https:\/\/noticiasnoface.com.br\/index.php\/wp-json\/wp\/v2\/comments?post=12621"}],"version-history":[{"count":1,"href":"https:\/\/noticiasnoface.com.br\/index.php\/wp-json\/wp\/v2\/posts\/12621\/revisions"}],"predecessor-version":[{"id":12623,"href":"https:\/\/noticiasnoface.com.br\/index.php\/wp-json\/wp\/v2\/posts\/12621\/revisions\/12623"}],"wp:attachment":[{"href":"https:\/\/noticiasnoface.com.br\/index.php\/wp-json\/wp\/v2\/media?parent=12621"}],"wp:term":[{"taxonomy":"category","embeddable":true,"href":"https:\/\/noticiasnoface.com.br\/index.php\/wp-json\/wp\/v2\/categories?post=12621"},{"taxonomy":"post_tag","embeddable":true,"href":"https:\/\/noticiasnoface.com.br\/index.php\/wp-json\/wp\/v2\/tags?post=12621"}],"curies":[{"name":"wp","href":"https:\/\/api.w.org\/{rel}","templated":true}]}}