{"id":12638,"date":"2022-11-16T09:35:05","date_gmt":"2022-11-16T12:35:05","guid":{"rendered":"https:\/\/noticiasnoface.com.br\/?p=12638"},"modified":"2022-11-16T09:36:30","modified_gmt":"2022-11-16T12:36:30","slug":"veja-quem-foi-o-vereador-acusado-de-roubar-material-de-construcao","status":"publish","type":"post","link":"https:\/\/noticiasnoface.com.br\/index.php\/2022\/11\/16\/veja-quem-foi-o-vereador-acusado-de-roubar-material-de-construcao\/","title":{"rendered":"Mas omi, que merda tu fizesse?"},"content":{"rendered":"\n<figure class=\"wp-block-image size-full\"><img data-opt-id=801192782  fetchpriority=\"high\" decoding=\"async\" width=\"638\" height=\"336\" src=\"https:\/\/mlbfrsat7ahr.i.optimole.com\/w:auto\/h:auto\/q:mauto\/ig:avif\/https:\/\/noticiasnoface.com.br\/wp-content\/uploads\/2022\/11\/E8511921-A0CB-475A-886E-F7B01C97D95F.jpeg\" alt=\"\" class=\"wp-image-12639\" srcset=\"https:\/\/mlbfrsat7ahr.i.optimole.com\/w:638\/h:336\/q:mauto\/ig:avif\/https:\/\/noticiasnoface.com.br\/wp-content\/uploads\/2022\/11\/E8511921-A0CB-475A-886E-F7B01C97D95F.jpeg 638w, https:\/\/mlbfrsat7ahr.i.optimole.com\/w:300\/h:158\/q:mauto\/ig:avif\/https:\/\/noticiasnoface.com.br\/wp-content\/uploads\/2022\/11\/E8511921-A0CB-475A-886E-F7B01C97D95F.jpeg 300w\" sizes=\"(max-width: 638px) 100vw, 638px\" \/><figcaption class=\"wp-element-caption\">Vergonha P\u00fablica na cidade de Extremoz<br \/><br \/><br \/>Vereador de Extremoz \u00e9 denunciado por roubo de material de obras p\u00fablicas usadas em cal\u00e7amento de ruas<br \/><br \/>Alexandre Ramalho \u00e9 morador em Santa Maria onde aconteceu os furtos de materiais diversas vezes. Ele foi acusado e flagrado por moradores nas redes sociais por roubo de material de constru\u00e7\u00e3o de obras de cal\u00e7amento. Se comportando de forma muito nervoso o Ramalho gravou um v\u00eddeo se justificando, mas n\u00e3o colou sua vers\u00e3o.Alexandre j\u00e1 foi acusado de envolvimento em outras falcatruas. Ele tamb\u00e9m \u00e9 acusado de n\u00e3o d\u00e1 expediente em outra fun\u00e7\u00e3o que assume mesmo sendo vereador na qual n\u00e3o trabalha. Seu irm\u00e3o, tio, irm\u00e3 e filha tamb\u00e9m recebem por cargos no munic\u00edpio sem d\u00e1 expediente. Ele gravou um v\u00eddeo que teve repercuss\u00e3o nas redes sociais hoje onde tenta se explicar. Um morador de nome Silvio Santos tamb\u00e9m fez uma den\u00fancia no Facebook e gravou video, onde tamb\u00e9m amea\u00e7ou den\u00fanciar o vereador e pedir a cassa\u00e7\u00e3o do seu mandato no Minist\u00e9rio P\u00fablico.A mat\u00e9ria sobre o furto foi divulgada em um dos jornais mais respeitados do munic\u00edpio atrav\u00e9s da CINE TV RN, que n\u00e3o informou suspeitas sobre o roubo, apenas deu detalhes do assunto e pediu ajuda da popula\u00e7\u00e3o para den\u00fanciar. A not\u00edcia gerou grande repercuss\u00e3o.<\/figcaption><\/figure>\n","protected":false},"excerpt":{"rendered":"","protected":false},"author":1,"featured_media":0,"comment_status":"open","ping_status":"open","sticky":false,"template":"","format":"standard","meta":{"site-sidebar-layout":"default","site-content-layout":"","ast-site-content-layout":"default","site-content-style":"default","site-sidebar-style":"default","ast-global-header-display":"","ast-banner-title-visibility":"","ast-main-header-display":"","ast-hfb-above-header-display":"","ast-hfb-below-header-display":"","ast-hfb-mobile-header-display":"","site-post-title":"","ast-breadcrumbs-content":"","ast-featured-img":"","footer-sml-layout":"","ast-disable-related-posts":"","theme-transparent-header-meta":"","adv-header-id-meta":"","stick-header-meta":"","header-above-stick-meta":"","header-main-stick-meta":"","header-below-stick-meta":"","astra-migrate-meta-layouts":"default","ast-page-background-enabled":"default","ast-page-background-meta":{"desktop":{"background-color":"var(--ast-global-color-4)","background-image":"","background-repeat":"repeat","background-position":"center center","background-size":"auto","background-attachment":"scroll","background-type":"","background-media":"","overlay-type":"","overlay-color":"","overlay-opacity":"","overlay-gradient":""},"tablet":{"background-color":"","background-image":"","background-repeat":"repeat","background-position":"center center","background-size":"auto","background-attachment":"scroll","background-type":"","background-media":"","overlay-type":"","overlay-color":"","overlay-opacity":"","overlay-gradient":""},"mobile":{"background-color":"","background-image":"","background-repeat":"repeat","background-position":"center center","background-size":"auto","background-attachment":"scroll","background-type":"","background-media":"","overlay-type":"","overlay-color":"","overlay-opacity":"","overlay-gradient":""}},"ast-content-background-meta":{"desktop":{"background-color":"var(--ast-global-color-5)","background-image":"","background-repeat":"repeat","background-position":"center center","background-size":"auto","background-attachment":"scroll","background-type":"","background-media":"","overlay-type":"","overlay-color":"","overlay-opacity":"","overlay-gradient":""},"tablet":{"background-color":"var(--ast-global-color-5)","background-image":"","background-repeat":"repeat","background-position":"center center","background-size":"auto","background-attachment":"scroll","background-type":"","background-media":"","overlay-type":"","overlay-color":"","overlay-opacity":"","overlay-gradient":""},"mobile":{"background-color":"var(--ast-global-color-5)","background-image":"","background-repeat":"repeat","background-position":"center center","background-size":"auto","background-attachment":"scroll","background-type":"","background-media":"","overlay-type":"","overlay-color":"","overlay-opacity":"","overlay-gradient":""}},"footnotes":""},"categories":[517],"tags":[2075,2134,50,199,685,887],"class_list":["post-12638","post","type-post","status-publish","format-standard","hentry","category-aconteceu","tag-extremoz","tag-material-de-construcao","tag-noticias-do-face","tag-noticiasnoface","tag-roubo","tag-vereador"],"_links":{"self":[{"href":"https:\/\/noticiasnoface.com.br\/index.php\/wp-json\/wp\/v2\/posts\/12638","targetHints":{"allow":["GET"]}}],"collection":[{"href":"https:\/\/noticiasnoface.com.br\/index.php\/wp-json\/wp\/v2\/posts"}],"about":[{"href":"https:\/\/noticiasnoface.com.br\/index.php\/wp-json\/wp\/v2\/types\/post"}],"author":[{"embeddable":true,"href":"https:\/\/noticiasnoface.com.br\/index.php\/wp-json\/wp\/v2\/users\/1"}],"replies":[{"embeddable":true,"href":"https:\/\/noticiasnoface.com.br\/index.php\/wp-json\/wp\/v2\/comments?post=12638"}],"version-history":[{"count":2,"href":"https:\/\/noticiasnoface.com.br\/index.php\/wp-json\/wp\/v2\/posts\/12638\/revisions"}],"predecessor-version":[{"id":12641,"href":"https:\/\/noticiasnoface.com.br\/index.php\/wp-json\/wp\/v2\/posts\/12638\/revisions\/12641"}],"wp:attachment":[{"href":"https:\/\/noticiasnoface.com.br\/index.php\/wp-json\/wp\/v2\/media?parent=12638"}],"wp:term":[{"taxonomy":"category","embeddable":true,"href":"https:\/\/noticiasnoface.com.br\/index.php\/wp-json\/wp\/v2\/categories?post=12638"},{"taxonomy":"post_tag","embeddable":true,"href":"https:\/\/noticiasnoface.com.br\/index.php\/wp-json\/wp\/v2\/tags?post=12638"}],"curies":[{"name":"wp","href":"https:\/\/api.w.org\/{rel}","templated":true}]}}