{"id":12674,"date":"2022-11-16T23:01:15","date_gmt":"2022-11-17T02:01:15","guid":{"rendered":"https:\/\/noticiasnoface.com.br\/?p=12674"},"modified":"2022-11-16T23:01:16","modified_gmt":"2022-11-17T02:01:16","slug":"camara-de-natal-aprova-selo-de-responsabilidade-social-parceiros-das-mulheres","status":"publish","type":"post","link":"https:\/\/noticiasnoface.com.br\/index.php\/2022\/11\/16\/camara-de-natal-aprova-selo-de-responsabilidade-social-parceiros-das-mulheres\/","title":{"rendered":"C\u00e2mara de Natal aprova Selo de Responsabilidade Social Parceiros das mulheres"},"content":{"rendered":"\n<figure class=\"wp-block-image size-large\"><img data-opt-id=26067099  fetchpriority=\"high\" decoding=\"async\" width=\"1024\" height=\"682\" src=\"https:\/\/mlbfrsat7ahr.i.optimole.com\/w:1024\/h:682\/q:mauto\/ig:avif\/https:\/\/noticiasnoface.com.br\/wp-content\/uploads\/2022\/11\/5D6CC518-1197-42DF-AC1F-C6CE8AE490A7.jpeg\" alt=\"\" class=\"wp-image-12675\" srcset=\"https:\/\/mlbfrsat7ahr.i.optimole.com\/w:1024\/h:682\/q:mauto\/ig:avif\/https:\/\/noticiasnoface.com.br\/wp-content\/uploads\/2022\/11\/5D6CC518-1197-42DF-AC1F-C6CE8AE490A7.jpeg 1024w, https:\/\/mlbfrsat7ahr.i.optimole.com\/w:300\/h:200\/q:mauto\/ig:avif\/https:\/\/noticiasnoface.com.br\/wp-content\/uploads\/2022\/11\/5D6CC518-1197-42DF-AC1F-C6CE8AE490A7.jpeg 300w, https:\/\/mlbfrsat7ahr.i.optimole.com\/w:768\/h:512\/q:mauto\/ig:avif\/https:\/\/noticiasnoface.com.br\/wp-content\/uploads\/2022\/11\/5D6CC518-1197-42DF-AC1F-C6CE8AE490A7.jpeg 768w, https:\/\/mlbfrsat7ahr.i.optimole.com\/w:1280\/h:853\/q:mauto\/ig:avif\/https:\/\/noticiasnoface.com.br\/wp-content\/uploads\/2022\/11\/5D6CC518-1197-42DF-AC1F-C6CE8AE490A7.jpeg 1280w\" sizes=\"(max-width: 1000px) 100vw, 1000px\" \/><figcaption class=\"wp-element-caption\">Durante a sess\u00e3o ordin\u00e1ria desta quarta-feira (16), a C\u00e2mara Municipal de Natal aprovou, em segunda discuss\u00e3o, o Projeto de Lei n\u00b0 146\/2021, que cria o Selo de Responsabilidade Social Parceiro das Mulheres, certificando empresas que priorizam a contrata\u00e7\u00e3o de mulheres v\u00edtimas de viol\u00eancia dom\u00e9stica. Apresentada pela vereadora Ana Paula (SD), a mat\u00e9ria segue agora para o Executivo Municipal.<br>Pelo texto, o Selo poder\u00e1 ser concedido \u00e0s entidades sociais e governamentais, empresas e outras institui\u00e7\u00f5es que atuam em parceria com o Munic\u00edpio no desenvolvimento de a\u00e7\u00f5es que envolvam a forma\u00e7\u00e3o, qualifica\u00e7\u00e3o, prepara\u00e7\u00e3o e inser\u00e7\u00e3o de mulheres que sofrem viol\u00eancias no mercado de trabalho. &#8220;A responsabilidade social \u00e9 quando institui\u00e7\u00f5es, de forma volunt\u00e1ria, adotam posturas, comportamentos e a\u00e7\u00f5es que promovam o bem-estar dos seus p\u00fablicos interno e externo. Portanto, o objetivo do PL \u00e9 reconhecer essas iniciativas&#8221;, justificou a vereadora Ana Paula.<br>Em seguida, o plen\u00e1rio deu parecer favor\u00e1vel , em segunda discuss\u00e3o, ao Projeto de Lei n\u00b0 238\/2020 que institui no Calend\u00e1rio de Eventos do Munic\u00edpio de Natal o Dia Municipal da Filantropia, a ser celebrado, anualmente, no dia 20 de outubro. &#8220;A prefeitura poder\u00e1, inclusive mediante parcerias com \u00f3rg\u00e3os, institui\u00e7\u00f5es e empresas, promover mobiliza\u00e7\u00f5es, eventos e a\u00e7\u00f5es na data, com a inten\u00e7\u00e3o de conscientizar a popula\u00e7\u00e3o quanto \u00e0 necessidade de apoiar institui\u00e7\u00f5es que tenham atua\u00e7\u00e3o nessa \u00e1rea&#8221;, defendeu o vereador Robson Carvalho (Uni\u00e3o Brasil), autor da proposi\u00e7\u00e3o.\u00a0<br>Tamb\u00e9m \u00e9 dele a autoria do Projeto de Decreto Legislativo n\u00b0 56\/2022, aprovado em regime de urg\u00eancia, que concede o T\u00edtulo de Cidad\u00e3o Natalense ao cantor\u00a0Waldonys Jos\u00e9 Torres de Medeiros, em reconhecimento pelos relevantes servi\u00e7os prestados ao munic\u00edpio. &#8220;O cantor e instrumentista Waldonys, al\u00e9m de piloto acrob\u00e1tico e paraquedista, \u00e9 natural da cidade de Fortaleza, capital do estado do Cear\u00e1. Al\u00e9m das diversas apresenta\u00e7\u00f5es, sejam nos palcos ou no c\u00e9u da capital potiguar, \u00e9 importante destacar a rela\u00e7\u00e3o afetiva deste artista com a cidade de Natal, ao ponto de que no ano de 2022, Waldonys comemorou seu anivers\u00e1rio de 50 anos com um show no Teatro Riachuelo, com o lan\u00e7amento do livro &#8220;Voos por Todos os Cantos&#8221;&#8221;, destacou Robson.<br>Por fim, outros tr\u00eas projetos em segunda discuss\u00e3o foram acatados: PL 707\/2021, do vereador Luciano Nascimento (PTB), que denomina de Pra\u00e7a Maraiza Felipe In\u00e1cio o espa\u00e7o urbano localizado entre a Rua Jos\u00e9 Marins e a Rua Ant\u00f4nio de Almeida, no Bairro Nossa Senhora de Nazar\u00e9; PL 117\/2022, do vereador Hermes C\u00e2mara (PTB), sobre o reconhecimento de utilidade p\u00fablica municipal do Jud\u00f4 Clube Nagashima, e o PL 216\/2022, da vereadora Margarete R\u00e9gia (PROS), que institui o Dia Municipal da Empregada Dom\u00e9stica e da Diarista (a ser celebrado no dia 27 de abril) e o inclui no Calend\u00e1rio de Eventos do Munic\u00edpio.\u00a0<br>\u00a0<br><em>Texto: Junior Martins<br>Fotos: Elp\u00eddio J\u00fanior<\/em><\/figcaption><\/figure>\n\n\n\n<p><\/p>\n","protected":false},"excerpt":{"rendered":"","protected":false},"author":1,"featured_media":0,"comment_status":"open","ping_status":"open","sticky":false,"template":"","format":"standard","meta":{"site-sidebar-layout":"default","site-content-layout":"","ast-site-content-layout":"default","site-content-style":"default","site-sidebar-style":"default","ast-global-header-display":"","ast-banner-title-visibility":"","ast-main-header-display":"","ast-hfb-above-header-display":"","ast-hfb-below-header-display":"","ast-hfb-mobile-header-display":"","site-post-title":"","ast-breadcrumbs-content":"","ast-featured-img":"","footer-sml-layout":"","ast-disable-related-posts":"","theme-transparent-header-meta":"","adv-header-id-meta":"","stick-header-meta":"","header-above-stick-meta":"","header-main-stick-meta":"","header-below-stick-meta":"","astra-migrate-meta-layouts":"default","ast-page-background-enabled":"default","ast-page-background-meta":{"desktop":{"background-color":"var(--ast-global-color-4)","background-image":"","background-repeat":"repeat","background-position":"center center","background-size":"auto","background-attachment":"scroll","background-type":"","background-media":"","overlay-type":"","overlay-color":"","overlay-opacity":"","overlay-gradient":""},"tablet":{"background-color":"","background-image":"","background-repeat":"repeat","background-position":"center center","background-size":"auto","background-attachment":"scroll","background-type":"","background-media":"","overlay-type":"","overlay-color":"","overlay-opacity":"","overlay-gradient":""},"mobile":{"background-color":"","background-image":"","background-repeat":"repeat","background-position":"center center","background-size":"auto","background-attachment":"scroll","background-type":"","background-media":"","overlay-type":"","overlay-color":"","overlay-opacity":"","overlay-gradient":""}},"ast-content-background-meta":{"desktop":{"background-color":"var(--ast-global-color-5)","background-image":"","background-repeat":"repeat","background-position":"center center","background-size":"auto","background-attachment":"scroll","background-type":"","background-media":"","overlay-type":"","overlay-color":"","overlay-opacity":"","overlay-gradient":""},"tablet":{"background-color":"var(--ast-global-color-5)","background-image":"","background-repeat":"repeat","background-position":"center center","background-size":"auto","background-attachment":"scroll","background-type":"","background-media":"","overlay-type":"","overlay-color":"","overlay-opacity":"","overlay-gradient":""},"mobile":{"background-color":"var(--ast-global-color-5)","background-image":"","background-repeat":"repeat","background-position":"center center","background-size":"auto","background-attachment":"scroll","background-type":"","background-media":"","overlay-type":"","overlay-color":"","overlay-opacity":"","overlay-gradient":""}},"footnotes":""},"categories":[517],"tags":[],"class_list":["post-12674","post","type-post","status-publish","format-standard","hentry","category-aconteceu"],"_links":{"self":[{"href":"https:\/\/noticiasnoface.com.br\/index.php\/wp-json\/wp\/v2\/posts\/12674","targetHints":{"allow":["GET"]}}],"collection":[{"href":"https:\/\/noticiasnoface.com.br\/index.php\/wp-json\/wp\/v2\/posts"}],"about":[{"href":"https:\/\/noticiasnoface.com.br\/index.php\/wp-json\/wp\/v2\/types\/post"}],"author":[{"embeddable":true,"href":"https:\/\/noticiasnoface.com.br\/index.php\/wp-json\/wp\/v2\/users\/1"}],"replies":[{"embeddable":true,"href":"https:\/\/noticiasnoface.com.br\/index.php\/wp-json\/wp\/v2\/comments?post=12674"}],"version-history":[{"count":1,"href":"https:\/\/noticiasnoface.com.br\/index.php\/wp-json\/wp\/v2\/posts\/12674\/revisions"}],"predecessor-version":[{"id":12676,"href":"https:\/\/noticiasnoface.com.br\/index.php\/wp-json\/wp\/v2\/posts\/12674\/revisions\/12676"}],"wp:attachment":[{"href":"https:\/\/noticiasnoface.com.br\/index.php\/wp-json\/wp\/v2\/media?parent=12674"}],"wp:term":[{"taxonomy":"category","embeddable":true,"href":"https:\/\/noticiasnoface.com.br\/index.php\/wp-json\/wp\/v2\/categories?post=12674"},{"taxonomy":"post_tag","embeddable":true,"href":"https:\/\/noticiasnoface.com.br\/index.php\/wp-json\/wp\/v2\/tags?post=12674"}],"curies":[{"name":"wp","href":"https:\/\/api.w.org\/{rel}","templated":true}]}}