{"id":12682,"date":"2022-11-17T10:33:38","date_gmt":"2022-11-17T13:33:38","guid":{"rendered":"https:\/\/noticiasnoface.com.br\/?p=12682"},"modified":"2022-11-17T10:41:49","modified_gmt":"2022-11-17T13:41:49","slug":"prf-podera-ter-o-primeiro-diretor-geral-gay","status":"publish","type":"post","link":"https:\/\/noticiasnoface.com.br\/index.php\/2022\/11\/17\/prf-podera-ter-o-primeiro-diretor-geral-gay\/","title":{"rendered":"PRF poder\u00e1 ter o primeiro diretor Geral Gay organizador da marcha da Maconha"},"content":{"rendered":"\n<figure class=\"wp-block-image size-full\"><img data-opt-id=588779412  fetchpriority=\"high\" decoding=\"async\" width=\"845\" height=\"502\" src=\"https:\/\/mlbfrsat7ahr.i.optimole.com\/w:auto\/h:auto\/q:mauto\/ig:avif\/https:\/\/noticiasnoface.com.br\/wp-content\/uploads\/2022\/11\/B0F60662-C7E6-46F8-962F-627C4D0801EB.jpeg\" alt=\"\" class=\"wp-image-12683\" srcset=\"https:\/\/mlbfrsat7ahr.i.optimole.com\/w:845\/h:502\/q:mauto\/ig:avif\/https:\/\/noticiasnoface.com.br\/wp-content\/uploads\/2022\/11\/B0F60662-C7E6-46F8-962F-627C4D0801EB.jpeg 845w, https:\/\/mlbfrsat7ahr.i.optimole.com\/w:300\/h:178\/q:mauto\/ig:avif\/https:\/\/noticiasnoface.com.br\/wp-content\/uploads\/2022\/11\/B0F60662-C7E6-46F8-962F-627C4D0801EB.jpeg 300w, https:\/\/mlbfrsat7ahr.i.optimole.com\/w:768\/h:456\/q:mauto\/ig:avif\/https:\/\/noticiasnoface.com.br\/wp-content\/uploads\/2022\/11\/B0F60662-C7E6-46F8-962F-627C4D0801EB.jpeg 768w\" sizes=\"(max-width: 845px) 100vw, 845px\" \/><figcaption class=\"wp-element-caption\">Policial Federal h\u00e1 17 anos, Fabr\u00edcio Rosa, \u00e9 um dos nomes mais robusto para assumir a dire\u00e7\u00e3o-geral da PRF na gest\u00e3o do presidente eleito Luiz In\u00e1cio Lula da Silva (PT). Doutorando em Direitos Humanos, Rosa \u00e9 gay e um dos diretores da Rede Nacional de Operadores de Seguran\u00e7a P\u00fablica LGBTQI+, composta por policiais gays, l\u00e9sbicas, bissexuais, travesti e transexuais que combatem a LGBTfobia institucional na corpora\u00e7\u00e3o, Rosa tamb\u00e9m \u00e9 organizador da Marcha da Maconha em v\u00e1rios estados.<br \/>Engajado no campo progressista, Fabr\u00edcio comenta que existe um movimento equalizado para construir uma atua\u00e7\u00e3o uniforme dentro da Pol\u00edcia Rodovi\u00e1ria Federal (PRF). Ele tem dialogado com sindicalistas, pesquisadores do campo da seguran\u00e7a p\u00fablica, deputados, senadores e com a pr\u00f3pria PRF para construir um programa que d\u00ea paridade e que atue de forma plural dentro da institui\u00e7\u00e3o. \u201cPrecisamos de uma pol\u00edcia que ou\u00e7a a sociedade, que valorize o absoluto comprimento da legalidade, isso significa que n\u00e3o importa se o policial \u00e9 de esquerda ou de direita, mas ele tem que cumprir a legalidade\u201d, pondera.<\/figcaption><\/figure>\n","protected":false},"excerpt":{"rendered":"","protected":false},"author":1,"featured_media":0,"comment_status":"open","ping_status":"open","sticky":false,"template":"","format":"standard","meta":{"site-sidebar-layout":"default","site-content-layout":"","ast-site-content-layout":"default","site-content-style":"default","site-sidebar-style":"default","ast-global-header-display":"","ast-banner-title-visibility":"","ast-main-header-display":"","ast-hfb-above-header-display":"","ast-hfb-below-header-display":"","ast-hfb-mobile-header-display":"","site-post-title":"","ast-breadcrumbs-content":"","ast-featured-img":"","footer-sml-layout":"","ast-disable-related-posts":"","theme-transparent-header-meta":"","adv-header-id-meta":"","stick-header-meta":"","header-above-stick-meta":"","header-main-stick-meta":"","header-below-stick-meta":"","astra-migrate-meta-layouts":"default","ast-page-background-enabled":"default","ast-page-background-meta":{"desktop":{"background-color":"var(--ast-global-color-4)","background-image":"","background-repeat":"repeat","background-position":"center center","background-size":"auto","background-attachment":"scroll","background-type":"","background-media":"","overlay-type":"","overlay-color":"","overlay-opacity":"","overlay-gradient":""},"tablet":{"background-color":"","background-image":"","background-repeat":"repeat","background-position":"center center","background-size":"auto","background-attachment":"scroll","background-type":"","background-media":"","overlay-type":"","overlay-color":"","overlay-opacity":"","overlay-gradient":""},"mobile":{"background-color":"","background-image":"","background-repeat":"repeat","background-position":"center center","background-size":"auto","background-attachment":"scroll","background-type":"","background-media":"","overlay-type":"","overlay-color":"","overlay-opacity":"","overlay-gradient":""}},"ast-content-background-meta":{"desktop":{"background-color":"var(--ast-global-color-5)","background-image":"","background-repeat":"repeat","background-position":"center center","background-size":"auto","background-attachment":"scroll","background-type":"","background-media":"","overlay-type":"","overlay-color":"","overlay-opacity":"","overlay-gradient":""},"tablet":{"background-color":"var(--ast-global-color-5)","background-image":"","background-repeat":"repeat","background-position":"center center","background-size":"auto","background-attachment":"scroll","background-type":"","background-media":"","overlay-type":"","overlay-color":"","overlay-opacity":"","overlay-gradient":""},"mobile":{"background-color":"var(--ast-global-color-5)","background-image":"","background-repeat":"repeat","background-position":"center center","background-size":"auto","background-attachment":"scroll","background-type":"","background-media":"","overlay-type":"","overlay-color":"","overlay-opacity":"","overlay-gradient":""}},"footnotes":""},"categories":[517],"tags":[2144,79,50,22,199,136],"class_list":["post-12682","post","type-post","status-publish","format-standard","hentry","category-aconteceu","tag-diretor-geral","tag-gay","tag-noticias-do-face","tag-noticias-no-face","tag-noticiasnoface","tag-prf"],"_links":{"self":[{"href":"https:\/\/noticiasnoface.com.br\/index.php\/wp-json\/wp\/v2\/posts\/12682","targetHints":{"allow":["GET"]}}],"collection":[{"href":"https:\/\/noticiasnoface.com.br\/index.php\/wp-json\/wp\/v2\/posts"}],"about":[{"href":"https:\/\/noticiasnoface.com.br\/index.php\/wp-json\/wp\/v2\/types\/post"}],"author":[{"embeddable":true,"href":"https:\/\/noticiasnoface.com.br\/index.php\/wp-json\/wp\/v2\/users\/1"}],"replies":[{"embeddable":true,"href":"https:\/\/noticiasnoface.com.br\/index.php\/wp-json\/wp\/v2\/comments?post=12682"}],"version-history":[{"count":4,"href":"https:\/\/noticiasnoface.com.br\/index.php\/wp-json\/wp\/v2\/posts\/12682\/revisions"}],"predecessor-version":[{"id":12687,"href":"https:\/\/noticiasnoface.com.br\/index.php\/wp-json\/wp\/v2\/posts\/12682\/revisions\/12687"}],"wp:attachment":[{"href":"https:\/\/noticiasnoface.com.br\/index.php\/wp-json\/wp\/v2\/media?parent=12682"}],"wp:term":[{"taxonomy":"category","embeddable":true,"href":"https:\/\/noticiasnoface.com.br\/index.php\/wp-json\/wp\/v2\/categories?post=12682"},{"taxonomy":"post_tag","embeddable":true,"href":"https:\/\/noticiasnoface.com.br\/index.php\/wp-json\/wp\/v2\/tags?post=12682"}],"curies":[{"name":"wp","href":"https:\/\/api.w.org\/{rel}","templated":true}]}}