{"id":12714,"date":"2022-11-18T09:41:26","date_gmt":"2022-11-18T12:41:26","guid":{"rendered":"https:\/\/noticiasnoface.com.br\/?p=12714"},"modified":"2022-11-18T09:42:24","modified_gmt":"2022-11-18T12:42:24","slug":"urgente-bolsonaro-da-entrada-no-hospital-das-forcas-armadas","status":"publish","type":"post","link":"https:\/\/noticiasnoface.com.br\/index.php\/2022\/11\/18\/urgente-bolsonaro-da-entrada-no-hospital-das-forcas-armadas\/","title":{"rendered":"Urgente- Bolsonaro da entrada no hospital das for\u00e7as armadas"},"content":{"rendered":"\n<figure class=\"wp-block-image size-full\"><img data-opt-id=979602481  fetchpriority=\"high\" decoding=\"async\" width=\"679\" height=\"452\" src=\"https:\/\/mlbfrsat7ahr.i.optimole.com\/w:auto\/h:auto\/q:mauto\/ig:avif\/https:\/\/noticiasnoface.com.br\/wp-content\/uploads\/2022\/11\/0D14CB24-5830-4520-8886-1517E65CA053.jpeg\" alt=\"\" class=\"wp-image-12715\" srcset=\"https:\/\/mlbfrsat7ahr.i.optimole.com\/w:679\/h:452\/q:mauto\/ig:avif\/https:\/\/noticiasnoface.com.br\/wp-content\/uploads\/2022\/11\/0D14CB24-5830-4520-8886-1517E65CA053.jpeg 679w, https:\/\/mlbfrsat7ahr.i.optimole.com\/w:300\/h:200\/q:mauto\/ig:avif\/https:\/\/noticiasnoface.com.br\/wp-content\/uploads\/2022\/11\/0D14CB24-5830-4520-8886-1517E65CA053.jpeg 300w\" sizes=\"(max-width: 679px) 100vw, 679px\" \/><figcaption class=\"wp-element-caption\">O presidente Jair Bolsonaro (PL) deu entrada no Hospital das For\u00e7as Armadas na noite de ontem, em Bras\u00edlia (DF). Segundo confirmaram ao Estad\u00e3o\/Broadcast Pol\u00edtico fontes do Gabinete de Seguran\u00e7a Institucional, o chefe do Executivo sentiu fortes dores na regi\u00e3o abdominal e est\u00e1 realizando exames. Uma nova cirurgia ainda \u00e9 avaliada.\u00a0<br>A not\u00edcia \u00e9 do Jornal Estad\u00e3o. Bolsonaro foi atingido por uma facada em 6 se setembro de 2018 em ato de campanha em Juiz de Fora (MG). Desde ent\u00e3o, j\u00e1 passou por quatro cirurgias. Em janeiro do ano passado, o presidente Jair Bolsonaro (PL) permaneceu dois dias internado no hospital Vila Nova Star, em S\u00e3o Paulo, tratando uma obstru\u00e7\u00e3o intestinal. Esta imagem foi publicada pelo chefe do Executivo no Twitter pouco antes da alta, dia 5.<br>O diagn\u00f3stico atual \u00e9 de uma nova h\u00e9rnia na cicatriz da cirurgia, que j\u00e1 foi operada uma vez, em 2019. De acordo com informa\u00e7\u00f5es at\u00e9 o momento, o presidente n\u00e3o pretende se submeter a um novo procedimento cir\u00fargico agora, mas o quadro ainda est\u00e1 em avalia\u00e7\u00e3o.<br>Desde que foi derrotado nas urnas na tentativa de reelei\u00e7\u00e3o, Bolsonaro se fechou no Pal\u00e1cio da Alvorada e s\u00f3 apareceu em p\u00fablico uma vez, dois dias depois. Ele tamb\u00e9m esteve no Planalto na semana seguinte de surpresa, em uma r\u00e1pida passagem, quando foi convencido por aliados a dizer para o vice-presidente eleito Geraldo Alckmin (PSB) que est\u00e1 \u00e0 disposi\u00e7\u00e3o para a transi\u00e7\u00e3o.<br>Pessoas pr\u00f3ximas t\u00eam afirmado que o presidente se machucou e desenvolveu uma infec\u00e7\u00e3o na perna, chamada erisipela, mas j\u00e1 estaria melhor e voltaria a despachar presencialmente na pr\u00f3xima semana. O vice-presidente Hamilton Mour\u00e3o, por exemplo, citou a erisipela como motivo do \u201csumi\u00e7o\u201d do presidente.<br>Fonte: Blog do Gustavo Negreiros<\/figcaption><\/figure>\n","protected":false},"excerpt":{"rendered":"","protected":false},"author":1,"featured_media":0,"comment_status":"open","ping_status":"open","sticky":false,"template":"","format":"standard","meta":{"site-sidebar-layout":"default","site-content-layout":"","ast-site-content-layout":"default","site-content-style":"default","site-sidebar-style":"default","ast-global-header-display":"","ast-banner-title-visibility":"","ast-main-header-display":"","ast-hfb-above-header-display":"","ast-hfb-below-header-display":"","ast-hfb-mobile-header-display":"","site-post-title":"","ast-breadcrumbs-content":"","ast-featured-img":"","footer-sml-layout":"","ast-disable-related-posts":"","theme-transparent-header-meta":"","adv-header-id-meta":"","stick-header-meta":"","header-above-stick-meta":"","header-main-stick-meta":"","header-below-stick-meta":"","astra-migrate-meta-layouts":"default","ast-page-background-enabled":"default","ast-page-background-meta":{"desktop":{"background-color":"var(--ast-global-color-4)","background-image":"","background-repeat":"repeat","background-position":"center center","background-size":"auto","background-attachment":"scroll","background-type":"","background-media":"","overlay-type":"","overlay-color":"","overlay-opacity":"","overlay-gradient":""},"tablet":{"background-color":"","background-image":"","background-repeat":"repeat","background-position":"center center","background-size":"auto","background-attachment":"scroll","background-type":"","background-media":"","overlay-type":"","overlay-color":"","overlay-opacity":"","overlay-gradient":""},"mobile":{"background-color":"","background-image":"","background-repeat":"repeat","background-position":"center center","background-size":"auto","background-attachment":"scroll","background-type":"","background-media":"","overlay-type":"","overlay-color":"","overlay-opacity":"","overlay-gradient":""}},"ast-content-background-meta":{"desktop":{"background-color":"var(--ast-global-color-5)","background-image":"","background-repeat":"repeat","background-position":"center center","background-size":"auto","background-attachment":"scroll","background-type":"","background-media":"","overlay-type":"","overlay-color":"","overlay-opacity":"","overlay-gradient":""},"tablet":{"background-color":"var(--ast-global-color-5)","background-image":"","background-repeat":"repeat","background-position":"center center","background-size":"auto","background-attachment":"scroll","background-type":"","background-media":"","overlay-type":"","overlay-color":"","overlay-opacity":"","overlay-gradient":""},"mobile":{"background-color":"var(--ast-global-color-5)","background-image":"","background-repeat":"repeat","background-position":"center center","background-size":"auto","background-attachment":"scroll","background-type":"","background-media":"","overlay-type":"","overlay-color":"","overlay-opacity":"","overlay-gradient":""}},"footnotes":""},"categories":[517],"tags":[8,2151,387,50,22,199,245],"class_list":["post-12714","post","type-post","status-publish","format-standard","hentry","category-aconteceu","tag-bolsonaro","tag-forcas-armadas","tag-hospital","tag-noticias-do-face","tag-noticias-no-face","tag-noticiasnoface","tag-saude"],"_links":{"self":[{"href":"https:\/\/noticiasnoface.com.br\/index.php\/wp-json\/wp\/v2\/posts\/12714","targetHints":{"allow":["GET"]}}],"collection":[{"href":"https:\/\/noticiasnoface.com.br\/index.php\/wp-json\/wp\/v2\/posts"}],"about":[{"href":"https:\/\/noticiasnoface.com.br\/index.php\/wp-json\/wp\/v2\/types\/post"}],"author":[{"embeddable":true,"href":"https:\/\/noticiasnoface.com.br\/index.php\/wp-json\/wp\/v2\/users\/1"}],"replies":[{"embeddable":true,"href":"https:\/\/noticiasnoface.com.br\/index.php\/wp-json\/wp\/v2\/comments?post=12714"}],"version-history":[{"count":1,"href":"https:\/\/noticiasnoface.com.br\/index.php\/wp-json\/wp\/v2\/posts\/12714\/revisions"}],"predecessor-version":[{"id":12716,"href":"https:\/\/noticiasnoface.com.br\/index.php\/wp-json\/wp\/v2\/posts\/12714\/revisions\/12716"}],"wp:attachment":[{"href":"https:\/\/noticiasnoface.com.br\/index.php\/wp-json\/wp\/v2\/media?parent=12714"}],"wp:term":[{"taxonomy":"category","embeddable":true,"href":"https:\/\/noticiasnoface.com.br\/index.php\/wp-json\/wp\/v2\/categories?post=12714"},{"taxonomy":"post_tag","embeddable":true,"href":"https:\/\/noticiasnoface.com.br\/index.php\/wp-json\/wp\/v2\/tags?post=12714"}],"curies":[{"name":"wp","href":"https:\/\/api.w.org\/{rel}","templated":true}]}}