{"id":12732,"date":"2022-11-18T16:18:46","date_gmt":"2022-11-18T19:18:46","guid":{"rendered":"https:\/\/noticiasnoface.com.br\/?p=12732"},"modified":"2022-11-18T16:18:48","modified_gmt":"2022-11-18T19:18:48","slug":"bomba-alexandre-de-moraes-manda-intimar-prefeito-alvaros-dias-por-omissao","status":"publish","type":"post","link":"https:\/\/noticiasnoface.com.br\/index.php\/2022\/11\/18\/bomba-alexandre-de-moraes-manda-intimar-prefeito-alvaros-dias-por-omissao\/","title":{"rendered":"BOMBA- Alexandre de Moraes manda intimar Prefeito \u00c1lvaros Dias por omiss\u00e3o"},"content":{"rendered":"\n<figure class=\"wp-block-image size-large\"><img data-opt-id=99124637  fetchpriority=\"high\" decoding=\"async\" width=\"1024\" height=\"1024\" src=\"https:\/\/mlbfrsat7ahr.i.optimole.com\/w:1024\/h:1024\/q:mauto\/ig:avif\/https:\/\/noticiasnoface.com.br\/wp-content\/uploads\/2022\/11\/993AFDAB-AB36-43AB-9B77-9D015CE8D790.jpeg\" alt=\"\" class=\"wp-image-12733\" srcset=\"https:\/\/mlbfrsat7ahr.i.optimole.com\/w:1024\/h:1024\/q:mauto\/ig:avif\/https:\/\/noticiasnoface.com.br\/wp-content\/uploads\/2022\/11\/993AFDAB-AB36-43AB-9B77-9D015CE8D790.jpeg 1024w, https:\/\/mlbfrsat7ahr.i.optimole.com\/w:300\/h:300\/q:mauto\/ig:avif\/https:\/\/noticiasnoface.com.br\/wp-content\/uploads\/2022\/11\/993AFDAB-AB36-43AB-9B77-9D015CE8D790.jpeg 300w, https:\/\/mlbfrsat7ahr.i.optimole.com\/w:150\/h:150\/q:mauto\/ig:avif\/https:\/\/noticiasnoface.com.br\/wp-content\/uploads\/2022\/11\/993AFDAB-AB36-43AB-9B77-9D015CE8D790.jpeg 150w, https:\/\/mlbfrsat7ahr.i.optimole.com\/w:768\/h:768\/q:mauto\/ig:avif\/https:\/\/noticiasnoface.com.br\/wp-content\/uploads\/2022\/11\/993AFDAB-AB36-43AB-9B77-9D015CE8D790.jpeg 768w, https:\/\/mlbfrsat7ahr.i.optimole.com\/w:1080\/h:1080\/q:mauto\/ig:avif\/https:\/\/noticiasnoface.com.br\/wp-content\/uploads\/2022\/11\/993AFDAB-AB36-43AB-9B77-9D015CE8D790.jpeg 1536w, https:\/\/mlbfrsat7ahr.i.optimole.com\/w:1080\/h:1080\/q:mauto\/ig:avif\/https:\/\/noticiasnoface.com.br\/wp-content\/uploads\/2022\/11\/993AFDAB-AB36-43AB-9B77-9D015CE8D790.jpeg 2048w, https:\/\/mlbfrsat7ahr.i.optimole.com\/w:600\/h:600\/q:mauto\/ig:avif\/https:\/\/noticiasnoface.com.br\/wp-content\/uploads\/2022\/11\/993AFDAB-AB36-43AB-9B77-9D015CE8D790.jpeg 600w\" sizes=\"(max-width: 1000px) 100vw, 1000px\" \/><figcaption class=\"wp-element-caption\">\u00c1lvaro Costa Dias (PSDB-RN) tem 48 horas para se manifestar; MP estadual afirma que pol\u00edtico est\u00e1 descumprindo as ordens de desbloquear trechos onde ocorrem manifesta\u00e7\u00f5es<br>PUBLICIDADEO ministro\u00a0Alexandre de Moraes, do\u00a0Supremo Tribunal Federal (STF), intimou o prefeito de Natal (RN), \u00c1lvaro Costa Dias (PSDB-RN), a se manifestar ap\u00f3s o Minist\u00e9rio P\u00fablico estadual afirmar que o pol\u00edtico est\u00e1 descumprindo as ordens de desbloquear as vias da cidade onde ocorrem manifesta\u00e7\u00f5es.<br><a href=\"http:\/\/www.opatriotastore.com.br\/\" target=\"_blank\" rel=\"noopener\"><\/a><br>O MPRN disse ao Supremo que os manifestantes bloquearam a Avenida Hermes da Fonseca desde que foi divulgado o resultado do segundo turno das elei\u00e7\u00f5es presidenciais.<br><br>\u201cIntime-se, com urg\u00eancia, inclusive por meios eletr\u00f4nicos, o Prefeito de Natal\/RN, sobre a manifesta\u00e7\u00e3o apresentada nos autos pelo Minist\u00e9rio P\u00fablico do Estado do Rio Grande do Norte, para que, em 48 horas apresente as medidas concretas tomadas pela municipalidade, sob pena de responsabilidade\u201d, disse Moraes no despacho.<br>Em outra decis\u00e3o na mesma a\u00e7\u00e3o, o ministro tamb\u00e9m determinou o compartilhamento e envio dos documentos que identificam pessoas jur\u00eddicas e f\u00edsicas que podem ter rela\u00e7\u00e3o com a organiza\u00e7\u00e3o e financiamento de atos criminosos e antidemocr\u00e1ticos.<br>Na quinta-feira (17), Moraes determinou o bloqueio de 43 contas banc\u00e1rias de empresas e pessoas f\u00edsicas suspeitas de financiar atos antidemocr\u00e1ticos, como os\u00a0bloqueios nas estradas\u00a0durante as elei\u00e7\u00f5es.<br>Desde 30 de outubro, apoiadores do presidente\u00a0Jair Bolsonaro\u00a0(PL) paralisaram estradas em todo o Brasil. Os manifestantes tamb\u00e9m se concentraram em frente a quart\u00e9is das\u00a0For\u00e7as Armadas.<\/figcaption><\/figure>\n","protected":false},"excerpt":{"rendered":"","protected":false},"author":1,"featured_media":0,"comment_status":"open","ping_status":"open","sticky":false,"template":"","format":"standard","meta":{"site-sidebar-layout":"default","site-content-layout":"","ast-site-content-layout":"default","site-content-style":"default","site-sidebar-style":"default","ast-global-header-display":"","ast-banner-title-visibility":"","ast-main-header-display":"","ast-hfb-above-header-display":"","ast-hfb-below-header-display":"","ast-hfb-mobile-header-display":"","site-post-title":"","ast-breadcrumbs-content":"","ast-featured-img":"","footer-sml-layout":"","ast-disable-related-posts":"","theme-transparent-header-meta":"","adv-header-id-meta":"","stick-header-meta":"","header-above-stick-meta":"","header-main-stick-meta":"","header-below-stick-meta":"","astra-migrate-meta-layouts":"default","ast-page-background-enabled":"default","ast-page-background-meta":{"desktop":{"background-color":"var(--ast-global-color-4)","background-image":"","background-repeat":"repeat","background-position":"center center","background-size":"auto","background-attachment":"scroll","background-type":"","background-media":"","overlay-type":"","overlay-color":"","overlay-opacity":"","overlay-gradient":""},"tablet":{"background-color":"","background-image":"","background-repeat":"repeat","background-position":"center center","background-size":"auto","background-attachment":"scroll","background-type":"","background-media":"","overlay-type":"","overlay-color":"","overlay-opacity":"","overlay-gradient":""},"mobile":{"background-color":"","background-image":"","background-repeat":"repeat","background-position":"center center","background-size":"auto","background-attachment":"scroll","background-type":"","background-media":"","overlay-type":"","overlay-color":"","overlay-opacity":"","overlay-gradient":""}},"ast-content-background-meta":{"desktop":{"background-color":"var(--ast-global-color-5)","background-image":"","background-repeat":"repeat","background-position":"center center","background-size":"auto","background-attachment":"scroll","background-type":"","background-media":"","overlay-type":"","overlay-color":"","overlay-opacity":"","overlay-gradient":""},"tablet":{"background-color":"var(--ast-global-color-5)","background-image":"","background-repeat":"repeat","background-position":"center center","background-size":"auto","background-attachment":"scroll","background-type":"","background-media":"","overlay-type":"","overlay-color":"","overlay-opacity":"","overlay-gradient":""},"mobile":{"background-color":"var(--ast-global-color-5)","background-image":"","background-repeat":"repeat","background-position":"center center","background-size":"auto","background-attachment":"scroll","background-type":"","background-media":"","overlay-type":"","overlay-color":"","overlay-opacity":"","overlay-gradient":""}},"footnotes":""},"categories":[517],"tags":[126,1434,22,937],"class_list":["post-12732","post","type-post","status-publish","format-standard","hentry","category-aconteceu","tag-ministro-alexandre-de-moraes","tag-noticias-do-face-2","tag-noticias-no-face","tag-prefeito"],"_links":{"self":[{"href":"https:\/\/noticiasnoface.com.br\/index.php\/wp-json\/wp\/v2\/posts\/12732","targetHints":{"allow":["GET"]}}],"collection":[{"href":"https:\/\/noticiasnoface.com.br\/index.php\/wp-json\/wp\/v2\/posts"}],"about":[{"href":"https:\/\/noticiasnoface.com.br\/index.php\/wp-json\/wp\/v2\/types\/post"}],"author":[{"embeddable":true,"href":"https:\/\/noticiasnoface.com.br\/index.php\/wp-json\/wp\/v2\/users\/1"}],"replies":[{"embeddable":true,"href":"https:\/\/noticiasnoface.com.br\/index.php\/wp-json\/wp\/v2\/comments?post=12732"}],"version-history":[{"count":1,"href":"https:\/\/noticiasnoface.com.br\/index.php\/wp-json\/wp\/v2\/posts\/12732\/revisions"}],"predecessor-version":[{"id":12734,"href":"https:\/\/noticiasnoface.com.br\/index.php\/wp-json\/wp\/v2\/posts\/12732\/revisions\/12734"}],"wp:attachment":[{"href":"https:\/\/noticiasnoface.com.br\/index.php\/wp-json\/wp\/v2\/media?parent=12732"}],"wp:term":[{"taxonomy":"category","embeddable":true,"href":"https:\/\/noticiasnoface.com.br\/index.php\/wp-json\/wp\/v2\/categories?post=12732"},{"taxonomy":"post_tag","embeddable":true,"href":"https:\/\/noticiasnoface.com.br\/index.php\/wp-json\/wp\/v2\/tags?post=12732"}],"curies":[{"name":"wp","href":"https:\/\/api.w.org\/{rel}","templated":true}]}}