{"id":12752,"date":"2022-11-20T08:08:09","date_gmt":"2022-11-20T11:08:09","guid":{"rendered":"https:\/\/noticiasnoface.com.br\/?p=12752"},"modified":"2022-11-20T08:08:35","modified_gmt":"2022-11-20T11:08:35","slug":"crianca-e-resgatada-dormindo-na-casa-do-cachorro","status":"publish","type":"post","link":"https:\/\/noticiasnoface.com.br\/index.php\/2022\/11\/20\/crianca-e-resgatada-dormindo-na-casa-do-cachorro\/","title":{"rendered":"Crian\u00e7a \u00e9 resgatada dormindo na casa do cachorro"},"content":{"rendered":"\n<figure class=\"wp-block-image size-large is-resized\"><img data-opt-id=132868401  fetchpriority=\"high\" decoding=\"async\" src=\"https:\/\/mlbfrsat7ahr.i.optimole.com\/w:1024\/h:536\/q:mauto\/ig:avif\/https:\/\/noticiasnoface.com.br\/wp-content\/uploads\/2022\/11\/5D31E05D-8C16-4878-A626-61C1310608F2.jpeg\" alt=\"\" class=\"wp-image-12753\" width=\"167\" height=\"87\" srcset=\"https:\/\/mlbfrsat7ahr.i.optimole.com\/w:1024\/h:536\/q:mauto\/ig:avif\/https:\/\/noticiasnoface.com.br\/wp-content\/uploads\/2022\/11\/5D31E05D-8C16-4878-A626-61C1310608F2.jpeg 1024w, https:\/\/mlbfrsat7ahr.i.optimole.com\/w:300\/h:157\/q:mauto\/ig:avif\/https:\/\/noticiasnoface.com.br\/wp-content\/uploads\/2022\/11\/5D31E05D-8C16-4878-A626-61C1310608F2.jpeg 300w, https:\/\/mlbfrsat7ahr.i.optimole.com\/w:768\/h:402\/q:mauto\/ig:avif\/https:\/\/noticiasnoface.com.br\/wp-content\/uploads\/2022\/11\/5D31E05D-8C16-4878-A626-61C1310608F2.jpeg 768w, https:\/\/mlbfrsat7ahr.i.optimole.com\/w:1200\/h:628\/q:mauto\/ig:avif\/https:\/\/noticiasnoface.com.br\/wp-content\/uploads\/2022\/11\/5D31E05D-8C16-4878-A626-61C1310608F2.jpeg 1200w\" sizes=\"(max-width: 167px) 100vw, 167px\" \/><figcaption class=\"wp-element-caption\">Agentes da pol\u00edcia militar atenderam a um chamado incomum e lament\u00e1vel na cidade de Joinville, Santa Catarina. Uma crian\u00e7a, de aparentemente 10 anos de idade, foi encontrada dormindo em uma casinha de cachorro na rua.Os policiais conversaram com a crian\u00e7a e apuraram que ela n\u00e3o soube informar o paradeiro de seus respons\u00e1veis e se queixou de frio. O menino estava dentro de uma casinha de cachorro, instalada para abrigar c\u00e3es de rua.Ap\u00f3s removerem o menino de dentro da casinha, os policiais acionaram o Conselho Tutelar. A crian\u00e7a ent\u00e3o foi acolhida e encaminhada a atendimento m\u00e9dico. O conselho tutelar foi capaz de identificar o menor.<br \/>Para preservar sua identidade, informa\u00e7\u00f5es detalhadas n\u00e3o foram divulgadas. Ainda segundo o \u00f3rg\u00e3o, a fam\u00edlia da crian\u00e7a j\u00e1 vem sendo assistida e foi informada sobre a situa\u00e7\u00e3o na qual a crian\u00e7a foi encontrada.<\/figcaption><\/figure>\n","protected":false},"excerpt":{"rendered":"","protected":false},"author":1,"featured_media":0,"comment_status":"open","ping_status":"open","sticky":false,"template":"","format":"standard","meta":{"site-sidebar-layout":"default","site-content-layout":"","ast-site-content-layout":"default","site-content-style":"default","site-sidebar-style":"default","ast-global-header-display":"","ast-banner-title-visibility":"","ast-main-header-display":"","ast-hfb-above-header-display":"","ast-hfb-below-header-display":"","ast-hfb-mobile-header-display":"","site-post-title":"","ast-breadcrumbs-content":"","ast-featured-img":"","footer-sml-layout":"","ast-disable-related-posts":"","theme-transparent-header-meta":"","adv-header-id-meta":"","stick-header-meta":"","header-above-stick-meta":"","header-main-stick-meta":"","header-below-stick-meta":"","astra-migrate-meta-layouts":"default","ast-page-background-enabled":"default","ast-page-background-meta":{"desktop":{"background-color":"var(--ast-global-color-4)","background-image":"","background-repeat":"repeat","background-position":"center center","background-size":"auto","background-attachment":"scroll","background-type":"","background-media":"","overlay-type":"","overlay-color":"","overlay-opacity":"","overlay-gradient":""},"tablet":{"background-color":"","background-image":"","background-repeat":"repeat","background-position":"center center","background-size":"auto","background-attachment":"scroll","background-type":"","background-media":"","overlay-type":"","overlay-color":"","overlay-opacity":"","overlay-gradient":""},"mobile":{"background-color":"","background-image":"","background-repeat":"repeat","background-position":"center center","background-size":"auto","background-attachment":"scroll","background-type":"","background-media":"","overlay-type":"","overlay-color":"","overlay-opacity":"","overlay-gradient":""}},"ast-content-background-meta":{"desktop":{"background-color":"var(--ast-global-color-5)","background-image":"","background-repeat":"repeat","background-position":"center center","background-size":"auto","background-attachment":"scroll","background-type":"","background-media":"","overlay-type":"","overlay-color":"","overlay-opacity":"","overlay-gradient":""},"tablet":{"background-color":"var(--ast-global-color-5)","background-image":"","background-repeat":"repeat","background-position":"center center","background-size":"auto","background-attachment":"scroll","background-type":"","background-media":"","overlay-type":"","overlay-color":"","overlay-opacity":"","overlay-gradient":""},"mobile":{"background-color":"var(--ast-global-color-5)","background-image":"","background-repeat":"repeat","background-position":"center center","background-size":"auto","background-attachment":"scroll","background-type":"","background-media":"","overlay-type":"","overlay-color":"","overlay-opacity":"","overlay-gradient":""}},"footnotes":""},"categories":[517],"tags":[2159,1625,50,22],"class_list":["post-12752","post","type-post","status-publish","format-standard","hentry","category-aconteceu","tag-casa-do-cachorro","tag-crianca","tag-noticias-do-face","tag-noticias-no-face"],"_links":{"self":[{"href":"https:\/\/noticiasnoface.com.br\/index.php\/wp-json\/wp\/v2\/posts\/12752","targetHints":{"allow":["GET"]}}],"collection":[{"href":"https:\/\/noticiasnoface.com.br\/index.php\/wp-json\/wp\/v2\/posts"}],"about":[{"href":"https:\/\/noticiasnoface.com.br\/index.php\/wp-json\/wp\/v2\/types\/post"}],"author":[{"embeddable":true,"href":"https:\/\/noticiasnoface.com.br\/index.php\/wp-json\/wp\/v2\/users\/1"}],"replies":[{"embeddable":true,"href":"https:\/\/noticiasnoface.com.br\/index.php\/wp-json\/wp\/v2\/comments?post=12752"}],"version-history":[{"count":3,"href":"https:\/\/noticiasnoface.com.br\/index.php\/wp-json\/wp\/v2\/posts\/12752\/revisions"}],"predecessor-version":[{"id":12757,"href":"https:\/\/noticiasnoface.com.br\/index.php\/wp-json\/wp\/v2\/posts\/12752\/revisions\/12757"}],"wp:attachment":[{"href":"https:\/\/noticiasnoface.com.br\/index.php\/wp-json\/wp\/v2\/media?parent=12752"}],"wp:term":[{"taxonomy":"category","embeddable":true,"href":"https:\/\/noticiasnoface.com.br\/index.php\/wp-json\/wp\/v2\/categories?post=12752"},{"taxonomy":"post_tag","embeddable":true,"href":"https:\/\/noticiasnoface.com.br\/index.php\/wp-json\/wp\/v2\/tags?post=12752"}],"curies":[{"name":"wp","href":"https:\/\/api.w.org\/{rel}","templated":true}]}}