{"id":12758,"date":"2022-11-20T12:35:49","date_gmt":"2022-11-20T15:35:49","guid":{"rendered":"https:\/\/noticiasnoface.com.br\/?p=12758"},"modified":"2022-11-20T12:35:51","modified_gmt":"2022-11-20T15:35:51","slug":"adolescente-morre-de-choque-carregando-o-celular","status":"publish","type":"post","link":"https:\/\/noticiasnoface.com.br\/index.php\/2022\/11\/20\/adolescente-morre-de-choque-carregando-o-celular\/","title":{"rendered":"Adolescente morre de choque carregando o celular"},"content":{"rendered":"\n<figure class=\"wp-block-image size-large\"><img data-opt-id=139194120  fetchpriority=\"high\" decoding=\"async\" width=\"1024\" height=\"1008\" src=\"https:\/\/mlbfrsat7ahr.i.optimole.com\/w:1024\/h:1008\/q:mauto\/ig:avif\/https:\/\/noticiasnoface.com.br\/wp-content\/uploads\/2022\/11\/3F831647-DB64-4727-845B-638283986491.jpeg\" alt=\"\" class=\"wp-image-12759\" srcset=\"https:\/\/mlbfrsat7ahr.i.optimole.com\/w:1024\/h:1008\/q:mauto\/ig:avif\/https:\/\/noticiasnoface.com.br\/wp-content\/uploads\/2022\/11\/3F831647-DB64-4727-845B-638283986491.jpeg 1024w, https:\/\/mlbfrsat7ahr.i.optimole.com\/w:300\/h:295\/q:mauto\/ig:avif\/https:\/\/noticiasnoface.com.br\/wp-content\/uploads\/2022\/11\/3F831647-DB64-4727-845B-638283986491.jpeg 300w, https:\/\/mlbfrsat7ahr.i.optimole.com\/w:768\/h:756\/q:mauto\/ig:avif\/https:\/\/noticiasnoface.com.br\/wp-content\/uploads\/2022\/11\/3F831647-DB64-4727-845B-638283986491.jpeg 768w, https:\/\/mlbfrsat7ahr.i.optimole.com\/w:1096\/h:1080\/q:mauto\/ig:avif\/https:\/\/noticiasnoface.com.br\/wp-content\/uploads\/2022\/11\/3F831647-DB64-4727-845B-638283986491.jpeg 1242w\" sizes=\"(max-width: 1000px) 100vw, 1000px\" \/><figcaption class=\"wp-element-caption\">ADOLESCENTE DE 17 ANOS MORRE V\u00cdTIMA DE DESCARGA EL\u00c9TRICA ENQUANTO CARREGAVA O APARELHO CELULAR<br>Uma adolescente de 17 anos faleceu na noite desse s\u00e1bado, 19\\11\\2022, ap\u00f3s sofrer uma descarga el\u00e9trica na cidade de Bod\u00f3\\RN. Informa\u00e7\u00f5es chegadas na nossa reda\u00e7\u00e3o d\u00e3o conta que a v\u00edtima chegou a ser socorrida para cidade vizinha de Cerro Cor\u00e1, por\u00e9m n\u00e3o resistiu e veio a \u00f3bito.<br>Segundo foi apurado, a v\u00edtima sofreu o choque no momento que carregava o aparelho celular. Ela foi identificada como\u00a0Maria Ingrid Beatriz da Silva.<br>A Pol\u00edcia Civil e o ITEP j\u00e1 foram acionados.<\/figcaption><\/figure>\n","protected":false},"excerpt":{"rendered":"","protected":false},"author":1,"featured_media":0,"comment_status":"open","ping_status":"open","sticky":false,"template":"","format":"standard","meta":{"site-sidebar-layout":"default","site-content-layout":"","ast-site-content-layout":"default","site-content-style":"default","site-sidebar-style":"default","ast-global-header-display":"","ast-banner-title-visibility":"","ast-main-header-display":"","ast-hfb-above-header-display":"","ast-hfb-below-header-display":"","ast-hfb-mobile-header-display":"","site-post-title":"","ast-breadcrumbs-content":"","ast-featured-img":"","footer-sml-layout":"","ast-disable-related-posts":"","theme-transparent-header-meta":"","adv-header-id-meta":"","stick-header-meta":"","header-above-stick-meta":"","header-main-stick-meta":"","header-below-stick-meta":"","astra-migrate-meta-layouts":"default","ast-page-background-enabled":"default","ast-page-background-meta":{"desktop":{"background-color":"var(--ast-global-color-4)","background-image":"","background-repeat":"repeat","background-position":"center center","background-size":"auto","background-attachment":"scroll","background-type":"","background-media":"","overlay-type":"","overlay-color":"","overlay-opacity":"","overlay-gradient":""},"tablet":{"background-color":"","background-image":"","background-repeat":"repeat","background-position":"center center","background-size":"auto","background-attachment":"scroll","background-type":"","background-media":"","overlay-type":"","overlay-color":"","overlay-opacity":"","overlay-gradient":""},"mobile":{"background-color":"","background-image":"","background-repeat":"repeat","background-position":"center center","background-size":"auto","background-attachment":"scroll","background-type":"","background-media":"","overlay-type":"","overlay-color":"","overlay-opacity":"","overlay-gradient":""}},"ast-content-background-meta":{"desktop":{"background-color":"var(--ast-global-color-5)","background-image":"","background-repeat":"repeat","background-position":"center center","background-size":"auto","background-attachment":"scroll","background-type":"","background-media":"","overlay-type":"","overlay-color":"","overlay-opacity":"","overlay-gradient":""},"tablet":{"background-color":"var(--ast-global-color-5)","background-image":"","background-repeat":"repeat","background-position":"center center","background-size":"auto","background-attachment":"scroll","background-type":"","background-media":"","overlay-type":"","overlay-color":"","overlay-opacity":"","overlay-gradient":""},"mobile":{"background-color":"var(--ast-global-color-5)","background-image":"","background-repeat":"repeat","background-position":"center center","background-size":"auto","background-attachment":"scroll","background-type":"","background-media":"","overlay-type":"","overlay-color":"","overlay-opacity":"","overlay-gradient":""}},"footnotes":""},"categories":[517],"tags":[695,406,1522,50,22],"class_list":["post-12758","post","type-post","status-publish","format-standard","hentry","category-aconteceu","tag-adolescente","tag-celular","tag-morre","tag-noticias-do-face","tag-noticias-no-face"],"_links":{"self":[{"href":"https:\/\/noticiasnoface.com.br\/index.php\/wp-json\/wp\/v2\/posts\/12758","targetHints":{"allow":["GET"]}}],"collection":[{"href":"https:\/\/noticiasnoface.com.br\/index.php\/wp-json\/wp\/v2\/posts"}],"about":[{"href":"https:\/\/noticiasnoface.com.br\/index.php\/wp-json\/wp\/v2\/types\/post"}],"author":[{"embeddable":true,"href":"https:\/\/noticiasnoface.com.br\/index.php\/wp-json\/wp\/v2\/users\/1"}],"replies":[{"embeddable":true,"href":"https:\/\/noticiasnoface.com.br\/index.php\/wp-json\/wp\/v2\/comments?post=12758"}],"version-history":[{"count":1,"href":"https:\/\/noticiasnoface.com.br\/index.php\/wp-json\/wp\/v2\/posts\/12758\/revisions"}],"predecessor-version":[{"id":12760,"href":"https:\/\/noticiasnoface.com.br\/index.php\/wp-json\/wp\/v2\/posts\/12758\/revisions\/12760"}],"wp:attachment":[{"href":"https:\/\/noticiasnoface.com.br\/index.php\/wp-json\/wp\/v2\/media?parent=12758"}],"wp:term":[{"taxonomy":"category","embeddable":true,"href":"https:\/\/noticiasnoface.com.br\/index.php\/wp-json\/wp\/v2\/categories?post=12758"},{"taxonomy":"post_tag","embeddable":true,"href":"https:\/\/noticiasnoface.com.br\/index.php\/wp-json\/wp\/v2\/tags?post=12758"}],"curies":[{"name":"wp","href":"https:\/\/api.w.org\/{rel}","templated":true}]}}