{"id":12816,"date":"2022-11-21T22:12:20","date_gmt":"2022-11-22T01:12:20","guid":{"rendered":"https:\/\/noticiasnoface.com.br\/?p=12816"},"modified":"2022-11-21T22:15:19","modified_gmt":"2022-11-22T01:15:19","slug":"camara-municipal-de-natal-entrega-comenda-zumbi-dos-palmares-2","status":"publish","type":"post","link":"https:\/\/noticiasnoface.com.br\/index.php\/2022\/11\/21\/camara-municipal-de-natal-entrega-comenda-zumbi-dos-palmares-2\/","title":{"rendered":"C\u00e2mara Municipal de Natal entrega Comenda Zumbi dos Palmares"},"content":{"rendered":"\n<figure class=\"wp-block-image size-large\"><img data-opt-id=1959797421  fetchpriority=\"high\" decoding=\"async\" width=\"1024\" height=\"624\" src=\"https:\/\/mlbfrsat7ahr.i.optimole.com\/w:1024\/h:624\/q:mauto\/ig:avif\/https:\/\/noticiasnoface.com.br\/wp-content\/uploads\/2022\/11\/0D1B4FAC-9CEF-4C89-95BA-B76D288646A7.jpeg\" alt=\"\" class=\"wp-image-12817\" srcset=\"https:\/\/mlbfrsat7ahr.i.optimole.com\/w:1024\/h:624\/q:mauto\/ig:avif\/https:\/\/noticiasnoface.com.br\/wp-content\/uploads\/2022\/11\/0D1B4FAC-9CEF-4C89-95BA-B76D288646A7.jpeg 1024w, https:\/\/mlbfrsat7ahr.i.optimole.com\/w:300\/h:183\/q:mauto\/ig:avif\/https:\/\/noticiasnoface.com.br\/wp-content\/uploads\/2022\/11\/0D1B4FAC-9CEF-4C89-95BA-B76D288646A7.jpeg 300w, https:\/\/mlbfrsat7ahr.i.optimole.com\/w:768\/h:468\/q:mauto\/ig:avif\/https:\/\/noticiasnoface.com.br\/wp-content\/uploads\/2022\/11\/0D1B4FAC-9CEF-4C89-95BA-B76D288646A7.jpeg 768w, https:\/\/mlbfrsat7ahr.i.optimole.com\/w:1280\/h:780\/q:mauto\/ig:avif\/https:\/\/noticiasnoface.com.br\/wp-content\/uploads\/2022\/11\/0D1B4FAC-9CEF-4C89-95BA-B76D288646A7.jpeg 1280w\" sizes=\"(max-width: 1000px) 100vw, 1000px\" \/><figcaption class=\"wp-element-caption\">Pessoas, entidades e movimentos que atuam na defesa e na promo\u00e7\u00e3o dos direitos da popula\u00e7\u00e3o negra foram homenageados nesta sexta-feira (18), na C\u00e2mara Municipal de Natal. Eles receberam a Comenda Zumbi dos Palmares, honraria concedida \u00e0s v\u00e9speras do Dia da Consci\u00eancia Negra, celebrado no dia 20 de novembro. <br \/>\u201c\u00c9 muito importante falar sobre consci\u00eancia negra e fazermos com que essa data seja referendada aqui na C\u00e2mara de Natal. Esse dia \u00e9 s\u00edmbolo de luta e resist\u00eancia e hoje homenageamos pessoas que tamb\u00e9m s\u00e3o s\u00edmbolo dessa luta. N\u00e3o \u00e9 uma homenagem apenas para visibilizar essas pessoas, mas para demarcar esse lugar de luta e esperan\u00e7a, para que possamos enfrentar esse racismo sist\u00eamico que existe na nossa sociedade\u201d, afirmou a vereadora Divaneide Bas\u00edlio (PT), propositora da sess\u00e3o solene.<br \/>O prefeito de Natal, \u00c1lvaro Dias, tamb\u00e9m esteve presente na solenidade e refor\u00e7ou a import\u00e2ncia da data e da entrega das honrarias. \u201cEsse \u00e9 realmente um momento muito importante: comparecer e prestigiar a comenda Zumbi dos Palmares. A sociedade brasileira tem uma d\u00edvida social impag\u00e1vel com os negros e ind\u00edgenas que foram escravizados e trabalharam durante toda a coloniza\u00e7\u00e3o para construir esse pa\u00eds. Ent\u00e3o, uma solenidade como essa \u00e9 para lembrar a sociedade da d\u00edvida social que o povo brasileiro tem com essas pessoas, que precisam e merecem o respeito de toda a popula\u00e7\u00e3o\u201d, declarou.<br \/>Milla Miriam, conhecida como Milla de Oxum, representante do Grupo de Articula\u00e7\u00e3o de Matriz Africana e Amer\u00edndia do RN (Coletivo Gama), agradeceu a homenagem relembrando os seus antecessores. \u201cRecebo essa honraria com muita gratid\u00e3o e em nome de pessoas antes de mim. Elas abriram caminhos para que o jovem dentro da espiritualidade do caminho sagrado possa estar aqui, recebendo essa comenda\u201d, explicou. <br \/>O jornalista Cl\u00e1udio Oliveira, integrante da equipe de Comunica\u00e7\u00e3o da C\u00e2mara de Natal e um dos homenageados da vereadora Divaneide Bas\u00edlio, explicou que foi o \u00fanico aluno negro na sua turma de gradua\u00e7\u00e3o e ressaltou a import\u00e2ncia de pol\u00edticas p\u00fablicas e afirmativas. <br \/>\u201cO racismo est\u00e1 impregnado na nossa sociedade, est\u00e1 ali presente na falta de oportunidades e na falta de condi\u00e7\u00f5es da popula\u00e7\u00e3o negra de chegar ao ensino superior. Na minha turma de jornalismo eu era o \u00fanico aluno negro. Por isso, ressalto a import\u00e2ncia das pol\u00edticas p\u00fablicas e das pol\u00edticas afirmativas, porque \u00e9 atrav\u00e9s delas e dos movimentos sociais, que mostramos que n\u00e3o h\u00e1 mais espa\u00e7o para o racismo e para o preconceito na sociedade\u201d, falou Cl\u00e1udio, que tamb\u00e9m acrescentou: \u201cOs espa\u00e7os e fun\u00e7\u00f5es ocupadas por pessoas pretas atualmente representam atos de resist\u00eancia, atos que mostram que a cor n\u00e3o torna uma pessoa incapaz de exercer essas fun\u00e7\u00f5es na sociedade\u201d.<br \/>A sess\u00e3o solene contou ainda com a participa\u00e7\u00e3o dos vereadores Rob\u00e9rio Paulino (PSOL), Kleber Fernandes (PSDB) e J\u00falia Arruda (PCdoB).<br \/><strong>ZUMBI DOS PALMARES<\/strong><br \/>A Comenda Zumbi dos Palmares \u00e9 entregue pela CMN anualmente na semana do dia 20 de novembro, em que \u00e9 celebrado o Dia da Consci\u00eancia Negra. Zumbi dos Palmares \u00e9 uma das maiores personalidades que representa a for\u00e7a e a luta da popula\u00e7\u00e3o negra no Brasil, e morreu no dia 20 de novembro de 1695.<br \/>Texto: Juliane Araujo<br \/>Fotos: Ver\u00f4nica Macedo<br \/>Comenda Zumbi dos palmares <br \/><br \/><\/figcaption><\/figure>\n","protected":false},"excerpt":{"rendered":"","protected":false},"author":1,"featured_media":0,"comment_status":"open","ping_status":"open","sticky":false,"template":"","format":"standard","meta":{"site-sidebar-layout":"default","site-content-layout":"","ast-site-content-layout":"default","site-content-style":"default","site-sidebar-style":"default","ast-global-header-display":"","ast-banner-title-visibility":"","ast-main-header-display":"","ast-hfb-above-header-display":"","ast-hfb-below-header-display":"","ast-hfb-mobile-header-display":"","site-post-title":"","ast-breadcrumbs-content":"","ast-featured-img":"","footer-sml-layout":"","ast-disable-related-posts":"","theme-transparent-header-meta":"","adv-header-id-meta":"","stick-header-meta":"","header-above-stick-meta":"","header-main-stick-meta":"","header-below-stick-meta":"","astra-migrate-meta-layouts":"default","ast-page-background-enabled":"default","ast-page-background-meta":{"desktop":{"background-color":"var(--ast-global-color-4)","background-image":"","background-repeat":"repeat","background-position":"center center","background-size":"auto","background-attachment":"scroll","background-type":"","background-media":"","overlay-type":"","overlay-color":"","overlay-opacity":"","overlay-gradient":""},"tablet":{"background-color":"","background-image":"","background-repeat":"repeat","background-position":"center center","background-size":"auto","background-attachment":"scroll","background-type":"","background-media":"","overlay-type":"","overlay-color":"","overlay-opacity":"","overlay-gradient":""},"mobile":{"background-color":"","background-image":"","background-repeat":"repeat","background-position":"center center","background-size":"auto","background-attachment":"scroll","background-type":"","background-media":"","overlay-type":"","overlay-color":"","overlay-opacity":"","overlay-gradient":""}},"ast-content-background-meta":{"desktop":{"background-color":"var(--ast-global-color-5)","background-image":"","background-repeat":"repeat","background-position":"center center","background-size":"auto","background-attachment":"scroll","background-type":"","background-media":"","overlay-type":"","overlay-color":"","overlay-opacity":"","overlay-gradient":""},"tablet":{"background-color":"var(--ast-global-color-5)","background-image":"","background-repeat":"repeat","background-position":"center center","background-size":"auto","background-attachment":"scroll","background-type":"","background-media":"","overlay-type":"","overlay-color":"","overlay-opacity":"","overlay-gradient":""},"mobile":{"background-color":"var(--ast-global-color-5)","background-image":"","background-repeat":"repeat","background-position":"center center","background-size":"auto","background-attachment":"scroll","background-type":"","background-media":"","overlay-type":"","overlay-color":"","overlay-opacity":"","overlay-gradient":""}},"footnotes":""},"categories":[517],"tags":[],"class_list":["post-12816","post","type-post","status-publish","format-standard","hentry","category-aconteceu"],"_links":{"self":[{"href":"https:\/\/noticiasnoface.com.br\/index.php\/wp-json\/wp\/v2\/posts\/12816","targetHints":{"allow":["GET"]}}],"collection":[{"href":"https:\/\/noticiasnoface.com.br\/index.php\/wp-json\/wp\/v2\/posts"}],"about":[{"href":"https:\/\/noticiasnoface.com.br\/index.php\/wp-json\/wp\/v2\/types\/post"}],"author":[{"embeddable":true,"href":"https:\/\/noticiasnoface.com.br\/index.php\/wp-json\/wp\/v2\/users\/1"}],"replies":[{"embeddable":true,"href":"https:\/\/noticiasnoface.com.br\/index.php\/wp-json\/wp\/v2\/comments?post=12816"}],"version-history":[{"count":3,"href":"https:\/\/noticiasnoface.com.br\/index.php\/wp-json\/wp\/v2\/posts\/12816\/revisions"}],"predecessor-version":[{"id":12820,"href":"https:\/\/noticiasnoface.com.br\/index.php\/wp-json\/wp\/v2\/posts\/12816\/revisions\/12820"}],"wp:attachment":[{"href":"https:\/\/noticiasnoface.com.br\/index.php\/wp-json\/wp\/v2\/media?parent=12816"}],"wp:term":[{"taxonomy":"category","embeddable":true,"href":"https:\/\/noticiasnoface.com.br\/index.php\/wp-json\/wp\/v2\/categories?post=12816"},{"taxonomy":"post_tag","embeddable":true,"href":"https:\/\/noticiasnoface.com.br\/index.php\/wp-json\/wp\/v2\/tags?post=12816"}],"curies":[{"name":"wp","href":"https:\/\/api.w.org\/{rel}","templated":true}]}}