{"id":12821,"date":"2022-11-22T03:43:32","date_gmt":"2022-11-22T06:43:32","guid":{"rendered":"https:\/\/noticiasnoface.com.br\/?p=12821"},"modified":"2022-11-22T03:44:45","modified_gmt":"2022-11-22T06:44:45","slug":"thiago-cartaxo-devera-tomar-posse-como-deputado-federal","status":"publish","type":"post","link":"https:\/\/noticiasnoface.com.br\/index.php\/2022\/11\/22\/thiago-cartaxo-devera-tomar-posse-como-deputado-federal\/","title":{"rendered":"Thiago Cartaxo dever\u00e1 tomar posse como deputado federal"},"content":{"rendered":"\n<figure class=\"wp-block-image size-large\"><img data-opt-id=1996024521  fetchpriority=\"high\" decoding=\"async\" width=\"1012\" height=\"1024\" src=\"https:\/\/mlbfrsat7ahr.i.optimole.com\/w:1012\/h:1024\/q:mauto\/ig:avif\/https:\/\/noticiasnoface.com.br\/wp-content\/uploads\/2022\/11\/9FCA0E19-DED0-4273-9910-BF6D3AA804C1.jpeg\" alt=\"\" class=\"wp-image-12822\" srcset=\"https:\/\/mlbfrsat7ahr.i.optimole.com\/w:1012\/h:1024\/q:mauto\/ig:avif\/https:\/\/noticiasnoface.com.br\/wp-content\/uploads\/2022\/11\/9FCA0E19-DED0-4273-9910-BF6D3AA804C1.jpeg 1012w, https:\/\/mlbfrsat7ahr.i.optimole.com\/w:296\/h:300\/q:mauto\/ig:avif\/https:\/\/noticiasnoface.com.br\/wp-content\/uploads\/2022\/11\/9FCA0E19-DED0-4273-9910-BF6D3AA804C1.jpeg 296w, https:\/\/mlbfrsat7ahr.i.optimole.com\/w:768\/h:777\/q:mauto\/ig:avif\/https:\/\/noticiasnoface.com.br\/wp-content\/uploads\/2022\/11\/9FCA0E19-DED0-4273-9910-BF6D3AA804C1.jpeg 768w, https:\/\/mlbfrsat7ahr.i.optimole.com\/w:1066\/h:1080\/q:mauto\/ig:avif\/https:\/\/noticiasnoface.com.br\/wp-content\/uploads\/2022\/11\/9FCA0E19-DED0-4273-9910-BF6D3AA804C1.jpeg 1225w\" sizes=\"(max-width: 1000px) 100vw, 1000px\" \/><figcaption class=\"wp-element-caption\">No dia 1\u00ba de janeiro, Walter Alves ser\u00e1 obrigado a renunciar ao mandato de deputado federal para assumir o cargo de vice-governador do Rio Grande do Norte, para o qual foi eleito.Com a ren\u00fancia de Walter Alves, assumiria o cargo na C\u00e2mara dos Deputados o primeiro suplente da coliga\u00e7\u00e3o, o ex-senador Jos\u00e9 Agripino, que informou a este comunicador que n\u00e3o vai ocupar, pelos 30 dias seguintes, o mandato de deputado federal.<br><br>Como Jos\u00e9 Agripino comunicou que n\u00e3o vai assumir o mandato, quem dever\u00e1 ficar com a vaga \u00e9 Thiago Cartaxo, filho da ex-vereadora e ex-vice-prefeita de Parnamirim, Elienai Cartaxo.<br><br>Nas elei\u00e7\u00f5es de 2018, Thiago obteve 16.682 votos. Ele era o partido Podemos, fez parte da coliga\u00e7\u00e3o \u2018100% RN\u2019 que acabou elegendo Beto Rosado deputado federal, enquanto Jos\u00e9 Agripino ficou na 1\u00aa supl\u00eancia e Cartaxo na 2\u00aa supl\u00eancia.<br><br>Blog do BG<\/figcaption><\/figure>\n","protected":false},"excerpt":{"rendered":"","protected":false},"author":1,"featured_media":0,"comment_status":"open","ping_status":"open","sticky":false,"template":"","format":"standard","meta":{"site-sidebar-layout":"default","site-content-layout":"","ast-site-content-layout":"default","site-content-style":"default","site-sidebar-style":"default","ast-global-header-display":"","ast-banner-title-visibility":"","ast-main-header-display":"","ast-hfb-above-header-display":"","ast-hfb-below-header-display":"","ast-hfb-mobile-header-display":"","site-post-title":"","ast-breadcrumbs-content":"","ast-featured-img":"","footer-sml-layout":"","ast-disable-related-posts":"","theme-transparent-header-meta":"","adv-header-id-meta":"","stick-header-meta":"","header-above-stick-meta":"","header-main-stick-meta":"","header-below-stick-meta":"","astra-migrate-meta-layouts":"default","ast-page-background-enabled":"default","ast-page-background-meta":{"desktop":{"background-color":"var(--ast-global-color-4)","background-image":"","background-repeat":"repeat","background-position":"center center","background-size":"auto","background-attachment":"scroll","background-type":"","background-media":"","overlay-type":"","overlay-color":"","overlay-opacity":"","overlay-gradient":""},"tablet":{"background-color":"","background-image":"","background-repeat":"repeat","background-position":"center center","background-size":"auto","background-attachment":"scroll","background-type":"","background-media":"","overlay-type":"","overlay-color":"","overlay-opacity":"","overlay-gradient":""},"mobile":{"background-color":"","background-image":"","background-repeat":"repeat","background-position":"center center","background-size":"auto","background-attachment":"scroll","background-type":"","background-media":"","overlay-type":"","overlay-color":"","overlay-opacity":"","overlay-gradient":""}},"ast-content-background-meta":{"desktop":{"background-color":"var(--ast-global-color-5)","background-image":"","background-repeat":"repeat","background-position":"center center","background-size":"auto","background-attachment":"scroll","background-type":"","background-media":"","overlay-type":"","overlay-color":"","overlay-opacity":"","overlay-gradient":""},"tablet":{"background-color":"var(--ast-global-color-5)","background-image":"","background-repeat":"repeat","background-position":"center center","background-size":"auto","background-attachment":"scroll","background-type":"","background-media":"","overlay-type":"","overlay-color":"","overlay-opacity":"","overlay-gradient":""},"mobile":{"background-color":"var(--ast-global-color-5)","background-image":"","background-repeat":"repeat","background-position":"center center","background-size":"auto","background-attachment":"scroll","background-type":"","background-media":"","overlay-type":"","overlay-color":"","overlay-opacity":"","overlay-gradient":""}},"footnotes":""},"categories":[153],"tags":[1642,1227,50,22,2166],"class_list":["post-12821","post","type-post","status-publish","format-standard","hentry","category-politica","tag-deputado-federal","tag-not","tag-noticias-do-face","tag-noticias-no-face","tag-thiago-cartaxo"],"_links":{"self":[{"href":"https:\/\/noticiasnoface.com.br\/index.php\/wp-json\/wp\/v2\/posts\/12821","targetHints":{"allow":["GET"]}}],"collection":[{"href":"https:\/\/noticiasnoface.com.br\/index.php\/wp-json\/wp\/v2\/posts"}],"about":[{"href":"https:\/\/noticiasnoface.com.br\/index.php\/wp-json\/wp\/v2\/types\/post"}],"author":[{"embeddable":true,"href":"https:\/\/noticiasnoface.com.br\/index.php\/wp-json\/wp\/v2\/users\/1"}],"replies":[{"embeddable":true,"href":"https:\/\/noticiasnoface.com.br\/index.php\/wp-json\/wp\/v2\/comments?post=12821"}],"version-history":[{"count":1,"href":"https:\/\/noticiasnoface.com.br\/index.php\/wp-json\/wp\/v2\/posts\/12821\/revisions"}],"predecessor-version":[{"id":12823,"href":"https:\/\/noticiasnoface.com.br\/index.php\/wp-json\/wp\/v2\/posts\/12821\/revisions\/12823"}],"wp:attachment":[{"href":"https:\/\/noticiasnoface.com.br\/index.php\/wp-json\/wp\/v2\/media?parent=12821"}],"wp:term":[{"taxonomy":"category","embeddable":true,"href":"https:\/\/noticiasnoface.com.br\/index.php\/wp-json\/wp\/v2\/categories?post=12821"},{"taxonomy":"post_tag","embeddable":true,"href":"https:\/\/noticiasnoface.com.br\/index.php\/wp-json\/wp\/v2\/tags?post=12821"}],"curies":[{"name":"wp","href":"https:\/\/api.w.org\/{rel}","templated":true}]}}