{"id":12911,"date":"2022-11-25T10:34:49","date_gmt":"2022-11-25T13:34:49","guid":{"rendered":"https:\/\/noticiasnoface.com.br\/?p=12911"},"modified":"2022-11-25T10:34:52","modified_gmt":"2022-11-25T13:34:52","slug":"julgamento-de-wendel-lagartixa-e-adiado","status":"publish","type":"post","link":"https:\/\/noticiasnoface.com.br\/index.php\/2022\/11\/25\/julgamento-de-wendel-lagartixa-e-adiado\/","title":{"rendered":"Julgamento de Wendel Lagartixa \u00e9 adiado"},"content":{"rendered":"\n<figure class=\"wp-block-image size-large\"><img data-opt-id=732193377  fetchpriority=\"high\" decoding=\"async\" width=\"1024\" height=\"700\" src=\"https:\/\/mlbfrsat7ahr.i.optimole.com\/w:1024\/h:700\/q:mauto\/ig:avif\/https:\/\/noticiasnoface.com.br\/wp-content\/uploads\/2022\/11\/F9B0FFE1-2029-43AE-A48F-41AC8A7A9B91.jpeg\" alt=\"\" class=\"wp-image-12912\" srcset=\"https:\/\/mlbfrsat7ahr.i.optimole.com\/w:1024\/h:700\/q:mauto\/ig:avif\/https:\/\/noticiasnoface.com.br\/wp-content\/uploads\/2022\/11\/F9B0FFE1-2029-43AE-A48F-41AC8A7A9B91.jpeg 1024w, https:\/\/mlbfrsat7ahr.i.optimole.com\/w:300\/h:205\/q:mauto\/ig:avif\/https:\/\/noticiasnoface.com.br\/wp-content\/uploads\/2022\/11\/F9B0FFE1-2029-43AE-A48F-41AC8A7A9B91.jpeg 300w, https:\/\/mlbfrsat7ahr.i.optimole.com\/w:768\/h:525\/q:mauto\/ig:avif\/https:\/\/noticiasnoface.com.br\/wp-content\/uploads\/2022\/11\/F9B0FFE1-2029-43AE-A48F-41AC8A7A9B91.jpeg 768w, https:\/\/mlbfrsat7ahr.i.optimole.com\/w:1536\/h:1050\/q:mauto\/ig:avif\/https:\/\/noticiasnoface.com.br\/wp-content\/uploads\/2022\/11\/F9B0FFE1-2029-43AE-A48F-41AC8A7A9B91.jpeg 1536w, https:\/\/mlbfrsat7ahr.i.optimole.com\/w:1579\/h:1080\/q:mauto\/ig:avif\/https:\/\/noticiasnoface.com.br\/wp-content\/uploads\/2022\/11\/F9B0FFE1-2029-43AE-A48F-41AC8A7A9B91.jpeg 2048w\" sizes=\"(max-width: 1000px) 100vw, 1000px\" \/><figcaption class=\"wp-element-caption\">O julgamento do registro de candidatura do deputado estadual eleito Wendell Lagartixa (PL) foi retirado da pauta do plen\u00e1rio virtual do Tribunal Superior Eleitoral (TSE).<br><br>O julgamento, que come\u00e7aria nesta sexta-feira (25) e terminaria em 1\u00ba de dezembro, saiu da pauta ap\u00f3s um dos ministros pedir destaque, o que levar\u00e1 a ser marcada uma nova data para julgamento.<br>At\u00e9 o momento, apenas o relator ministro Ricardo Lewandowski havia votado e mantido a sua decis\u00e3o monocr\u00e1tica pela cassa\u00e7\u00e3o do registro.<\/figcaption><\/figure>\n","protected":false},"excerpt":{"rendered":"","protected":false},"author":1,"featured_media":0,"comment_status":"open","ping_status":"open","sticky":false,"template":"","format":"standard","meta":{"site-sidebar-layout":"default","site-content-layout":"","ast-site-content-layout":"default","site-content-style":"default","site-sidebar-style":"default","ast-global-header-display":"","ast-banner-title-visibility":"","ast-main-header-display":"","ast-hfb-above-header-display":"","ast-hfb-below-header-display":"","ast-hfb-mobile-header-display":"","site-post-title":"","ast-breadcrumbs-content":"","ast-featured-img":"","footer-sml-layout":"","ast-disable-related-posts":"","theme-transparent-header-meta":"","adv-header-id-meta":"","stick-header-meta":"","header-above-stick-meta":"","header-main-stick-meta":"","header-below-stick-meta":"","astra-migrate-meta-layouts":"default","ast-page-background-enabled":"default","ast-page-background-meta":{"desktop":{"background-color":"var(--ast-global-color-4)","background-image":"","background-repeat":"repeat","background-position":"center center","background-size":"auto","background-attachment":"scroll","background-type":"","background-media":"","overlay-type":"","overlay-color":"","overlay-opacity":"","overlay-gradient":""},"tablet":{"background-color":"","background-image":"","background-repeat":"repeat","background-position":"center center","background-size":"auto","background-attachment":"scroll","background-type":"","background-media":"","overlay-type":"","overlay-color":"","overlay-opacity":"","overlay-gradient":""},"mobile":{"background-color":"","background-image":"","background-repeat":"repeat","background-position":"center center","background-size":"auto","background-attachment":"scroll","background-type":"","background-media":"","overlay-type":"","overlay-color":"","overlay-opacity":"","overlay-gradient":""}},"ast-content-background-meta":{"desktop":{"background-color":"var(--ast-global-color-5)","background-image":"","background-repeat":"repeat","background-position":"center center","background-size":"auto","background-attachment":"scroll","background-type":"","background-media":"","overlay-type":"","overlay-color":"","overlay-opacity":"","overlay-gradient":""},"tablet":{"background-color":"var(--ast-global-color-5)","background-image":"","background-repeat":"repeat","background-position":"center center","background-size":"auto","background-attachment":"scroll","background-type":"","background-media":"","overlay-type":"","overlay-color":"","overlay-opacity":"","overlay-gradient":""},"mobile":{"background-color":"var(--ast-global-color-5)","background-image":"","background-repeat":"repeat","background-position":"center center","background-size":"auto","background-attachment":"scroll","background-type":"","background-media":"","overlay-type":"","overlay-color":"","overlay-opacity":"","overlay-gradient":""}},"footnotes":""},"categories":[517],"tags":[2093,50,1570],"class_list":["post-12911","post","type-post","status-publish","format-standard","hentry","category-aconteceu","tag-julgamento","tag-noticias-do-face","tag-wendell-lagartixa"],"_links":{"self":[{"href":"https:\/\/noticiasnoface.com.br\/index.php\/wp-json\/wp\/v2\/posts\/12911","targetHints":{"allow":["GET"]}}],"collection":[{"href":"https:\/\/noticiasnoface.com.br\/index.php\/wp-json\/wp\/v2\/posts"}],"about":[{"href":"https:\/\/noticiasnoface.com.br\/index.php\/wp-json\/wp\/v2\/types\/post"}],"author":[{"embeddable":true,"href":"https:\/\/noticiasnoface.com.br\/index.php\/wp-json\/wp\/v2\/users\/1"}],"replies":[{"embeddable":true,"href":"https:\/\/noticiasnoface.com.br\/index.php\/wp-json\/wp\/v2\/comments?post=12911"}],"version-history":[{"count":1,"href":"https:\/\/noticiasnoface.com.br\/index.php\/wp-json\/wp\/v2\/posts\/12911\/revisions"}],"predecessor-version":[{"id":12913,"href":"https:\/\/noticiasnoface.com.br\/index.php\/wp-json\/wp\/v2\/posts\/12911\/revisions\/12913"}],"wp:attachment":[{"href":"https:\/\/noticiasnoface.com.br\/index.php\/wp-json\/wp\/v2\/media?parent=12911"}],"wp:term":[{"taxonomy":"category","embeddable":true,"href":"https:\/\/noticiasnoface.com.br\/index.php\/wp-json\/wp\/v2\/categories?post=12911"},{"taxonomy":"post_tag","embeddable":true,"href":"https:\/\/noticiasnoface.com.br\/index.php\/wp-json\/wp\/v2\/tags?post=12911"}],"curies":[{"name":"wp","href":"https:\/\/api.w.org\/{rel}","templated":true}]}}