{"id":12949,"date":"2022-11-27T09:54:31","date_gmt":"2022-11-27T12:54:31","guid":{"rendered":"https:\/\/noticiasnoface.com.br\/?p=12949"},"modified":"2022-11-27T09:55:25","modified_gmt":"2022-11-27T12:55:25","slug":"em-canguaretama-o-lider-nas-pesquisas-wilsinho-deve-ser-eleito-hoje","status":"publish","type":"post","link":"https:\/\/noticiasnoface.com.br\/index.php\/2022\/11\/27\/em-canguaretama-o-lider-nas-pesquisas-wilsinho-deve-ser-eleito-hoje\/","title":{"rendered":"Em Canguaretama o l\u00edder nas pesquisas Wilsinho dever\u00e1 ser eleito hoje"},"content":{"rendered":"\n<figure class=\"wp-block-image size-large\"><img data-opt-id=752347416  fetchpriority=\"high\" decoding=\"async\" width=\"1024\" height=\"1004\" src=\"https:\/\/mlbfrsat7ahr.i.optimole.com\/w:1024\/h:1004\/q:mauto\/ig:avif\/https:\/\/noticiasnoface.com.br\/wp-content\/uploads\/2022\/11\/160AA1A8-6C2C-4F84-8EA5-3B8D8008AADF.jpeg\" alt=\"\" class=\"wp-image-12950\" srcset=\"https:\/\/mlbfrsat7ahr.i.optimole.com\/w:1024\/h:1004\/q:mauto\/ig:avif\/https:\/\/noticiasnoface.com.br\/wp-content\/uploads\/2022\/11\/160AA1A8-6C2C-4F84-8EA5-3B8D8008AADF.jpeg 1024w, https:\/\/mlbfrsat7ahr.i.optimole.com\/w:300\/h:294\/q:mauto\/ig:avif\/https:\/\/noticiasnoface.com.br\/wp-content\/uploads\/2022\/11\/160AA1A8-6C2C-4F84-8EA5-3B8D8008AADF.jpeg 300w, https:\/\/mlbfrsat7ahr.i.optimole.com\/w:768\/h:753\/q:mauto\/ig:avif\/https:\/\/noticiasnoface.com.br\/wp-content\/uploads\/2022\/11\/160AA1A8-6C2C-4F84-8EA5-3B8D8008AADF.jpeg 768w, https:\/\/mlbfrsat7ahr.i.optimole.com\/w:1101\/h:1080\/q:mauto\/ig:avif\/https:\/\/noticiasnoface.com.br\/wp-content\/uploads\/2022\/11\/160AA1A8-6C2C-4F84-8EA5-3B8D8008AADF.jpeg 1242w\" sizes=\"(max-width: 1000px) 100vw, 1000px\" \/><figcaption class=\"wp-element-caption\">Os eleitores de&nbsp;<a href=\"https:\/\/g1.globo.com\/rn\/rio-grande-do-norte\/cidade\/canguaretama\/\" target=\"_blank\" rel=\"noopener\">Canguaretama<\/a>&nbsp;munic\u00edpio do Litoral Sul potiguar, volta  \u00e0s urnas no nesse domingo (27) para escolher novo prefeito e vice em elei\u00e7\u00f5es suplementares.<br \/>O candidato Wilsinho do PTB l\u00edder nas pesquisas com mais de 60% deve ser eleito hoje sem dificuldades.  Wilsinho faz parte da Coliga\u00e7\u00e3o Trabalho e Compromisso oficializada como <br \/><strong>Prefeito: Jo\u00e3o Wilson de Andrade Ribeiro Filho (Wilsinho)<\/strong><br \/>Partido:&nbsp;<a href=\"https:\/\/g1.globo.com\/politica\/partido\/ptb\/\" target=\"_blank\" rel=\"noopener\">PTB<\/a><br \/>Vice: Maria de F\u00e1tima Moreira (F\u00e1tima do Murim)<br \/><br \/><br \/><br \/><\/figcaption><\/figure>\n","protected":false},"excerpt":{"rendered":"","protected":false},"author":1,"featured_media":0,"comment_status":"open","ping_status":"open","sticky":false,"template":"","format":"standard","meta":{"site-sidebar-layout":"default","site-content-layout":"","ast-site-content-layout":"default","site-content-style":"default","site-sidebar-style":"default","ast-global-header-display":"","ast-banner-title-visibility":"","ast-main-header-display":"","ast-hfb-above-header-display":"","ast-hfb-below-header-display":"","ast-hfb-mobile-header-display":"","site-post-title":"","ast-breadcrumbs-content":"","ast-featured-img":"","footer-sml-layout":"","ast-disable-related-posts":"","theme-transparent-header-meta":"","adv-header-id-meta":"","stick-header-meta":"","header-above-stick-meta":"","header-main-stick-meta":"","header-below-stick-meta":"","astra-migrate-meta-layouts":"default","ast-page-background-enabled":"default","ast-page-background-meta":{"desktop":{"background-color":"var(--ast-global-color-4)","background-image":"","background-repeat":"repeat","background-position":"center center","background-size":"auto","background-attachment":"scroll","background-type":"","background-media":"","overlay-type":"","overlay-color":"","overlay-opacity":"","overlay-gradient":""},"tablet":{"background-color":"","background-image":"","background-repeat":"repeat","background-position":"center center","background-size":"auto","background-attachment":"scroll","background-type":"","background-media":"","overlay-type":"","overlay-color":"","overlay-opacity":"","overlay-gradient":""},"mobile":{"background-color":"","background-image":"","background-repeat":"repeat","background-position":"center center","background-size":"auto","background-attachment":"scroll","background-type":"","background-media":"","overlay-type":"","overlay-color":"","overlay-opacity":"","overlay-gradient":""}},"ast-content-background-meta":{"desktop":{"background-color":"var(--ast-global-color-5)","background-image":"","background-repeat":"repeat","background-position":"center center","background-size":"auto","background-attachment":"scroll","background-type":"","background-media":"","overlay-type":"","overlay-color":"","overlay-opacity":"","overlay-gradient":""},"tablet":{"background-color":"var(--ast-global-color-5)","background-image":"","background-repeat":"repeat","background-position":"center center","background-size":"auto","background-attachment":"scroll","background-type":"","background-media":"","overlay-type":"","overlay-color":"","overlay-opacity":"","overlay-gradient":""},"mobile":{"background-color":"var(--ast-global-color-5)","background-image":"","background-repeat":"repeat","background-position":"center center","background-size":"auto","background-attachment":"scroll","background-type":"","background-media":"","overlay-type":"","overlay-color":"","overlay-opacity":"","overlay-gradient":""}},"footnotes":""},"categories":[517],"tags":[1719,317,50,2182],"class_list":["post-12949","post","type-post","status-publish","format-standard","hentry","category-aconteceu","tag-canguaretama","tag-eleicoes","tag-noticias-do-face","tag-wilsinho"],"_links":{"self":[{"href":"https:\/\/noticiasnoface.com.br\/index.php\/wp-json\/wp\/v2\/posts\/12949","targetHints":{"allow":["GET"]}}],"collection":[{"href":"https:\/\/noticiasnoface.com.br\/index.php\/wp-json\/wp\/v2\/posts"}],"about":[{"href":"https:\/\/noticiasnoface.com.br\/index.php\/wp-json\/wp\/v2\/types\/post"}],"author":[{"embeddable":true,"href":"https:\/\/noticiasnoface.com.br\/index.php\/wp-json\/wp\/v2\/users\/1"}],"replies":[{"embeddable":true,"href":"https:\/\/noticiasnoface.com.br\/index.php\/wp-json\/wp\/v2\/comments?post=12949"}],"version-history":[{"count":2,"href":"https:\/\/noticiasnoface.com.br\/index.php\/wp-json\/wp\/v2\/posts\/12949\/revisions"}],"predecessor-version":[{"id":12952,"href":"https:\/\/noticiasnoface.com.br\/index.php\/wp-json\/wp\/v2\/posts\/12949\/revisions\/12952"}],"wp:attachment":[{"href":"https:\/\/noticiasnoface.com.br\/index.php\/wp-json\/wp\/v2\/media?parent=12949"}],"wp:term":[{"taxonomy":"category","embeddable":true,"href":"https:\/\/noticiasnoface.com.br\/index.php\/wp-json\/wp\/v2\/categories?post=12949"},{"taxonomy":"post_tag","embeddable":true,"href":"https:\/\/noticiasnoface.com.br\/index.php\/wp-json\/wp\/v2\/tags?post=12949"}],"curies":[{"name":"wp","href":"https:\/\/api.w.org\/{rel}","templated":true}]}}