{"id":12970,"date":"2022-11-27T20:16:32","date_gmt":"2022-11-27T23:16:32","guid":{"rendered":"https:\/\/noticiasnoface.com.br\/?p=12970"},"modified":"2022-11-27T20:18:46","modified_gmt":"2022-11-27T23:18:46","slug":"faltando-ate-remedio-mp-recomenda-cancelamento-de-show-de-meio-milhao-em-lajes","status":"publish","type":"post","link":"https:\/\/noticiasnoface.com.br\/index.php\/2022\/11\/27\/faltando-ate-remedio-mp-recomenda-cancelamento-de-show-de-meio-milhao-em-lajes\/","title":{"rendered":"Show de L\u00e9o Santana em lajes pode ser cancelado, entenda:"},"content":{"rendered":"\n<figure class=\"wp-block-image size-full\"><img data-opt-id=1366742078  fetchpriority=\"high\" decoding=\"async\" width=\"225\" height=\"225\" src=\"https:\/\/mlbfrsat7ahr.i.optimole.com\/w:auto\/h:auto\/q:mauto\/ig:avif\/https:\/\/noticiasnoface.com.br\/wp-content\/uploads\/2022\/11\/D345DAB3-51F4-45C4-B8C5-BA83DC8BD04D.jpeg\" alt=\"\" class=\"wp-image-12971\" srcset=\"https:\/\/mlbfrsat7ahr.i.optimole.com\/w:225\/h:225\/q:mauto\/ig:avif\/https:\/\/noticiasnoface.com.br\/wp-content\/uploads\/2022\/11\/D345DAB3-51F4-45C4-B8C5-BA83DC8BD04D.jpeg 225w, https:\/\/mlbfrsat7ahr.i.optimole.com\/w:150\/h:150\/q:mauto\/ig:avif\/https:\/\/noticiasnoface.com.br\/wp-content\/uploads\/2022\/11\/D345DAB3-51F4-45C4-B8C5-BA83DC8BD04D.jpeg 150w\" sizes=\"(max-width: 225px) 100vw, 225px\" \/><figcaption class=\"wp-element-caption\">Na \u00faltima ter\u00e7a-feira, dia 22, o Prefeito de Lajes, Felipe Menezes, recebeu um documento assinado pela Promotora de Justi\u00e7a Juliana Alcoforado de Lucena em que recomenda o cancelamento de todas as festividades de emancipa\u00e7\u00e3o pol\u00edtica, entre eles os shows de Leo Santana, Samyra Show, Rose Nascimento e Tony Alisson.<br \/>Na recomenda\u00e7\u00e3o, o MP pontua que \u201ca contrata\u00e7\u00e3o dos shows ser\u00e3o feitos em detrimento a investimentos na farm\u00e1cia b\u00e1sica do munic\u00edpio, onde inclusive h\u00e1 falta de medicamentos, bem como na \u00e1rea de transporte p\u00fablico no munic\u00edpio sendo desarrazoado nesse sentido realizar gastos com festividades em preju\u00edzo de gastos com servi\u00e7os essenciais.\u201d Segundo a Promotoria, muitos populares tem relatado descasos na sa\u00fade, educa\u00e7\u00e3o, transporte de estudantes e na infraestrutura do munic\u00edpio.<br \/><br \/>Os contratos com m\u00fasicos somam 545 mil reais. O MP considera os gastos muito altos, uma vez que a menos de 1 m\u00eas o prefeito gastou mais 330 mil com bandas.<br \/><br \/>Ainda, segundo informa\u00e7\u00f5es em que o Blog RC teve acesso, o munic\u00edpio apresentou uma defesa e aguarda resposta do MP. At\u00e9 o momento temos informa\u00e7\u00f5es que os eventos n\u00e3o foram cancelados.<br \/><br \/>No ano passado, ao assumir a prefeitura, Felipe decretou calamidade p\u00fablica financeira no munic\u00edpio.<br \/><br \/>Via BLOG DO RC<br \/>Veja a recomenda\u00e7\u00e3o do MP, na \u00edntegra, abaixo:<\/figcaption><\/figure>\n\n\n\n<figure class=\"wp-block-image size-full\"><img data-opt-id=1188589692  fetchpriority=\"high\" decoding=\"async\" width=\"628\" height=\"640\" src=\"https:\/\/mlbfrsat7ahr.i.optimole.com\/w:auto\/h:auto\/q:mauto\/ig:avif\/https:\/\/noticiasnoface.com.br\/wp-content\/uploads\/2022\/11\/47EA8196-0E12-41DF-8396-451C789C4927.jpeg\" alt=\"\" class=\"wp-image-12972\" srcset=\"https:\/\/mlbfrsat7ahr.i.optimole.com\/w:628\/h:640\/q:mauto\/ig:avif\/https:\/\/noticiasnoface.com.br\/wp-content\/uploads\/2022\/11\/47EA8196-0E12-41DF-8396-451C789C4927.jpeg 628w, https:\/\/mlbfrsat7ahr.i.optimole.com\/w:294\/h:300\/q:mauto\/ig:avif\/https:\/\/noticiasnoface.com.br\/wp-content\/uploads\/2022\/11\/47EA8196-0E12-41DF-8396-451C789C4927.jpeg 294w\" sizes=\"(max-width: 628px) 100vw, 628px\" \/><\/figure>\n","protected":false},"excerpt":{"rendered":"","protected":false},"author":1,"featured_media":0,"comment_status":"open","ping_status":"open","sticky":false,"template":"","format":"standard","meta":{"site-sidebar-layout":"default","site-content-layout":"","ast-site-content-layout":"default","site-content-style":"default","site-sidebar-style":"default","ast-global-header-display":"","ast-banner-title-visibility":"","ast-main-header-display":"","ast-hfb-above-header-display":"","ast-hfb-below-header-display":"","ast-hfb-mobile-header-display":"","site-post-title":"","ast-breadcrumbs-content":"","ast-featured-img":"","footer-sml-layout":"","ast-disable-related-posts":"","theme-transparent-header-meta":"","adv-header-id-meta":"","stick-header-meta":"","header-above-stick-meta":"","header-main-stick-meta":"","header-below-stick-meta":"","astra-migrate-meta-layouts":"default","ast-page-background-enabled":"default","ast-page-background-meta":{"desktop":{"background-color":"var(--ast-global-color-4)","background-image":"","background-repeat":"repeat","background-position":"center center","background-size":"auto","background-attachment":"scroll","background-type":"","background-media":"","overlay-type":"","overlay-color":"","overlay-opacity":"","overlay-gradient":""},"tablet":{"background-color":"","background-image":"","background-repeat":"repeat","background-position":"center center","background-size":"auto","background-attachment":"scroll","background-type":"","background-media":"","overlay-type":"","overlay-color":"","overlay-opacity":"","overlay-gradient":""},"mobile":{"background-color":"","background-image":"","background-repeat":"repeat","background-position":"center center","background-size":"auto","background-attachment":"scroll","background-type":"","background-media":"","overlay-type":"","overlay-color":"","overlay-opacity":"","overlay-gradient":""}},"ast-content-background-meta":{"desktop":{"background-color":"var(--ast-global-color-5)","background-image":"","background-repeat":"repeat","background-position":"center center","background-size":"auto","background-attachment":"scroll","background-type":"","background-media":"","overlay-type":"","overlay-color":"","overlay-opacity":"","overlay-gradient":""},"tablet":{"background-color":"var(--ast-global-color-5)","background-image":"","background-repeat":"repeat","background-position":"center center","background-size":"auto","background-attachment":"scroll","background-type":"","background-media":"","overlay-type":"","overlay-color":"","overlay-opacity":"","overlay-gradient":""},"mobile":{"background-color":"var(--ast-global-color-5)","background-image":"","background-repeat":"repeat","background-position":"center center","background-size":"auto","background-attachment":"scroll","background-type":"","background-media":"","overlay-type":"","overlay-color":"","overlay-opacity":"","overlay-gradient":""}},"footnotes":""},"categories":[517],"tags":[2195,1162,1227,50],"class_list":["post-12970","post","type-post","status-publish","format-standard","hentry","category-aconteceu","tag-cancelamento","tag-ministerio-publico","tag-not","tag-noticias-do-face"],"_links":{"self":[{"href":"https:\/\/noticiasnoface.com.br\/index.php\/wp-json\/wp\/v2\/posts\/12970","targetHints":{"allow":["GET"]}}],"collection":[{"href":"https:\/\/noticiasnoface.com.br\/index.php\/wp-json\/wp\/v2\/posts"}],"about":[{"href":"https:\/\/noticiasnoface.com.br\/index.php\/wp-json\/wp\/v2\/types\/post"}],"author":[{"embeddable":true,"href":"https:\/\/noticiasnoface.com.br\/index.php\/wp-json\/wp\/v2\/users\/1"}],"replies":[{"embeddable":true,"href":"https:\/\/noticiasnoface.com.br\/index.php\/wp-json\/wp\/v2\/comments?post=12970"}],"version-history":[{"count":3,"href":"https:\/\/noticiasnoface.com.br\/index.php\/wp-json\/wp\/v2\/posts\/12970\/revisions"}],"predecessor-version":[{"id":12975,"href":"https:\/\/noticiasnoface.com.br\/index.php\/wp-json\/wp\/v2\/posts\/12970\/revisions\/12975"}],"wp:attachment":[{"href":"https:\/\/noticiasnoface.com.br\/index.php\/wp-json\/wp\/v2\/media?parent=12970"}],"wp:term":[{"taxonomy":"category","embeddable":true,"href":"https:\/\/noticiasnoface.com.br\/index.php\/wp-json\/wp\/v2\/categories?post=12970"},{"taxonomy":"post_tag","embeddable":true,"href":"https:\/\/noticiasnoface.com.br\/index.php\/wp-json\/wp\/v2\/tags?post=12970"}],"curies":[{"name":"wp","href":"https:\/\/api.w.org\/{rel}","templated":true}]}}