{"id":12976,"date":"2022-11-28T05:01:14","date_gmt":"2022-11-28T08:01:14","guid":{"rendered":"https:\/\/noticiasnoface.com.br\/?p=12976"},"modified":"2022-11-28T05:01:16","modified_gmt":"2022-11-28T08:01:16","slug":"rede-globo-desiste-de-roberto-carlos","status":"publish","type":"post","link":"https:\/\/noticiasnoface.com.br\/index.php\/2022\/11\/28\/rede-globo-desiste-de-roberto-carlos\/","title":{"rendered":"Rede Globo desiste de Roberto Carlos"},"content":{"rendered":"\n<figure class=\"wp-block-image size-large\"><img data-opt-id=873166707  fetchpriority=\"high\" decoding=\"async\" width=\"1024\" height=\"683\" src=\"https:\/\/mlbfrsat7ahr.i.optimole.com\/w:1024\/h:683\/q:mauto\/ig:avif\/https:\/\/noticiasnoface.com.br\/wp-content\/uploads\/2022\/11\/817BA15F-F8A5-4DED-9C88-41244E28F8DF.webp\" alt=\"\" class=\"wp-image-12977\" srcset=\"https:\/\/mlbfrsat7ahr.i.optimole.com\/w:1024\/h:683\/q:mauto\/ig:avif\/https:\/\/noticiasnoface.com.br\/wp-content\/uploads\/2022\/11\/817BA15F-F8A5-4DED-9C88-41244E28F8DF.webp 1024w, https:\/\/mlbfrsat7ahr.i.optimole.com\/w:300\/h:200\/q:mauto\/ig:avif\/https:\/\/noticiasnoface.com.br\/wp-content\/uploads\/2022\/11\/817BA15F-F8A5-4DED-9C88-41244E28F8DF.webp 300w, https:\/\/mlbfrsat7ahr.i.optimole.com\/w:768\/h:512\/q:mauto\/ig:avif\/https:\/\/noticiasnoface.com.br\/wp-content\/uploads\/2022\/11\/817BA15F-F8A5-4DED-9C88-41244E28F8DF.webp 768w, https:\/\/mlbfrsat7ahr.i.optimole.com\/w:1200\/h:800\/q:mauto\/ig:avif\/https:\/\/noticiasnoface.com.br\/wp-content\/uploads\/2022\/11\/817BA15F-F8A5-4DED-9C88-41244E28F8DF.webp 1200w\" sizes=\"(max-width: 1000px) 100vw, 1000px\" \/><figcaption class=\"wp-element-caption\">Houve um tempo em que os f\u00e3s de televis\u00e3o aguardavam ansiosos o fim do ano. Era o momento em que a Globo transformava a sua grade, trazendo in\u00fameros programas especiais para marcar o per\u00edodo de festas do Natal e do Ano Novo. No entanto, trata-se de um tempo que n\u00e3o volta mais. Este final de 2022 ter\u00e1 um dos fins de ano mais pobres de todos os tempos na emissora.<br><object data=\"blob:https:\/\/noticiasnoface.com.br\/7e5f0fce-bec2-481b-aab3-a6a514f2117b\"><br><br><br>Segundo o\u00a0<a href=\"https:\/\/memoriadatv.com.br\/noticia\/18394\/em-primeira-mao-fim-de-ano-de-vacas-magras-confira-os-especiais-da-globo.html\" target=\"_blank\" rel=\"noopener\">site Mem\u00f3ria da TV<\/a>, a Globo n\u00e3o programou nenhum programa especial que v\u00e1 al\u00e9m do \u00f3bvio em sua grade de fim de ano. O final de 2022 ter\u00e1 apenas novas edi\u00e7\u00f5es de programas tradicionais, como o especial de Roberto Carlos, a Retrospectiva e o Show da Virada.<br>Fora isso, o \u00fanico ponto fora da curva ser\u00e1 a nova edi\u00e7\u00e3o do Som Brasil, que far\u00e1 uma homenagem ao cantor Luan Santana. Ou seja, n\u00e3o haver\u00e1 nada de dramaturgia, nem algo novo no jornalismo, muito menos uma atra\u00e7\u00e3o especial para crian\u00e7as. Nada.<br><br><strong>Cada vez pior<\/strong><br><object data=\"blob:https:\/\/noticiasnoface.com.br\/b6521e1d-4b0a-4aa4-8891-1ef1393f00a6\"><br><br>Na verdade, a cada ano que passa, a grade de fim de ano da Globo vai ficando menos interessante. N\u00e3o \u00e9 de hoje que o canal tem economizado nos festejos e trazido poucas novidades para seu p\u00fablico.<br>No entanto, at\u00e9 o ano passado, ainda havia um m\u00ednimo de esfor\u00e7o. No final de 2021, o canal exibiu algumas atra\u00e7\u00f5es interessantes, como o especial F\u00e9 na Vida, produzido pelo jornalismo da emissora. O programa trazia hist\u00f3rias de esperan\u00e7a no per\u00edodo em que a pandemia come\u00e7ava a arrefecer.<br>Ainda em dezembro de 2021, a Globo tamb\u00e9m apostou em Juntos a Magia Acontece 2, a bela sequ\u00eancia do elogiad\u00edssimo especial exibido em 2019. E mais: o programa 70 Anos Esta Noite promoveu uma homenagem \u00e0s novelas, enquanto a miniss\u00e9rie Passaporte Para a Liberdade trouxe uma trama forte e muito bem produzida para o fim de ano do canal.<br><br><br><strong>Especiais cl\u00e1ssicos<\/strong><br><object data=\"blob:https:\/\/noticiasnoface.com.br\/a93170c2-665a-44c2-bb09-1e84e3e4e954\"><br>No passado, a Globo apostava pesado no p\u00fablico infantil em seus especiais de fim de ano. \u00cdcones infantis do canal, como Xuxa, Ang\u00e9lica, TV Colosso e Renato Arag\u00e3o, entre outros, comandavam atra\u00e7\u00f5es especiais no hor\u00e1rio nobre.<br>Mais recentemente, a emissora aproveitava a programa\u00e7\u00e3o de fim de ano para testar pilotos de futuras s\u00e9ries. Programas como A Diarista (2002), Sob Nova Dire\u00e7\u00e3o (2002), Toma L\u00e1 D\u00e1 C\u00e1 (2005) e Guerra e Paz (2007) come\u00e7aram como programas de fim de ano, antes de conquistarem uma vaga na grade regular.<br>Mas nada disso voltar\u00e1 a acontecer.<br><br><br><strong>Grade de fim de ano<\/strong><br><object data=\"blob:https:\/\/noticiasnoface.com.br\/97dcb848-7a7d-49bf-be5d-8f7ab8d4e13d\"><br><br><br>Confira abaixo como ser\u00e1 a grade de fim de ano da Globo:<br>11\/12 \u2013 Fant\u00e1stico (com o tradicional Amigo Secreto)<br>23\/12 \u2013 Roberto Carlos Especial<br>25\/12 \u2013 Doming\u00e3o com Huck Especial de Natal<br>26\/12 \u2013 Som Brasil: Luan Santana<br>29\/12 \u2013 The Voice Brasil (final)<br>30\/12 \u2013 Retrospectiva 2022<br>31\/12 \u2013 Corrida de S\u00e3o Silvestre<br>31\/12 \u2013 Show da Virada<\/figcaption><\/figure>\n","protected":false},"excerpt":{"rendered":"","protected":false},"author":1,"featured_media":0,"comment_status":"open","ping_status":"open","sticky":false,"template":"","format":"standard","meta":{"site-sidebar-layout":"default","site-content-layout":"","ast-site-content-layout":"default","site-content-style":"default","site-sidebar-style":"default","ast-global-header-display":"","ast-banner-title-visibility":"","ast-main-header-display":"","ast-hfb-above-header-display":"","ast-hfb-below-header-display":"","ast-hfb-mobile-header-display":"","site-post-title":"","ast-breadcrumbs-content":"","ast-featured-img":"","footer-sml-layout":"","ast-disable-related-posts":"","theme-transparent-header-meta":"","adv-header-id-meta":"","stick-header-meta":"","header-above-stick-meta":"","header-main-stick-meta":"","header-below-stick-meta":"","astra-migrate-meta-layouts":"default","ast-page-background-enabled":"default","ast-page-background-meta":{"desktop":{"background-color":"var(--ast-global-color-4)","background-image":"","background-repeat":"repeat","background-position":"center center","background-size":"auto","background-attachment":"scroll","background-type":"","background-media":"","overlay-type":"","overlay-color":"","overlay-opacity":"","overlay-gradient":""},"tablet":{"background-color":"","background-image":"","background-repeat":"repeat","background-position":"center center","background-size":"auto","background-attachment":"scroll","background-type":"","background-media":"","overlay-type":"","overlay-color":"","overlay-opacity":"","overlay-gradient":""},"mobile":{"background-color":"","background-image":"","background-repeat":"repeat","background-position":"center center","background-size":"auto","background-attachment":"scroll","background-type":"","background-media":"","overlay-type":"","overlay-color":"","overlay-opacity":"","overlay-gradient":""}},"ast-content-background-meta":{"desktop":{"background-color":"var(--ast-global-color-5)","background-image":"","background-repeat":"repeat","background-position":"center center","background-size":"auto","background-attachment":"scroll","background-type":"","background-media":"","overlay-type":"","overlay-color":"","overlay-opacity":"","overlay-gradient":""},"tablet":{"background-color":"var(--ast-global-color-5)","background-image":"","background-repeat":"repeat","background-position":"center center","background-size":"auto","background-attachment":"scroll","background-type":"","background-media":"","overlay-type":"","overlay-color":"","overlay-opacity":"","overlay-gradient":""},"mobile":{"background-color":"var(--ast-global-color-5)","background-image":"","background-repeat":"repeat","background-position":"center center","background-size":"auto","background-attachment":"scroll","background-type":"","background-media":"","overlay-type":"","overlay-color":"","overlay-opacity":"","overlay-gradient":""}},"footnotes":""},"categories":[517],"tags":[2196,50,22,91,1531],"class_list":["post-12976","post","type-post","status-publish","format-standard","hentry","category-aconteceu","tag-fim-de-ano","tag-noticias-do-face","tag-noticias-no-face","tag-rede-globo","tag-roberto-carlos"],"_links":{"self":[{"href":"https:\/\/noticiasnoface.com.br\/index.php\/wp-json\/wp\/v2\/posts\/12976","targetHints":{"allow":["GET"]}}],"collection":[{"href":"https:\/\/noticiasnoface.com.br\/index.php\/wp-json\/wp\/v2\/posts"}],"about":[{"href":"https:\/\/noticiasnoface.com.br\/index.php\/wp-json\/wp\/v2\/types\/post"}],"author":[{"embeddable":true,"href":"https:\/\/noticiasnoface.com.br\/index.php\/wp-json\/wp\/v2\/users\/1"}],"replies":[{"embeddable":true,"href":"https:\/\/noticiasnoface.com.br\/index.php\/wp-json\/wp\/v2\/comments?post=12976"}],"version-history":[{"count":1,"href":"https:\/\/noticiasnoface.com.br\/index.php\/wp-json\/wp\/v2\/posts\/12976\/revisions"}],"predecessor-version":[{"id":12978,"href":"https:\/\/noticiasnoface.com.br\/index.php\/wp-json\/wp\/v2\/posts\/12976\/revisions\/12978"}],"wp:attachment":[{"href":"https:\/\/noticiasnoface.com.br\/index.php\/wp-json\/wp\/v2\/media?parent=12976"}],"wp:term":[{"taxonomy":"category","embeddable":true,"href":"https:\/\/noticiasnoface.com.br\/index.php\/wp-json\/wp\/v2\/categories?post=12976"},{"taxonomy":"post_tag","embeddable":true,"href":"https:\/\/noticiasnoface.com.br\/index.php\/wp-json\/wp\/v2\/tags?post=12976"}],"curies":[{"name":"wp","href":"https:\/\/api.w.org\/{rel}","templated":true}]}}