{"id":12992,"date":"2022-11-28T17:45:42","date_gmt":"2022-11-28T20:45:42","guid":{"rendered":"https:\/\/noticiasnoface.com.br\/?p=12992"},"modified":"2022-11-28T17:50:28","modified_gmt":"2022-11-28T20:50:28","slug":"homem-desafia-a-morte-e-entra-em-campo-com-a-bandeira-gay-vejam","status":"publish","type":"post","link":"https:\/\/noticiasnoface.com.br\/index.php\/2022\/11\/28\/homem-desafia-a-morte-e-entra-em-campo-com-a-bandeira-gay-vejam\/","title":{"rendered":"Homem desafia a morte e entra em campo no Qatar com a Bandeira Gay, vejam:"},"content":{"rendered":"\n<figure class=\"wp-block-image size-large\"><img data-opt-id=1722988441  fetchpriority=\"high\" decoding=\"async\" width=\"1024\" height=\"700\" src=\"https:\/\/mlbfrsat7ahr.i.optimole.com\/w:1024\/h:700\/q:mauto\/ig:avif\/https:\/\/noticiasnoface.com.br\/wp-content\/uploads\/2022\/11\/29E2BC39-7F6E-44DA-AD5F-64B2FE3D3816.jpeg\" alt=\"\" class=\"wp-image-12995\" srcset=\"https:\/\/mlbfrsat7ahr.i.optimole.com\/w:1024\/h:700\/q:mauto\/ig:avif\/https:\/\/noticiasnoface.com.br\/wp-content\/uploads\/2022\/11\/29E2BC39-7F6E-44DA-AD5F-64B2FE3D3816.jpeg 1024w, https:\/\/mlbfrsat7ahr.i.optimole.com\/w:300\/h:205\/q:mauto\/ig:avif\/https:\/\/noticiasnoface.com.br\/wp-content\/uploads\/2022\/11\/29E2BC39-7F6E-44DA-AD5F-64B2FE3D3816.jpeg 300w, https:\/\/mlbfrsat7ahr.i.optimole.com\/w:768\/h:525\/q:mauto\/ig:avif\/https:\/\/noticiasnoface.com.br\/wp-content\/uploads\/2022\/11\/29E2BC39-7F6E-44DA-AD5F-64B2FE3D3816.jpeg 768w, https:\/\/mlbfrsat7ahr.i.optimole.com\/w:1280\/h:875\/q:mauto\/ig:avif\/https:\/\/noticiasnoface.com.br\/wp-content\/uploads\/2022\/11\/29E2BC39-7F6E-44DA-AD5F-64B2FE3D3816.jpeg 1280w\" sizes=\"(max-width: 1000px) 100vw, 1000px\" \/><figcaption class=\"wp-element-caption\">Homem desafia a morte no Qatar <\/figcaption><\/figure>\n\n\n\n<figure class=\"wp-block-video\"><video height=\"720\" style=\"aspect-ratio: 1280 \/ 720;\" width=\"1280\" controls src=\"https:\/\/noticiasnoface.com.br\/wp-content\/uploads\/2022\/11\/f67aada1-10d5-44bf-b72d-6d355e0f5f4c.mp4\"><\/video><figcaption class=\"wp-element-caption\">Durante o jogo entre Portugal e Uruguai, um homem invadiu o campo para fazer um protesto. No est\u00e1dio Al Janoub, logo no in\u00edcio do segundo tempo, o torcedor entrou em campo com uma <strong>bandeira LGBTQIAP+<\/strong>, representada por um arco-\u00edris, e vestido com uma camiseta com os dizeres &#8220;respeito pelas mulheres iranianas&#8221;, nas costas, e &#8220;salvem a Ucr\u00e2nia&#8221;, na frente.<br \/>A manifesta\u00e7\u00e3o n\u00e3o durou muito tempo: o homem foi logo contido por tr\u00eas seguran\u00e7as, mas conseguiu jogar a bandeira no gramado \u2014 que foi retirada alguns segundos depois.<\/figcaption><\/figure>\n\n\n\n<p><\/p>\n","protected":false},"excerpt":{"rendered":"","protected":false},"author":1,"featured_media":0,"comment_status":"open","ping_status":"open","sticky":false,"template":"","format":"standard","meta":{"site-sidebar-layout":"default","site-content-layout":"","ast-site-content-layout":"default","site-content-style":"default","site-sidebar-style":"default","ast-global-header-display":"","ast-banner-title-visibility":"","ast-main-header-display":"","ast-hfb-above-header-display":"","ast-hfb-below-header-display":"","ast-hfb-mobile-header-display":"","site-post-title":"","ast-breadcrumbs-content":"","ast-featured-img":"","footer-sml-layout":"","ast-disable-related-posts":"","theme-transparent-header-meta":"","adv-header-id-meta":"","stick-header-meta":"","header-above-stick-meta":"","header-main-stick-meta":"","header-below-stick-meta":"","astra-migrate-meta-layouts":"default","ast-page-background-enabled":"default","ast-page-background-meta":{"desktop":{"background-color":"var(--ast-global-color-4)","background-image":"","background-repeat":"repeat","background-position":"center center","background-size":"auto","background-attachment":"scroll","background-type":"","background-media":"","overlay-type":"","overlay-color":"","overlay-opacity":"","overlay-gradient":""},"tablet":{"background-color":"","background-image":"","background-repeat":"repeat","background-position":"center center","background-size":"auto","background-attachment":"scroll","background-type":"","background-media":"","overlay-type":"","overlay-color":"","overlay-opacity":"","overlay-gradient":""},"mobile":{"background-color":"","background-image":"","background-repeat":"repeat","background-position":"center center","background-size":"auto","background-attachment":"scroll","background-type":"","background-media":"","overlay-type":"","overlay-color":"","overlay-opacity":"","overlay-gradient":""}},"ast-content-background-meta":{"desktop":{"background-color":"var(--ast-global-color-5)","background-image":"","background-repeat":"repeat","background-position":"center center","background-size":"auto","background-attachment":"scroll","background-type":"","background-media":"","overlay-type":"","overlay-color":"","overlay-opacity":"","overlay-gradient":""},"tablet":{"background-color":"var(--ast-global-color-5)","background-image":"","background-repeat":"repeat","background-position":"center center","background-size":"auto","background-attachment":"scroll","background-type":"","background-media":"","overlay-type":"","overlay-color":"","overlay-opacity":"","overlay-gradient":""},"mobile":{"background-color":"var(--ast-global-color-5)","background-image":"","background-repeat":"repeat","background-position":"center center","background-size":"auto","background-attachment":"scroll","background-type":"","background-media":"","overlay-type":"","overlay-color":"","overlay-opacity":"","overlay-gradient":""}},"footnotes":""},"categories":[517],"tags":[1408,2201,2161,1429,50,22],"class_list":["post-12992","post","type-post","status-publish","format-standard","hentry","category-aconteceu","tag-bandeira","tag-campo","tag-copa-do-mundo","tag-lgbt","tag-noticias-do-face","tag-noticias-no-face"],"_links":{"self":[{"href":"https:\/\/noticiasnoface.com.br\/index.php\/wp-json\/wp\/v2\/posts\/12992","targetHints":{"allow":["GET"]}}],"collection":[{"href":"https:\/\/noticiasnoface.com.br\/index.php\/wp-json\/wp\/v2\/posts"}],"about":[{"href":"https:\/\/noticiasnoface.com.br\/index.php\/wp-json\/wp\/v2\/types\/post"}],"author":[{"embeddable":true,"href":"https:\/\/noticiasnoface.com.br\/index.php\/wp-json\/wp\/v2\/users\/1"}],"replies":[{"embeddable":true,"href":"https:\/\/noticiasnoface.com.br\/index.php\/wp-json\/wp\/v2\/comments?post=12992"}],"version-history":[{"count":4,"href":"https:\/\/noticiasnoface.com.br\/index.php\/wp-json\/wp\/v2\/posts\/12992\/revisions"}],"predecessor-version":[{"id":13000,"href":"https:\/\/noticiasnoface.com.br\/index.php\/wp-json\/wp\/v2\/posts\/12992\/revisions\/13000"}],"wp:attachment":[{"href":"https:\/\/noticiasnoface.com.br\/index.php\/wp-json\/wp\/v2\/media?parent=12992"}],"wp:term":[{"taxonomy":"category","embeddable":true,"href":"https:\/\/noticiasnoface.com.br\/index.php\/wp-json\/wp\/v2\/categories?post=12992"},{"taxonomy":"post_tag","embeddable":true,"href":"https:\/\/noticiasnoface.com.br\/index.php\/wp-json\/wp\/v2\/tags?post=12992"}],"curies":[{"name":"wp","href":"https:\/\/api.w.org\/{rel}","templated":true}]}}