{"id":13010,"date":"2022-11-28T22:02:52","date_gmt":"2022-11-29T01:02:52","guid":{"rendered":"https:\/\/noticiasnoface.com.br\/?p=13010"},"modified":"2022-11-28T22:02:53","modified_gmt":"2022-11-29T01:02:53","slug":"frente-parlamentar-da-crianca-debate-os-desafios-da-assistencia-materno-infantil","status":"publish","type":"post","link":"https:\/\/noticiasnoface.com.br\/index.php\/2022\/11\/28\/frente-parlamentar-da-crianca-debate-os-desafios-da-assistencia-materno-infantil\/","title":{"rendered":"Frente Parlamentar da Crian\u00e7a debate os Desafios da Assist\u00eancia Materno Infantil"},"content":{"rendered":"\n<figure class=\"wp-block-image size-large\"><img data-opt-id=1107647556  fetchpriority=\"high\" decoding=\"async\" width=\"1024\" height=\"614\" src=\"https:\/\/mlbfrsat7ahr.i.optimole.com\/w:1024\/h:614\/q:mauto\/ig:avif\/https:\/\/noticiasnoface.com.br\/wp-content\/uploads\/2022\/11\/8163A475-3E19-4C9F-BA83-1F05C64FA35F.jpeg\" alt=\"\" class=\"wp-image-13011\" srcset=\"https:\/\/mlbfrsat7ahr.i.optimole.com\/w:1024\/h:614\/q:mauto\/ig:avif\/https:\/\/noticiasnoface.com.br\/wp-content\/uploads\/2022\/11\/8163A475-3E19-4C9F-BA83-1F05C64FA35F.jpeg 1024w, https:\/\/mlbfrsat7ahr.i.optimole.com\/w:300\/h:180\/q:mauto\/ig:avif\/https:\/\/noticiasnoface.com.br\/wp-content\/uploads\/2022\/11\/8163A475-3E19-4C9F-BA83-1F05C64FA35F.jpeg 300w, https:\/\/mlbfrsat7ahr.i.optimole.com\/w:768\/h:461\/q:mauto\/ig:avif\/https:\/\/noticiasnoface.com.br\/wp-content\/uploads\/2022\/11\/8163A475-3E19-4C9F-BA83-1F05C64FA35F.jpeg 768w, https:\/\/mlbfrsat7ahr.i.optimole.com\/w:1280\/h:768\/q:mauto\/ig:avif\/https:\/\/noticiasnoface.com.br\/wp-content\/uploads\/2022\/11\/8163A475-3E19-4C9F-BA83-1F05C64FA35F.jpeg 1280w\" sizes=\"(max-width: 1000px) 100vw, 1000px\" \/><figcaption class=\"wp-element-caption\">A Frente Parlamentar em Defesa dos Direitos da Crian\u00e7a e do Adolescente da C\u00e2mara Municipal de Natal realizou uma audi\u00eancia p\u00fablica, na manh\u00e3 desta sexta-feira (25), para tratar sobre o \u201cPanorama Atual e Desafios da Assist\u00eancia Materno Infantil no Munic\u00edpio de Natal\u201d.\u00a0<br>No debate foram explorados temas como a situa\u00e7\u00e3o das maternidades e hospitais que atendem gestantes e rec\u00e9m-nascidos, vacina\u00e7\u00e3o infantil e tamb\u00e9m nascimentos prematuros, em alus\u00e3o ao Novembro Roxo, m\u00eas internacional de sensibiliza\u00e7\u00e3o \u00e0 prematuridade.\u00a0<br>\u201cCom o contexto atual da precariedade que se refere \u00e0 aten\u00e7\u00e3o materno infantil aqui no munic\u00edpio e no estado, onde estamos vendo o fechamento de algumas unidades importantes, provocamos essa audi\u00eancia para que possamos pensar, montar estrat\u00e9gias e assegurar or\u00e7amento para a continuidade e o n\u00e3o fechamento dessas unidades que acolhem e atendem essas m\u00e3es e beb\u00eas\u201d, explicou a presidente da Frente Parlamentar, vereadora J\u00falia Arruda (PCdoB).\u00a0<br>\u201c13% dos nascidos vivos em Natal s\u00e3o prematuros e demandam de uma assist\u00eancia muito especializada, em especial se eles tiverem uma idade gestacional muito baixa. Ent\u00e3o, o aumento da incid\u00eancia de partos prematuros chama a aten\u00e7\u00e3o para a precariedade do sistema de sa\u00fade, e sabemos que al\u00e9m da necessidade dos recursos materiais, ter apenas o leito e os equipamentos n\u00e3o s\u00e3o suficientes. \u00c9 preciso tamb\u00e9m de uma equipe multidisciplinar que atue na assist\u00eancia ao rec\u00e9m nascido\u201d, explicou Devani Pires, representante da Sociedade de Pediatria do Rio Grande do Norte (SOPERN).<br>Al\u00e9m da SOPERN, a Secretaria Municipal de Sa\u00fade e o Sindicato dos Trabalhadores e Trabalhadoras em Sa\u00fade do Rio Grande do Norte (Sindsa\u00fade) tamb\u00e9m estiveram presentes. Rejane Rodrigues, representante do Sindsa\u00fade, afirmou que a popula\u00e7\u00e3o de baixa renda \u00e9 a que mais sofre com a precariedade do sistema de sa\u00fade.\u00a0\u201cO grande problema da sa\u00fade na cidade de Natal \u00e9 a falta de investimento. Os servi\u00e7os que est\u00e3o abertos s\u00e3o muito prec\u00e1rios e mesmo assim est\u00e3o sendo fechados, o que vem dificultando um atendimento de qualidade e tamb\u00e9m um retorno para a sa\u00fade da popula\u00e7\u00e3o\u201d, afirmou.<br>Sobre os demais temas debatidos, Vaneska Gadelha, representante da Secretaria Municipal de Sa\u00fade, ressaltou a import\u00e2ncia da vacina\u00e7\u00e3o. \u201cUm dos pilares da sa\u00fade p\u00fablica \u00e9 a imuniza\u00e7\u00e3o, que \u00e9 capaz de fazer com que as pessoas n\u00e3o adoe\u00e7am ou caso adoe\u00e7am, fiquem em um contexto de n\u00e3o mortalidade ou de um adoecimento enfraquecido. A popula\u00e7\u00e3o hoje esquece dessa preven\u00e7\u00e3o t\u00e3o importante e presente na vida desde o nascimento at\u00e9 a velhice. E hoje se temos uma expectativa de vida maior, \u00e9 por causa da imuniza\u00e7\u00e3o, que garante o n\u00e3o agravamento de doen\u00e7as que antigamente eram fatais, mesmo se contra\u00eddas por crian\u00e7as ou idosos\u201d, concluiu.<br><br><\/figcaption><\/figure>\n","protected":false},"excerpt":{"rendered":"","protected":false},"author":1,"featured_media":0,"comment_status":"open","ping_status":"open","sticky":false,"template":"","format":"standard","meta":{"site-sidebar-layout":"default","site-content-layout":"","ast-site-content-layout":"default","site-content-style":"default","site-sidebar-style":"default","ast-global-header-display":"","ast-banner-title-visibility":"","ast-main-header-display":"","ast-hfb-above-header-display":"","ast-hfb-below-header-display":"","ast-hfb-mobile-header-display":"","site-post-title":"","ast-breadcrumbs-content":"","ast-featured-img":"","footer-sml-layout":"","ast-disable-related-posts":"","theme-transparent-header-meta":"","adv-header-id-meta":"","stick-header-meta":"","header-above-stick-meta":"","header-main-stick-meta":"","header-below-stick-meta":"","astra-migrate-meta-layouts":"default","ast-page-background-enabled":"default","ast-page-background-meta":{"desktop":{"background-color":"var(--ast-global-color-4)","background-image":"","background-repeat":"repeat","background-position":"center center","background-size":"auto","background-attachment":"scroll","background-type":"","background-media":"","overlay-type":"","overlay-color":"","overlay-opacity":"","overlay-gradient":""},"tablet":{"background-color":"","background-image":"","background-repeat":"repeat","background-position":"center center","background-size":"auto","background-attachment":"scroll","background-type":"","background-media":"","overlay-type":"","overlay-color":"","overlay-opacity":"","overlay-gradient":""},"mobile":{"background-color":"","background-image":"","background-repeat":"repeat","background-position":"center center","background-size":"auto","background-attachment":"scroll","background-type":"","background-media":"","overlay-type":"","overlay-color":"","overlay-opacity":"","overlay-gradient":""}},"ast-content-background-meta":{"desktop":{"background-color":"var(--ast-global-color-5)","background-image":"","background-repeat":"repeat","background-position":"center center","background-size":"auto","background-attachment":"scroll","background-type":"","background-media":"","overlay-type":"","overlay-color":"","overlay-opacity":"","overlay-gradient":""},"tablet":{"background-color":"var(--ast-global-color-5)","background-image":"","background-repeat":"repeat","background-position":"center center","background-size":"auto","background-attachment":"scroll","background-type":"","background-media":"","overlay-type":"","overlay-color":"","overlay-opacity":"","overlay-gradient":""},"mobile":{"background-color":"var(--ast-global-color-5)","background-image":"","background-repeat":"repeat","background-position":"center center","background-size":"auto","background-attachment":"scroll","background-type":"","background-media":"","overlay-type":"","overlay-color":"","overlay-opacity":"","overlay-gradient":""}},"footnotes":""},"categories":[517],"tags":[],"class_list":["post-13010","post","type-post","status-publish","format-standard","hentry","category-aconteceu"],"_links":{"self":[{"href":"https:\/\/noticiasnoface.com.br\/index.php\/wp-json\/wp\/v2\/posts\/13010","targetHints":{"allow":["GET"]}}],"collection":[{"href":"https:\/\/noticiasnoface.com.br\/index.php\/wp-json\/wp\/v2\/posts"}],"about":[{"href":"https:\/\/noticiasnoface.com.br\/index.php\/wp-json\/wp\/v2\/types\/post"}],"author":[{"embeddable":true,"href":"https:\/\/noticiasnoface.com.br\/index.php\/wp-json\/wp\/v2\/users\/1"}],"replies":[{"embeddable":true,"href":"https:\/\/noticiasnoface.com.br\/index.php\/wp-json\/wp\/v2\/comments?post=13010"}],"version-history":[{"count":1,"href":"https:\/\/noticiasnoface.com.br\/index.php\/wp-json\/wp\/v2\/posts\/13010\/revisions"}],"predecessor-version":[{"id":13012,"href":"https:\/\/noticiasnoface.com.br\/index.php\/wp-json\/wp\/v2\/posts\/13010\/revisions\/13012"}],"wp:attachment":[{"href":"https:\/\/noticiasnoface.com.br\/index.php\/wp-json\/wp\/v2\/media?parent=13010"}],"wp:term":[{"taxonomy":"category","embeddable":true,"href":"https:\/\/noticiasnoface.com.br\/index.php\/wp-json\/wp\/v2\/categories?post=13010"},{"taxonomy":"post_tag","embeddable":true,"href":"https:\/\/noticiasnoface.com.br\/index.php\/wp-json\/wp\/v2\/tags?post=13010"}],"curies":[{"name":"wp","href":"https:\/\/api.w.org\/{rel}","templated":true}]}}