{"id":13017,"date":"2022-11-29T10:19:06","date_gmt":"2022-11-29T13:19:06","guid":{"rendered":"https:\/\/noticiasnoface.com.br\/?p=13017"},"modified":"2022-11-29T10:19:08","modified_gmt":"2022-11-29T13:19:08","slug":"deu-merda","status":"publish","type":"post","link":"https:\/\/noticiasnoface.com.br\/index.php\/2022\/11\/29\/deu-merda\/","title":{"rendered":"Deu merda!"},"content":{"rendered":"\n<figure class=\"wp-block-image size-full\"><img data-opt-id=1560192066  fetchpriority=\"high\" decoding=\"async\" width=\"800\" height=\"450\" src=\"https:\/\/mlbfrsat7ahr.i.optimole.com\/w:auto\/h:auto\/q:mauto\/ig:avif\/https:\/\/noticiasnoface.com.br\/wp-content\/uploads\/2022\/11\/736891C4-C18E-44C1-A926-055EB1DDAF95.jpeg\" alt=\"\" class=\"wp-image-13018\" srcset=\"https:\/\/mlbfrsat7ahr.i.optimole.com\/w:800\/h:450\/q:mauto\/ig:avif\/https:\/\/noticiasnoface.com.br\/wp-content\/uploads\/2022\/11\/736891C4-C18E-44C1-A926-055EB1DDAF95.jpeg 800w, https:\/\/mlbfrsat7ahr.i.optimole.com\/w:300\/h:169\/q:mauto\/ig:avif\/https:\/\/noticiasnoface.com.br\/wp-content\/uploads\/2022\/11\/736891C4-C18E-44C1-A926-055EB1DDAF95.jpeg 300w, https:\/\/mlbfrsat7ahr.i.optimole.com\/w:768\/h:432\/q:mauto\/ig:avif\/https:\/\/noticiasnoface.com.br\/wp-content\/uploads\/2022\/11\/736891C4-C18E-44C1-A926-055EB1DDAF95.jpeg 768w\" sizes=\"(max-width: 800px) 100vw, 800px\" \/><figcaption class=\"wp-element-caption\">O\u00a0cantor Naldo Benny usou as redes sociais para revelar que teve uma complica\u00e7\u00e3o ap\u00f3s uma cirurgia de rinomodela\u00e7\u00e3o. Ele apareceu com um princ\u00edpio de n\u20accrose no nariz e deu declara\u00e7\u00f5es sobre o caso.<br><br>\u2013 Fiz um procedimento no nariz que n\u00e3o ficou legal. Estou tendo que ir agora r\u00e1pido pegar um voo para S\u00e3o Paulo (\u2026). Fiquei realmente muito preocupado. Tive uma intercorr\u00eancia no procedimento, que pode acontecer. Acabou acontecendo comigo, mas j\u00e1 estou sendo muito bem assistido \u2013 disse o cantor.<br><br>Ele\u00a0realizou a viagem no s\u00e1bado (26). As informa\u00e7\u00f5es s\u00e3o do Metr\u00f3poles.<br>Naldo disse ainda que estava muito preocupado, mas que est\u00e1 bem ap\u00f3s ter iniciado o tratamento contra a n\u20accrose.<br>\u2013 \u00c9 um processo um pouco longo [de tratamento], mas est\u00e1 tudo legal, s\u00f3 que tem um tempinho para ser cuidado \u2013 contou.<br>O artista tamb\u00e9m compartilhou o relato de uma m\u00e9dica que cuidar\u00e1 do caso.<br>\u2013 Ele realizou um procedimento com outro profissional e teve uma intercorr\u00eancia. Uma oblitera\u00e7\u00e3o de vasos e um princ\u00edpio de n\u20accrose. \u00c9 preciso utilizar t\u00e9cnica segura, mas n\u00e3o estamos aqui para julgar ningu\u00e9m e sim ajudar \u2013 explicou a profissional de sa\u00fade.<br>De acordo com Wendell Uguetto, cirurgi\u00e3o plastico da Sociedade Brasileira de Cirurgia Pl\u00e1stica e do Hospital Albert Einstein, o que aconteceu com Naldo \u00e9 raro.<\/figcaption><\/figure>\n","protected":false},"excerpt":{"rendered":"","protected":false},"author":1,"featured_media":0,"comment_status":"open","ping_status":"open","sticky":false,"template":"","format":"standard","meta":{"site-sidebar-layout":"default","site-content-layout":"","ast-site-content-layout":"default","site-content-style":"default","site-sidebar-style":"default","ast-global-header-display":"","ast-banner-title-visibility":"","ast-main-header-display":"","ast-hfb-above-header-display":"","ast-hfb-below-header-display":"","ast-hfb-mobile-header-display":"","site-post-title":"","ast-breadcrumbs-content":"","ast-featured-img":"","footer-sml-layout":"","ast-disable-related-posts":"","theme-transparent-header-meta":"","adv-header-id-meta":"","stick-header-meta":"","header-above-stick-meta":"","header-main-stick-meta":"","header-below-stick-meta":"","astra-migrate-meta-layouts":"default","ast-page-background-enabled":"default","ast-page-background-meta":{"desktop":{"background-color":"var(--ast-global-color-4)","background-image":"","background-repeat":"repeat","background-position":"center center","background-size":"auto","background-attachment":"scroll","background-type":"","background-media":"","overlay-type":"","overlay-color":"","overlay-opacity":"","overlay-gradient":""},"tablet":{"background-color":"","background-image":"","background-repeat":"repeat","background-position":"center center","background-size":"auto","background-attachment":"scroll","background-type":"","background-media":"","overlay-type":"","overlay-color":"","overlay-opacity":"","overlay-gradient":""},"mobile":{"background-color":"","background-image":"","background-repeat":"repeat","background-position":"center center","background-size":"auto","background-attachment":"scroll","background-type":"","background-media":"","overlay-type":"","overlay-color":"","overlay-opacity":"","overlay-gradient":""}},"ast-content-background-meta":{"desktop":{"background-color":"var(--ast-global-color-5)","background-image":"","background-repeat":"repeat","background-position":"center center","background-size":"auto","background-attachment":"scroll","background-type":"","background-media":"","overlay-type":"","overlay-color":"","overlay-opacity":"","overlay-gradient":""},"tablet":{"background-color":"var(--ast-global-color-5)","background-image":"","background-repeat":"repeat","background-position":"center center","background-size":"auto","background-attachment":"scroll","background-type":"","background-media":"","overlay-type":"","overlay-color":"","overlay-opacity":"","overlay-gradient":""},"mobile":{"background-color":"var(--ast-global-color-5)","background-image":"","background-repeat":"repeat","background-position":"center center","background-size":"auto","background-attachment":"scroll","background-type":"","background-media":"","overlay-type":"","overlay-color":"","overlay-opacity":"","overlay-gradient":""}},"footnotes":""},"categories":[155],"tags":[2204,2205,2206,2207,22],"class_list":["post-13017","post","type-post","status-publish","format-standard","hentry","category-saude","tag-naldo","tag-naldo-benny","tag-nariz","tag-necrose","tag-noticias-no-face"],"_links":{"self":[{"href":"https:\/\/noticiasnoface.com.br\/index.php\/wp-json\/wp\/v2\/posts\/13017","targetHints":{"allow":["GET"]}}],"collection":[{"href":"https:\/\/noticiasnoface.com.br\/index.php\/wp-json\/wp\/v2\/posts"}],"about":[{"href":"https:\/\/noticiasnoface.com.br\/index.php\/wp-json\/wp\/v2\/types\/post"}],"author":[{"embeddable":true,"href":"https:\/\/noticiasnoface.com.br\/index.php\/wp-json\/wp\/v2\/users\/1"}],"replies":[{"embeddable":true,"href":"https:\/\/noticiasnoface.com.br\/index.php\/wp-json\/wp\/v2\/comments?post=13017"}],"version-history":[{"count":1,"href":"https:\/\/noticiasnoface.com.br\/index.php\/wp-json\/wp\/v2\/posts\/13017\/revisions"}],"predecessor-version":[{"id":13019,"href":"https:\/\/noticiasnoface.com.br\/index.php\/wp-json\/wp\/v2\/posts\/13017\/revisions\/13019"}],"wp:attachment":[{"href":"https:\/\/noticiasnoface.com.br\/index.php\/wp-json\/wp\/v2\/media?parent=13017"}],"wp:term":[{"taxonomy":"category","embeddable":true,"href":"https:\/\/noticiasnoface.com.br\/index.php\/wp-json\/wp\/v2\/categories?post=13017"},{"taxonomy":"post_tag","embeddable":true,"href":"https:\/\/noticiasnoface.com.br\/index.php\/wp-json\/wp\/v2\/tags?post=13017"}],"curies":[{"name":"wp","href":"https:\/\/api.w.org\/{rel}","templated":true}]}}