{"id":13020,"date":"2022-11-29T12:56:17","date_gmt":"2022-11-29T15:56:17","guid":{"rendered":"https:\/\/noticiasnoface.com.br\/?p=13020"},"modified":"2022-11-29T13:00:41","modified_gmt":"2022-11-29T16:00:41","slug":"alexandre-de-moraes-da-24-horas-para-sao-pedro-parar-as-chuvas","status":"publish","type":"post","link":"https:\/\/noticiasnoface.com.br\/index.php\/2022\/11\/29\/alexandre-de-moraes-da-24-horas-para-sao-pedro-parar-as-chuvas\/","title":{"rendered":"Alexandre de Moraes da 24 horas para S\u00e3o Pedro parar as chuvas no Paran\u00e1"},"content":{"rendered":"\n<p><\/p>\n\n\n\n<figure class=\"wp-block-image size-full\"><img data-opt-id=339448927  fetchpriority=\"high\" decoding=\"async\" width=\"930\" height=\"698\" src=\"https:\/\/mlbfrsat7ahr.i.optimole.com\/w:auto\/h:auto\/q:mauto\/ig:avif\/https:\/\/noticiasnoface.com.br\/wp-content\/uploads\/2022\/11\/9290F610-3ED9-46C6-8FD1-1F6FDF1464FB.webp\" alt=\"\" class=\"wp-image-13022\" srcset=\"https:\/\/mlbfrsat7ahr.i.optimole.com\/w:930\/h:698\/q:mauto\/ig:avif\/https:\/\/noticiasnoface.com.br\/wp-content\/uploads\/2022\/11\/9290F610-3ED9-46C6-8FD1-1F6FDF1464FB.webp 930w, https:\/\/mlbfrsat7ahr.i.optimole.com\/w:300\/h:225\/q:mauto\/ig:avif\/https:\/\/noticiasnoface.com.br\/wp-content\/uploads\/2022\/11\/9290F610-3ED9-46C6-8FD1-1F6FDF1464FB.webp 300w, https:\/\/mlbfrsat7ahr.i.optimole.com\/w:768\/h:576\/q:mauto\/ig:avif\/https:\/\/noticiasnoface.com.br\/wp-content\/uploads\/2022\/11\/9290F610-3ED9-46C6-8FD1-1F6FDF1464FB.webp 768w\" sizes=\"(max-width: 930px) 100vw, 930px\" \/><figcaption class=\"wp-element-caption\">Trag\u00e9dia<br \/>&nbsp;[V\u00cdDEOS] Equipes buscam desaparecidos ap\u00f3s grande deslizamento deixar carros e caminh\u00f5es soterrados no PR<br \/>Corpo de Bombeiros do Paran\u00e1 est\u00e1 fazendo buscas na regi\u00e3o, mas a chuva que ainda cai atrapalha o trabalho de resgate<br \/>29\/11\/2022&nbsp;|&nbsp;11:26<br \/><img data-opt-id=741632837  fetchpriority=\"high\" decoding=\"async\" width=\"930\" height=\"698\" srcset=\"https:\/\/98fmnatal.com.br\/wp-content\/uploads\/2022\/11\/deslizamento-930x698.jpg 930w, https:\/\/98fmnatal.com.br\/wp-content\/uploads\/2022\/11\/deslizamento-728x546.jpg 728w\" src=\"https:\/\/98fmnatal.com.br\/wp-content\/uploads\/2022\/11\/deslizamento-930x698.jpg\" alt=\"\" \/><br \/>Deslizamento de terra arrasta carros e caminh\u00f5es na BR-376 &#8211; Foto: Reprodu\u00e7\u00e3o<br \/>Motoristas e passageiros de dez carros e cinco caminh\u00f5es est\u00e3o desaparecidos ap\u00f3s um deslizamento de terra, causado por uma forte chuva, atingir os ve\u00edculos na BR-376, altura da cidade de Guaratuba (PR), na noite dessa segunda-feira (28).<br \/>O Corpo de Bombeiros do Paran\u00e1 est\u00e1 fazendo buscas na regi\u00e3o, mas a chuva que ainda cai atrapalha o trabalho de resgate.<br \/>Segundo informa\u00e7\u00f5es da RPC Curitiba, um corpo foi encontrado ainda na noite de segunda-feira. Ainda n\u00e3o se sabe o n\u00famero exato de desaparecidos.<br \/>Autoridades disseram que foram dois deslizamentos de terra registrados na regi\u00e3o: um \u00e0s 15h30 de segunda-feira e outro \u00e0s 19h, que atingiu os carros e caminh\u00f5es.<br \/>Por causa da instabilidade do local e tamb\u00e9m para permitir o trabalho dos bombeiros, a BR-376 est\u00e1 bloqueada na liga\u00e7\u00e3o do Paran\u00e1 e Santa Catarina.<\/figcaption><\/figure>\n\n\n\n<figure class=\"wp-block-video\"><video height=\"640\" style=\"aspect-ratio: 352 \/ 640;\" width=\"352\" controls src=\"https:\/\/noticiasnoface.com.br\/wp-content\/uploads\/2022\/11\/IMG_7433.mov\"><\/video><figcaption class=\"wp-element-caption\">Equipes de resgate trabalham 24 horas <\/figcaption><\/figure>\n\n\n\n<figure class=\"wp-block-video\"><video height=\"360\" style=\"aspect-ratio: 640 \/ 360;\" width=\"640\" controls src=\"https:\/\/noticiasnoface.com.br\/wp-content\/uploads\/2022\/11\/2022-11-29_125452_video.mp4\"><\/video><figcaption class=\"wp-element-caption\">Um cen\u00e1rio de guerra \u00e9 registrado na manh\u00e3 desta ter\u00e7a-feira (29) na BR-376, em Guaratuba, no Paran\u00e1. V\u00e1rios carros, caminh\u00f5es e um \u00f4nibus est\u00e3o soterrados<\/figcaption><\/figure>\n\n\n\n<figure class=\"wp-block-video\"><video height=\"360\" style=\"aspect-ratio: 640 \/ 360;\" width=\"640\" controls src=\"https:\/\/noticiasnoface.com.br\/wp-content\/uploads\/2022\/11\/2022-11-29_125800_video.mp4\"><\/video><figcaption class=\"wp-element-caption\">Um cen\u00e1rio de guerra \u00e9 registrado na manh\u00e3 desta ter\u00e7a-feira (29) na BR-376, em Guaratuba, no Paran\u00e1. V\u00e1rios carros, caminh\u00f5es e um \u00f4nibus est\u00e3o soterrados.<\/figcaption><\/figure>\n","protected":false},"excerpt":{"rendered":"","protected":false},"author":1,"featured_media":0,"comment_status":"open","ping_status":"open","sticky":false,"template":"","format":"standard","meta":{"site-sidebar-layout":"default","site-content-layout":"","ast-site-content-layout":"default","site-content-style":"default","site-sidebar-style":"default","ast-global-header-display":"","ast-banner-title-visibility":"","ast-main-header-display":"","ast-hfb-above-header-display":"","ast-hfb-below-header-display":"","ast-hfb-mobile-header-display":"","site-post-title":"","ast-breadcrumbs-content":"","ast-featured-img":"","footer-sml-layout":"","ast-disable-related-posts":"","theme-transparent-header-meta":"","adv-header-id-meta":"","stick-header-meta":"","header-above-stick-meta":"","header-main-stick-meta":"","header-below-stick-meta":"","astra-migrate-meta-layouts":"default","ast-page-background-enabled":"default","ast-page-background-meta":{"desktop":{"background-color":"var(--ast-global-color-4)","background-image":"","background-repeat":"repeat","background-position":"center center","background-size":"auto","background-attachment":"scroll","background-type":"","background-media":"","overlay-type":"","overlay-color":"","overlay-opacity":"","overlay-gradient":""},"tablet":{"background-color":"","background-image":"","background-repeat":"repeat","background-position":"center center","background-size":"auto","background-attachment":"scroll","background-type":"","background-media":"","overlay-type":"","overlay-color":"","overlay-opacity":"","overlay-gradient":""},"mobile":{"background-color":"","background-image":"","background-repeat":"repeat","background-position":"center center","background-size":"auto","background-attachment":"scroll","background-type":"","background-media":"","overlay-type":"","overlay-color":"","overlay-opacity":"","overlay-gradient":""}},"ast-content-background-meta":{"desktop":{"background-color":"var(--ast-global-color-5)","background-image":"","background-repeat":"repeat","background-position":"center center","background-size":"auto","background-attachment":"scroll","background-type":"","background-media":"","overlay-type":"","overlay-color":"","overlay-opacity":"","overlay-gradient":""},"tablet":{"background-color":"var(--ast-global-color-5)","background-image":"","background-repeat":"repeat","background-position":"center center","background-size":"auto","background-attachment":"scroll","background-type":"","background-media":"","overlay-type":"","overlay-color":"","overlay-opacity":"","overlay-gradient":""},"mobile":{"background-color":"var(--ast-global-color-5)","background-image":"","background-repeat":"repeat","background-position":"center center","background-size":"auto","background-attachment":"scroll","background-type":"","background-media":"","overlay-type":"","overlay-color":"","overlay-opacity":"","overlay-gradient":""}},"footnotes":""},"categories":[517],"tags":[9,263,2208,126,50,70],"class_list":["post-13020","post","type-post","status-publish","format-standard","hentry","category-aconteceu","tag-alexandre-de-moraes","tag-chuvas","tag-chuvas-no-parana","tag-ministro-alexandre-de-moraes","tag-noticias-do-face","tag-tragedia"],"_links":{"self":[{"href":"https:\/\/noticiasnoface.com.br\/index.php\/wp-json\/wp\/v2\/posts\/13020","targetHints":{"allow":["GET"]}}],"collection":[{"href":"https:\/\/noticiasnoface.com.br\/index.php\/wp-json\/wp\/v2\/posts"}],"about":[{"href":"https:\/\/noticiasnoface.com.br\/index.php\/wp-json\/wp\/v2\/types\/post"}],"author":[{"embeddable":true,"href":"https:\/\/noticiasnoface.com.br\/index.php\/wp-json\/wp\/v2\/users\/1"}],"replies":[{"embeddable":true,"href":"https:\/\/noticiasnoface.com.br\/index.php\/wp-json\/wp\/v2\/comments?post=13020"}],"version-history":[{"count":3,"href":"https:\/\/noticiasnoface.com.br\/index.php\/wp-json\/wp\/v2\/posts\/13020\/revisions"}],"predecessor-version":[{"id":13028,"href":"https:\/\/noticiasnoface.com.br\/index.php\/wp-json\/wp\/v2\/posts\/13020\/revisions\/13028"}],"wp:attachment":[{"href":"https:\/\/noticiasnoface.com.br\/index.php\/wp-json\/wp\/v2\/media?parent=13020"}],"wp:term":[{"taxonomy":"category","embeddable":true,"href":"https:\/\/noticiasnoface.com.br\/index.php\/wp-json\/wp\/v2\/categories?post=13020"},{"taxonomy":"post_tag","embeddable":true,"href":"https:\/\/noticiasnoface.com.br\/index.php\/wp-json\/wp\/v2\/tags?post=13020"}],"curies":[{"name":"wp","href":"https:\/\/api.w.org\/{rel}","templated":true}]}}