{"id":13033,"date":"2022-11-29T19:20:18","date_gmt":"2022-11-29T22:20:18","guid":{"rendered":"https:\/\/noticiasnoface.com.br\/?p=13033"},"modified":"2022-11-29T19:23:40","modified_gmt":"2022-11-29T22:23:40","slug":"crianca-vai-comprar-pao-some-e-e-encontrada-enterrada","status":"publish","type":"post","link":"https:\/\/noticiasnoface.com.br\/index.php\/2022\/11\/29\/crianca-vai-comprar-pao-some-e-e-encontrada-enterrada\/","title":{"rendered":"Crian\u00e7a vai comprar p\u00e3o some e \u00e9 encontrada enterrada"},"content":{"rendered":"\n<figure class=\"wp-block-image size-full\"><img data-opt-id=1258676934  fetchpriority=\"high\" decoding=\"async\" width=\"915\" height=\"570\" src=\"https:\/\/mlbfrsat7ahr.i.optimole.com\/w:auto\/h:auto\/q:mauto\/ig:avif\/https:\/\/noticiasnoface.com.br\/wp-content\/uploads\/2022\/11\/CE58FDB1-964B-42A3-B2B0-514902631681.jpeg\" alt=\"\" class=\"wp-image-13034\" srcset=\"https:\/\/mlbfrsat7ahr.i.optimole.com\/w:915\/h:570\/q:mauto\/ig:avif\/https:\/\/noticiasnoface.com.br\/wp-content\/uploads\/2022\/11\/CE58FDB1-964B-42A3-B2B0-514902631681.jpeg 915w, https:\/\/mlbfrsat7ahr.i.optimole.com\/w:300\/h:187\/q:mauto\/ig:avif\/https:\/\/noticiasnoface.com.br\/wp-content\/uploads\/2022\/11\/CE58FDB1-964B-42A3-B2B0-514902631681.jpeg 300w, https:\/\/mlbfrsat7ahr.i.optimole.com\/w:768\/h:478\/q:mauto\/ig:avif\/https:\/\/noticiasnoface.com.br\/wp-content\/uploads\/2022\/11\/CE58FDB1-964B-42A3-B2B0-514902631681.jpeg 768w\" sizes=\"(max-width: 915px) 100vw, 915px\" \/><figcaption class=\"wp-element-caption\">O corpo de uma menina de 12 anos foi encontrado na manh\u00e3 de hoje, enterrado no quintal da casa de um vizinho da fam\u00edlia dela, no Setor Madre Germana 2, em Goi\u00e2nia (GO). Luana Alves saiu na manh\u00e3 de domingo (27) para comprar p\u00e3o, por volta das 9h30, e n\u00e3o voltou mais.<br \/><br \/>O suspeito, um homem de 31 anos, foi preso na manh\u00e3 de hoje. Segundo a Pol\u00edcia Civil, ele confessou o crime e levou os agentes ao local onde enterrou a v\u00edtima. De acordo com a delegada Caroline Borges, da Delegacia de Prote\u00e7\u00e3o \u00e0 Crian\u00e7a e ao Adolescente, o homem at\u20acou fogo no corpo antes de o enterrar.<br \/><br \/>&#8220;Ontem o suspeito foi ouvido pela pol\u00edcia e fomos \u00e0 casa dele, com o aux\u00edlio de c\u00e3es farejadores, mas n\u00e3o achamos nada porque ele at\u20acou fogo no corpo antes de enterrar e ainda jogou cimento e terra em cima&#8221;, contou a delegada.<br \/>De acordo com Caroline, o suspeito \u00e9 conhecido da fam\u00edlia da menina. &#8220;O homem convenceu a Luana a entrar no carro dele, dizendo que estava devendo \u00e0 m\u00e3e dela e que faria o pagamento do valor. Na casa dele, ele matou a crian\u00e7a asf,ixiada&#8221;, relatou a delegada.<br \/>Em um v\u00eddeo divulgado pela pol\u00edcia, ele \u00e9 questionado sobre o que usou para matar a garota: &#8220;Eu n\u00e3o usei nada, usei s\u00f3 o bra\u00e7o&#8221;.<br \/>&#8220;Ela entrou [no carro] porque ela quis, eu n\u00e3o forcei nada, n\u00e3o. Eu falei que tava devendo pros pais dela e que ia passar o dinheiro para eles. A\u00ed eu ia levar pra casa dela. (&#8230;) Eu matei ela, enforcada&#8221;, diz o suspeito.<\/figcaption><\/figure>\n\n\n\n<h2 class=\"wp-block-heading\">O desaparecimento <\/h2>\n\n\n\n<figure class=\"wp-block-image size-full\"><img data-opt-id=201794446  fetchpriority=\"high\" decoding=\"async\" width=\"640\" height=\"360\" src=\"https:\/\/mlbfrsat7ahr.i.optimole.com\/w:auto\/h:auto\/q:mauto\/ig:avif\/https:\/\/noticiasnoface.com.br\/wp-content\/uploads\/2022\/11\/F1A60369-3114-4CAD-BD2F-2BDA676FA4BA.jpeg\" alt=\"\" class=\"wp-image-13035\" srcset=\"https:\/\/mlbfrsat7ahr.i.optimole.com\/w:640\/h:360\/q:mauto\/ig:avif\/https:\/\/noticiasnoface.com.br\/wp-content\/uploads\/2022\/11\/F1A60369-3114-4CAD-BD2F-2BDA676FA4BA.jpeg 640w, https:\/\/mlbfrsat7ahr.i.optimole.com\/w:300\/h:169\/q:mauto\/ig:avif\/https:\/\/noticiasnoface.com.br\/wp-content\/uploads\/2022\/11\/F1A60369-3114-4CAD-BD2F-2BDA676FA4BA.jpeg 300w\" sizes=\"(max-width: 640px) 100vw, 640px\" \/><figcaption class=\"wp-element-caption\"><strong>DESAPARECIMENTO<\/strong><br \/>A menina desapareceu no domingo e uma c\u00e2mera de seguran\u00e7a a gravou voltando da padaria e o carro do suspeito passando em seguida. Ainda segundo a delegada, o homem negou que tenha abusado da v\u00edtima e disse que estava sob efeito de drogas quando cometeu o crime.<br \/>&#8220;Ele j\u00e1 tem passagens pela pol\u00edcia, e j\u00e1 existe a suspeita de que exista uma v\u00edtima de estupro por parte dele&#8221;, disse a delegada.<br \/>A reportagem busca a defesa do suspeito, mas, segundo a pol\u00edcia, ainda n\u00e3o h\u00e1 advogado cuidando do caso -por esse motivo, ele n\u00e3o ser\u00e1 identificado. Caso haja manifesta\u00e7\u00e3o, a reportagem ser\u00e1 atualizada.<\/figcaption><\/figure>\n\n\n\n<!--more-->\n\n\n<ul class=\"wp-block-latest-posts__list wp-block-latest-posts\"><li><a class=\"wp-block-latest-posts__post-title\" href=\"https:\/\/noticiasnoface.com.br\/index.php\/2026\/04\/27\/vereadores-de-parnamirim-participam-de-mobilizacao-nacional-em-brasilia-sessoes-ordinarias-seguem-normalmente\/\">Vereadores de Parnamirim participam de mobiliza\u00e7\u00e3o nacional em Bras\u00edlia; sess\u00f5es ordin\u00e1rias seguem normalmente<\/a><div class=\"wp-block-latest-posts__post-excerpt\">O presidente da C\u00e2mara de Parnamirim, vereador Dr. C\u00e9sar Maia, acompanhado de mais 13 vereadores e vereadoras da Casa, est\u00e3o participando da 25\u00aa Marcha dos Gestores e Legislativos Municipais. O evento acontece de 27 a 30 de abril de 2026, em Bras\u00edlia, reunindo vereadores, vereadoras, gestores p\u00fablicos, lideran\u00e7as pol\u00edticas e representantes do Poder Legislativo Municipal\u2026 <a class=\"wp-block-latest-posts__read-more\" href=\"https:\/\/noticiasnoface.com.br\/index.php\/2026\/04\/27\/vereadores-de-parnamirim-participam-de-mobilizacao-nacional-em-brasilia-sessoes-ordinarias-seguem-normalmente\/\" rel=\"noopener noreferrer\">Leia mais<span class=\"screen-reader-text\">: Vereadores de Parnamirim participam de mobiliza\u00e7\u00e3o nacional em Bras\u00edlia; sess\u00f5es ordin\u00e1rias seguem normalmente<\/span><\/a><\/div><\/li>\n<li><a class=\"wp-block-latest-posts__post-title\" href=\"https:\/\/noticiasnoface.com.br\/index.php\/2026\/04\/27\/comissao-de-saude-define-relatores-para-projetos-em-tramitacao\/\">Comiss\u00e3o de Sa\u00fade define relatores para projetos em tramita\u00e7\u00e3o&nbsp;<\/a><div class=\"wp-block-latest-posts__post-excerpt\">A Comiss\u00e3o de Sa\u00fade, Direitos dos Animais, Previd\u00eancia e Assist\u00eancia Social da C\u00e2mara Municipal de Natal realizou, nesta segunda-feira (27), reuni\u00e3o para designa\u00e7\u00e3o de relatores de projetos em tramita\u00e7\u00e3o. Entre as mat\u00e9rias analisadas, o Projeto de Lei n\u00ba 785\/2025, que prop\u00f5e a integra\u00e7\u00e3o de a\u00e7\u00f5es de combate \u00e0 viol\u00eancia dom\u00e9stica \u00e0s estrat\u00e9gias da sa\u00fade da\u2026 <a class=\"wp-block-latest-posts__read-more\" href=\"https:\/\/noticiasnoface.com.br\/index.php\/2026\/04\/27\/comissao-de-saude-define-relatores-para-projetos-em-tramitacao\/\" rel=\"noopener noreferrer\">Leia mais<span class=\"screen-reader-text\">: Comiss\u00e3o de Sa\u00fade define relatores para projetos em tramita\u00e7\u00e3o&nbsp;<\/span><\/a><\/div><\/li>\n<li><a class=\"wp-block-latest-posts__post-title\" href=\"https:\/\/noticiasnoface.com.br\/index.php\/2026\/04\/27\/minuto-da-camara-475\/\">Minuto da Camara<\/a><div class=\"wp-block-latest-posts__post-excerpt\"><\/div><\/li>\n<li><a class=\"wp-block-latest-posts__post-title\" href=\"https:\/\/noticiasnoface.com.br\/index.php\/2026\/04\/27\/jogue-limpo-com-natal-70\/\">Jogue Limpo com Natal<\/a><div class=\"wp-block-latest-posts__post-excerpt\">https:\/\/www.natal.rn.gov.br\/<\/div><\/li>\n<li><a class=\"wp-block-latest-posts__post-title\" href=\"https:\/\/noticiasnoface.com.br\/index.php\/2026\/04\/27\/em-brasilia-toda-vida-que-se-fala-que-joao-santana-o-marqueteiro-que-elegeu-lula-e-dilma-duas-vezes-presidentes-e-dito-tambem-que-ele-nao-trabalha-colocando-suas-digitais-numa-campanha-se-nao-for-p\/\">Em Bras\u00edlia, toda vida que se fala que Jo\u00e3o Santana, o marqueteiro que elegeu Lula e Dilma duas vezes presidentes, \u00e9 dito tamb\u00e9m que ele n\u00e3o trabalha colocando suas digitais numa campanha se n\u00e3o for por pelo menos 10 milh\u00f5es de reais.<\/a><div class=\"wp-block-latest-posts__post-excerpt\">Jo\u00e3o Santana apesar de ter sido preso, possui um curr\u00edculo invej\u00e1vel e inegavelmente se tornou um dos maiores publicit\u00e1rios e marqueteiros pol\u00edticos da hist\u00f3ria do Brasil. N\u00e3o existe quem conteste a capacidade de leitura e de trabalho de Jo\u00e3o Santana. Nos estados da Para\u00edba e do Cear\u00e1, quem o procurou apenas para uma consultoria na\u2026 <a class=\"wp-block-latest-posts__read-more\" href=\"https:\/\/noticiasnoface.com.br\/index.php\/2026\/04\/27\/em-brasilia-toda-vida-que-se-fala-que-joao-santana-o-marqueteiro-que-elegeu-lula-e-dilma-duas-vezes-presidentes-e-dito-tambem-que-ele-nao-trabalha-colocando-suas-digitais-numa-campanha-se-nao-for-p\/\" rel=\"noopener noreferrer\">Leia mais<span class=\"screen-reader-text\">: Em Bras\u00edlia, toda vida que se fala que Jo\u00e3o Santana, o marqueteiro que elegeu Lula e Dilma duas vezes presidentes, \u00e9 dito tamb\u00e9m que ele n\u00e3o trabalha colocando suas digitais numa campanha se n\u00e3o for por pelo menos 10 milh\u00f5es de reais.<\/span><\/a><\/div><\/li>\n<\/ul>","protected":false},"excerpt":{"rendered":"<p>O desaparecimento<\/p>\n","protected":false},"author":1,"featured_media":0,"comment_status":"open","ping_status":"open","sticky":false,"template":"","format":"standard","meta":{"site-sidebar-layout":"default","site-content-layout":"","ast-site-content-layout":"default","site-content-style":"default","site-sidebar-style":"default","ast-global-header-display":"","ast-banner-title-visibility":"","ast-main-header-display":"","ast-hfb-above-header-display":"","ast-hfb-below-header-display":"","ast-hfb-mobile-header-display":"","site-post-title":"","ast-breadcrumbs-content":"","ast-featured-img":"","footer-sml-layout":"","ast-disable-related-posts":"","theme-transparent-header-meta":"","adv-header-id-meta":"","stick-header-meta":"","header-above-stick-meta":"","header-main-stick-meta":"","header-below-stick-meta":"","astra-migrate-meta-layouts":"default","ast-page-background-enabled":"default","ast-page-background-meta":{"desktop":{"background-color":"var(--ast-global-color-4)","background-image":"","background-repeat":"repeat","background-position":"center center","background-size":"auto","background-attachment":"scroll","background-type":"","background-media":"","overlay-type":"","overlay-color":"","overlay-opacity":"","overlay-gradient":""},"tablet":{"background-color":"","background-image":"","background-repeat":"repeat","background-position":"center center","background-size":"auto","background-attachment":"scroll","background-type":"","background-media":"","overlay-type":"","overlay-color":"","overlay-opacity":"","overlay-gradient":""},"mobile":{"background-color":"","background-image":"","background-repeat":"repeat","background-position":"center center","background-size":"auto","background-attachment":"scroll","background-type":"","background-media":"","overlay-type":"","overlay-color":"","overlay-opacity":"","overlay-gradient":""}},"ast-content-background-meta":{"desktop":{"background-color":"var(--ast-global-color-5)","background-image":"","background-repeat":"repeat","background-position":"center center","background-size":"auto","background-attachment":"scroll","background-type":"","background-media":"","overlay-type":"","overlay-color":"","overlay-opacity":"","overlay-gradient":""},"tablet":{"background-color":"var(--ast-global-color-5)","background-image":"","background-repeat":"repeat","background-position":"center center","background-size":"auto","background-attachment":"scroll","background-type":"","background-media":"","overlay-type":"","overlay-color":"","overlay-opacity":"","overlay-gradient":""},"mobile":{"background-color":"var(--ast-global-color-5)","background-image":"","background-repeat":"repeat","background-position":"center center","background-size":"auto","background-attachment":"scroll","background-type":"","background-media":"","overlay-type":"","overlay-color":"","overlay-opacity":"","overlay-gradient":""}},"footnotes":""},"categories":[517],"tags":[1625,964,50],"class_list":["post-13033","post","type-post","status-publish","format-standard","hentry","category-aconteceu","tag-crianca","tag-morta","tag-noticias-do-face"],"_links":{"self":[{"href":"https:\/\/noticiasnoface.com.br\/index.php\/wp-json\/wp\/v2\/posts\/13033","targetHints":{"allow":["GET"]}}],"collection":[{"href":"https:\/\/noticiasnoface.com.br\/index.php\/wp-json\/wp\/v2\/posts"}],"about":[{"href":"https:\/\/noticiasnoface.com.br\/index.php\/wp-json\/wp\/v2\/types\/post"}],"author":[{"embeddable":true,"href":"https:\/\/noticiasnoface.com.br\/index.php\/wp-json\/wp\/v2\/users\/1"}],"replies":[{"embeddable":true,"href":"https:\/\/noticiasnoface.com.br\/index.php\/wp-json\/wp\/v2\/comments?post=13033"}],"version-history":[{"count":4,"href":"https:\/\/noticiasnoface.com.br\/index.php\/wp-json\/wp\/v2\/posts\/13033\/revisions"}],"predecessor-version":[{"id":13039,"href":"https:\/\/noticiasnoface.com.br\/index.php\/wp-json\/wp\/v2\/posts\/13033\/revisions\/13039"}],"wp:attachment":[{"href":"https:\/\/noticiasnoface.com.br\/index.php\/wp-json\/wp\/v2\/media?parent=13033"}],"wp:term":[{"taxonomy":"category","embeddable":true,"href":"https:\/\/noticiasnoface.com.br\/index.php\/wp-json\/wp\/v2\/categories?post=13033"},{"taxonomy":"post_tag","embeddable":true,"href":"https:\/\/noticiasnoface.com.br\/index.php\/wp-json\/wp\/v2\/tags?post=13033"}],"curies":[{"name":"wp","href":"https:\/\/api.w.org\/{rel}","templated":true}]}}