{"id":13047,"date":"2022-11-30T07:56:32","date_gmt":"2022-11-30T10:56:32","guid":{"rendered":"https:\/\/noticiasnoface.com.br\/?p=13047"},"modified":"2022-11-30T07:59:12","modified_gmt":"2022-11-30T10:59:12","slug":"inss-paga-hoje-pensao-e-aposentadoria-a-novo-grupo-veja-se-voce-esta-nele","status":"publish","type":"post","link":"https:\/\/noticiasnoface.com.br\/index.php\/2022\/11\/30\/inss-paga-hoje-pensao-e-aposentadoria-a-novo-grupo-veja-se-voce-esta-nele\/","title":{"rendered":"INSS paga hoje pens\u00e3o e aposentadoria a novo grupo, veja se voc\u00ea est\u00e1 nele"},"content":{"rendered":"\n<figure class=\"wp-block-image size-full\"><img data-opt-id=221656723  fetchpriority=\"high\" decoding=\"async\" width=\"600\" height=\"398\" src=\"https:\/\/mlbfrsat7ahr.i.optimole.com\/w:auto\/h:auto\/q:mauto\/ig:avif\/https:\/\/noticiasnoface.com.br\/wp-content\/uploads\/2022\/11\/7EF32F1F-8489-43AA-AB0A-9681319AF73E.webp\" alt=\"\" class=\"wp-image-13048\" srcset=\"https:\/\/mlbfrsat7ahr.i.optimole.com\/w:600\/h:398\/q:mauto\/ig:avif\/https:\/\/noticiasnoface.com.br\/wp-content\/uploads\/2022\/11\/7EF32F1F-8489-43AA-AB0A-9681319AF73E.webp 600w, https:\/\/mlbfrsat7ahr.i.optimole.com\/w:300\/h:199\/q:mauto\/ig:avif\/https:\/\/noticiasnoface.com.br\/wp-content\/uploads\/2022\/11\/7EF32F1F-8489-43AA-AB0A-9681319AF73E.webp 300w\" sizes=\"(max-width: 600px) 100vw, 600px\" \/><figcaption class=\"wp-element-caption\">O Instituto Nacional do Seguro Social (<a href=\"https:\/\/g1.globo.com\/tudo-sobre\/inss\/\" target=\"_blank\" rel=\"noopener\">INSS<\/a>) paga, nesta quarta-feira (30), os benef\u00edcios referentes ao m\u00eas de novembro a aposentados e pensionistas que&nbsp;recebem 1 sal\u00e1rio m\u00ednimo e possuem o cart\u00e3o com final 5.<br \/>Os pagamentos tiveram in\u00edcio na \u00faltima quinta-feira (24). J\u00e1 receberam os benef\u00edcios aqueles que recebem 1 sal\u00e1rio m\u00ednimo e possuem o cart\u00e3o com final 1, 2, 3 e 4.<br \/>O calend\u00e1rio leva em conta o n\u00famero final do cart\u00e3o de benef\u00edcio, sem considerar o \u00faltimo d\u00edgito verificador, que aparece depois do tra\u00e7o.&nbsp;<br \/><\/figcaption><\/figure>\n\n\n\n<figure class=\"wp-block-image size-full\"><img data-opt-id=655947570  fetchpriority=\"high\" decoding=\"async\" width=\"600\" height=\"418\" src=\"https:\/\/mlbfrsat7ahr.i.optimole.com\/w:auto\/h:auto\/q:mauto\/ig:avif\/https:\/\/noticiasnoface.com.br\/wp-content\/uploads\/2022\/11\/D8B44C6E-0C1A-4BE3-87FA-8C2122BBE0A7.jpeg\" alt=\"\" class=\"wp-image-13049\" srcset=\"https:\/\/mlbfrsat7ahr.i.optimole.com\/w:600\/h:418\/q:mauto\/ig:avif\/https:\/\/noticiasnoface.com.br\/wp-content\/uploads\/2022\/11\/D8B44C6E-0C1A-4BE3-87FA-8C2122BBE0A7.jpeg 600w, https:\/\/mlbfrsat7ahr.i.optimole.com\/w:300\/h:209\/q:mauto\/ig:avif\/https:\/\/noticiasnoface.com.br\/wp-content\/uploads\/2022\/11\/D8B44C6E-0C1A-4BE3-87FA-8C2122BBE0A7.jpeg 300w\" sizes=\"(max-width: 600px) 100vw, 600px\" \/><figcaption class=\"wp-element-caption\">O pagamento dos benef\u00edcios de novembro ser\u00e1 feito at\u00e9 o dia 7 de dezembro, de acordo com o calend\u00e1rio acima<strong>:<\/strong><\/figcaption><\/figure>\n\n\n\n<p>Atualmente,&nbsp;existem mais de 36 milh\u00f5es de pessoas com direitos a benef\u00edcios do&nbsp;<a href=\"https:\/\/g1.globo.com\/tudo-sobre\/inss\/\" target=\"_blank\" rel=\"noopener\">INSS<\/a>&nbsp;no pa\u00eds&nbsp;\u2013 mais de 60% recebem um sal\u00e1rio m\u00ednimo.<\/p>\n\n\n\n<p>Para quem ganha o benef\u00edcio no valor do sal\u00e1rio m\u00ednimo,&nbsp;<a href=\"https:\/\/g1.globo.com\/economia\/noticia\/2022\/01\/01\/salario-minimo-em-2022-veja-o-valor-nacional-e-nos-estados.ghtml\" target=\"_blank\" rel=\"noopener\">o piso nacional passou para R$ 1.212 desde 1\u00ba de janeiro<\/a>. Por lei, aposentadorias, aux\u00edlio-doen\u00e7a, aux\u00edlio-reclus\u00e3o e&nbsp;<a href=\"https:\/\/g1.globo.com\/tudo-sobre\/pensao\" target=\"_blank\" rel=\"noopener\">pens\u00e3o<\/a>&nbsp;por morte pagas pelo&nbsp;<a href=\"https:\/\/g1.globo.com\/tudo-sobre\/inss\/\" target=\"_blank\" rel=\"noopener\">INSS<\/a>&nbsp;n\u00e3o podem ser inferiores a 1 sal\u00e1rio m\u00ednimo.<\/p>\n\n\n\n<figure class=\"wp-block-video\"><video height=\"360\" style=\"aspect-ratio: 640 \/ 360;\" width=\"640\" controls src=\"https:\/\/noticiasnoface.com.br\/wp-content\/uploads\/2022\/11\/2022-11-30_075145_video.mp4\"><\/video><figcaption class=\"wp-element-caption\">Assistam esse v\u00eddeo e veja os novos valores pagos para pens\u00e3o e aposentadoria <\/figcaption><\/figure>\n","protected":false},"excerpt":{"rendered":"<p>Atualmente,&nbsp;existem mais de 36 milh\u00f5es de pessoas com direitos a benef\u00edcios do&nbsp;INSS&nbsp;no pa\u00eds&nbsp;\u2013 mais de 60% recebem um sal\u00e1rio m\u00ednimo. [&hellip;]<\/p>\n","protected":false},"author":1,"featured_media":0,"comment_status":"open","ping_status":"open","sticky":false,"template":"","format":"standard","meta":{"site-sidebar-layout":"default","site-content-layout":"","ast-site-content-layout":"default","site-content-style":"default","site-sidebar-style":"default","ast-global-header-display":"","ast-banner-title-visibility":"","ast-main-header-display":"","ast-hfb-above-header-display":"","ast-hfb-below-header-display":"","ast-hfb-mobile-header-display":"","site-post-title":"","ast-breadcrumbs-content":"","ast-featured-img":"","footer-sml-layout":"","ast-disable-related-posts":"","theme-transparent-header-meta":"","adv-header-id-meta":"","stick-header-meta":"","header-above-stick-meta":"","header-main-stick-meta":"","header-below-stick-meta":"","astra-migrate-meta-layouts":"default","ast-page-background-enabled":"default","ast-page-background-meta":{"desktop":{"background-color":"var(--ast-global-color-4)","background-image":"","background-repeat":"repeat","background-position":"center center","background-size":"auto","background-attachment":"scroll","background-type":"","background-media":"","overlay-type":"","overlay-color":"","overlay-opacity":"","overlay-gradient":""},"tablet":{"background-color":"","background-image":"","background-repeat":"repeat","background-position":"center center","background-size":"auto","background-attachment":"scroll","background-type":"","background-media":"","overlay-type":"","overlay-color":"","overlay-opacity":"","overlay-gradient":""},"mobile":{"background-color":"","background-image":"","background-repeat":"repeat","background-position":"center center","background-size":"auto","background-attachment":"scroll","background-type":"","background-media":"","overlay-type":"","overlay-color":"","overlay-opacity":"","overlay-gradient":""}},"ast-content-background-meta":{"desktop":{"background-color":"var(--ast-global-color-5)","background-image":"","background-repeat":"repeat","background-position":"center center","background-size":"auto","background-attachment":"scroll","background-type":"","background-media":"","overlay-type":"","overlay-color":"","overlay-opacity":"","overlay-gradient":""},"tablet":{"background-color":"var(--ast-global-color-5)","background-image":"","background-repeat":"repeat","background-position":"center center","background-size":"auto","background-attachment":"scroll","background-type":"","background-media":"","overlay-type":"","overlay-color":"","overlay-opacity":"","overlay-gradient":""},"mobile":{"background-color":"var(--ast-global-color-5)","background-image":"","background-repeat":"repeat","background-position":"center center","background-size":"auto","background-attachment":"scroll","background-type":"","background-media":"","overlay-type":"","overlay-color":"","overlay-opacity":"","overlay-gradient":""}},"footnotes":""},"categories":[517],"tags":[2188,22,2211],"class_list":["post-13047","post","type-post","status-publish","format-standard","hentry","category-aconteceu","tag-inss","tag-noticias-no-face","tag-previdencia-social"],"_links":{"self":[{"href":"https:\/\/noticiasnoface.com.br\/index.php\/wp-json\/wp\/v2\/posts\/13047","targetHints":{"allow":["GET"]}}],"collection":[{"href":"https:\/\/noticiasnoface.com.br\/index.php\/wp-json\/wp\/v2\/posts"}],"about":[{"href":"https:\/\/noticiasnoface.com.br\/index.php\/wp-json\/wp\/v2\/types\/post"}],"author":[{"embeddable":true,"href":"https:\/\/noticiasnoface.com.br\/index.php\/wp-json\/wp\/v2\/users\/1"}],"replies":[{"embeddable":true,"href":"https:\/\/noticiasnoface.com.br\/index.php\/wp-json\/wp\/v2\/comments?post=13047"}],"version-history":[{"count":2,"href":"https:\/\/noticiasnoface.com.br\/index.php\/wp-json\/wp\/v2\/posts\/13047\/revisions"}],"predecessor-version":[{"id":13052,"href":"https:\/\/noticiasnoface.com.br\/index.php\/wp-json\/wp\/v2\/posts\/13047\/revisions\/13052"}],"wp:attachment":[{"href":"https:\/\/noticiasnoface.com.br\/index.php\/wp-json\/wp\/v2\/media?parent=13047"}],"wp:term":[{"taxonomy":"category","embeddable":true,"href":"https:\/\/noticiasnoface.com.br\/index.php\/wp-json\/wp\/v2\/categories?post=13047"},{"taxonomy":"post_tag","embeddable":true,"href":"https:\/\/noticiasnoface.com.br\/index.php\/wp-json\/wp\/v2\/tags?post=13047"}],"curies":[{"name":"wp","href":"https:\/\/api.w.org\/{rel}","templated":true}]}}