{"id":13054,"date":"2022-11-30T09:55:11","date_gmt":"2022-11-30T12:55:11","guid":{"rendered":"https:\/\/noticiasnoface.com.br\/?p=13054"},"modified":"2022-11-30T09:55:44","modified_gmt":"2022-11-30T12:55:44","slug":"deu-merda-2","status":"publish","type":"post","link":"https:\/\/noticiasnoface.com.br\/index.php\/2022\/11\/30\/deu-merda-2\/","title":{"rendered":"Deu merda!"},"content":{"rendered":"\n<figure class=\"wp-block-image size-large\"><img data-opt-id=57810030  fetchpriority=\"high\" decoding=\"async\" width=\"928\" height=\"1024\" src=\"https:\/\/mlbfrsat7ahr.i.optimole.com\/w:928\/h:1024\/q:mauto\/ig:avif\/https:\/\/noticiasnoface.com.br\/wp-content\/uploads\/2022\/11\/0E661BFF-5759-4969-B6CF-3E070B438184.jpeg\" alt=\"\" class=\"wp-image-13055\" srcset=\"https:\/\/mlbfrsat7ahr.i.optimole.com\/w:928\/h:1024\/q:mauto\/ig:avif\/https:\/\/noticiasnoface.com.br\/wp-content\/uploads\/2022\/11\/0E661BFF-5759-4969-B6CF-3E070B438184.jpeg 928w, https:\/\/mlbfrsat7ahr.i.optimole.com\/w:272\/h:300\/q:mauto\/ig:avif\/https:\/\/noticiasnoface.com.br\/wp-content\/uploads\/2022\/11\/0E661BFF-5759-4969-B6CF-3E070B438184.jpeg 272w, https:\/\/mlbfrsat7ahr.i.optimole.com\/w:768\/h:848\/q:mauto\/ig:avif\/https:\/\/noticiasnoface.com.br\/wp-content\/uploads\/2022\/11\/0E661BFF-5759-4969-B6CF-3E070B438184.jpeg 768w, https:\/\/mlbfrsat7ahr.i.optimole.com\/w:978\/h:1080\/q:mauto\/ig:avif\/https:\/\/noticiasnoface.com.br\/wp-content\/uploads\/2022\/11\/0E661BFF-5759-4969-B6CF-3E070B438184.jpeg 1391w, https:\/\/mlbfrsat7ahr.i.optimole.com\/w:978\/h:1080\/q:mauto\/ig:avif\/https:\/\/noticiasnoface.com.br\/wp-content\/uploads\/2022\/11\/0E661BFF-5759-4969-B6CF-3E070B438184.jpeg 1855w\" sizes=\"(max-width: 928px) 100vw, 928px\" \/><figcaption class=\"wp-element-caption\">A Segunda C\u00e2mara do Tribunal de Contas do Estado (TCE) aprecia na manh\u00e3 de hoje, a presta\u00e7\u00e3o de contas do ex-prefeito de Natal, Carlos Eduardo Alves (PDT), referente ao exerc\u00edcio de 2014. O relator-conselheiro Gilberto Jales votou desfavor\u00e1vel a aprova\u00e7\u00e3o. O julgamento ser\u00e1 retomado a partir das 9h, ap\u00f3s pedido de vistas do conselheiro Tarc\u00edsio Costa. <br><br>Gilberto Jales afirmou que emitiu parecer pr\u00e9vio desfavor\u00e1vel \u00e0 aprova\u00e7\u00e3o das contas de Carlos Eduardo, \u201cnotadamente em virtude da inobserv\u00e2ncia do disposto no art. 1\u00ba, \u00a71\u00ba, da LRF, do repasse ao Poder Legislativo superior ao limite constitucional, da abertura de cr\u00e9ditos suplementares em desacordo com a legisla\u00e7\u00e3o e da abertura de cr\u00e9ditos especiais sem autoriza\u00e7\u00e3o legislativa comprovada\u201d. O Corpo T\u00e9cnico do TCE identificou, por exemplo, que \u201co Demonstrativo de Riscos Fiscais e Provid\u00eancias, constante do Anexo de Riscos Fiscais, foi elaborado em desacordo com o art. 4\u00ba, \u00a73\u00ba, da LRF\u201d, uma vez que \u201cas provid\u00eancias a serem tomadas pela gest\u00e3o municipal n\u00e3o suportavam os passivos contingentes e outros riscos fiscais previstos, caso se concretizasse, cobrindo apenas 17,5%\u201d.<br><br>Com a decis\u00e3o do TCE, ap\u00f3s o tr\u00e2nsito em julgado do processo, ocorre agora o processo de apura\u00e7\u00e3o de responsabilidade, a ser providenciado pela Diretoria de Administra\u00e7\u00e3o Municipal, al\u00e9m da intima\u00e7\u00e3o da C\u00e2mara Municipal de Natal para julgamento das contas do governo, ressaltando que dever\u00e1 ser informado o resultado ao TCE no prazo de 15 dias, a contar da publica\u00e7\u00e3o da decis\u00e3o.<br><br><br>Os 29 vereadores v\u00e3o decidir o destino de Carlos Eduardo Alves, famoso por quando prefeito n\u00e3o valorizar os parlamentares. Caso o TCE desaprove as contas, Carlos Eduardo precisar\u00e1 de dois ter\u00e7os da C\u00e2mara para derrubar a decis\u00e3o do TCE.<br><strong>2024<\/strong><br>Ineleg\u00edvel, Carlos Eduardo Alves poder\u00e1 ficar fora da disputa pelo Pal\u00e1cio Felipe Camar\u00e3o, cargo que ele j\u00e1 ocupou por quatro vezes. Com isso, o PDT sobra para a ex-primeira-dama Andr\u00e9ia Ramalho ou para a vice-prefeita A\u00edla Cortez, que poder\u00e1 ser indicada vice de uma chapa. Este ano, A\u00edla foi candidata a deputada federal pelo PDT, e mesmo com o apoio do ex-prefeito teve 1.309, ou seja, 0,32% dos votos da capital.<br><strong><em>Via Agora RN<\/em><\/strong><\/figcaption><\/figure>\n","protected":false},"excerpt":{"rendered":"","protected":false},"author":1,"featured_media":0,"comment_status":"open","ping_status":"open","sticky":false,"template":"","format":"standard","meta":{"site-sidebar-layout":"default","site-content-layout":"","ast-site-content-layout":"default","site-content-style":"default","site-sidebar-style":"default","ast-global-header-display":"","ast-banner-title-visibility":"","ast-main-header-display":"","ast-hfb-above-header-display":"","ast-hfb-below-header-display":"","ast-hfb-mobile-header-display":"","site-post-title":"","ast-breadcrumbs-content":"","ast-featured-img":"","footer-sml-layout":"","ast-disable-related-posts":"","theme-transparent-header-meta":"","adv-header-id-meta":"","stick-header-meta":"","header-above-stick-meta":"","header-main-stick-meta":"","header-below-stick-meta":"","astra-migrate-meta-layouts":"default","ast-page-background-enabled":"default","ast-page-background-meta":{"desktop":{"background-color":"var(--ast-global-color-4)","background-image":"","background-repeat":"repeat","background-position":"center center","background-size":"auto","background-attachment":"scroll","background-type":"","background-media":"","overlay-type":"","overlay-color":"","overlay-opacity":"","overlay-gradient":""},"tablet":{"background-color":"","background-image":"","background-repeat":"repeat","background-position":"center center","background-size":"auto","background-attachment":"scroll","background-type":"","background-media":"","overlay-type":"","overlay-color":"","overlay-opacity":"","overlay-gradient":""},"mobile":{"background-color":"","background-image":"","background-repeat":"repeat","background-position":"center center","background-size":"auto","background-attachment":"scroll","background-type":"","background-media":"","overlay-type":"","overlay-color":"","overlay-opacity":"","overlay-gradient":""}},"ast-content-background-meta":{"desktop":{"background-color":"var(--ast-global-color-5)","background-image":"","background-repeat":"repeat","background-position":"center center","background-size":"auto","background-attachment":"scroll","background-type":"","background-media":"","overlay-type":"","overlay-color":"","overlay-opacity":"","overlay-gradient":""},"tablet":{"background-color":"var(--ast-global-color-5)","background-image":"","background-repeat":"repeat","background-position":"center center","background-size":"auto","background-attachment":"scroll","background-type":"","background-media":"","overlay-type":"","overlay-color":"","overlay-opacity":"","overlay-gradient":""},"mobile":{"background-color":"var(--ast-global-color-5)","background-image":"","background-repeat":"repeat","background-position":"center center","background-size":"auto","background-attachment":"scroll","background-type":"","background-media":"","overlay-type":"","overlay-color":"","overlay-opacity":"","overlay-gradient":""}},"footnotes":""},"categories":[153],"tags":[1012,2212,2213,50],"class_list":["post-13054","post","type-post","status-publish","format-standard","hentry","category-politica","tag-carlos-eduardo-alves","tag-contas","tag-deu-merda","tag-noticias-do-face"],"_links":{"self":[{"href":"https:\/\/noticiasnoface.com.br\/index.php\/wp-json\/wp\/v2\/posts\/13054","targetHints":{"allow":["GET"]}}],"collection":[{"href":"https:\/\/noticiasnoface.com.br\/index.php\/wp-json\/wp\/v2\/posts"}],"about":[{"href":"https:\/\/noticiasnoface.com.br\/index.php\/wp-json\/wp\/v2\/types\/post"}],"author":[{"embeddable":true,"href":"https:\/\/noticiasnoface.com.br\/index.php\/wp-json\/wp\/v2\/users\/1"}],"replies":[{"embeddable":true,"href":"https:\/\/noticiasnoface.com.br\/index.php\/wp-json\/wp\/v2\/comments?post=13054"}],"version-history":[{"count":1,"href":"https:\/\/noticiasnoface.com.br\/index.php\/wp-json\/wp\/v2\/posts\/13054\/revisions"}],"predecessor-version":[{"id":13056,"href":"https:\/\/noticiasnoface.com.br\/index.php\/wp-json\/wp\/v2\/posts\/13054\/revisions\/13056"}],"wp:attachment":[{"href":"https:\/\/noticiasnoface.com.br\/index.php\/wp-json\/wp\/v2\/media?parent=13054"}],"wp:term":[{"taxonomy":"category","embeddable":true,"href":"https:\/\/noticiasnoface.com.br\/index.php\/wp-json\/wp\/v2\/categories?post=13054"},{"taxonomy":"post_tag","embeddable":true,"href":"https:\/\/noticiasnoface.com.br\/index.php\/wp-json\/wp\/v2\/tags?post=13054"}],"curies":[{"name":"wp","href":"https:\/\/api.w.org\/{rel}","templated":true}]}}