{"id":13062,"date":"2022-11-30T17:27:38","date_gmt":"2022-11-30T20:27:38","guid":{"rendered":"https:\/\/noticiasnoface.com.br\/?p=13062"},"modified":"2022-11-30T17:32:37","modified_gmt":"2022-11-30T20:32:37","slug":"fabio-wajngarten-denuncia-prejuizo-da-campanha-bolsonaro-no-radiolao","status":"publish","type":"post","link":"https:\/\/noticiasnoface.com.br\/index.php\/2022\/11\/30\/fabio-wajngarten-denuncia-prejuizo-da-campanha-bolsonaro-no-radiolao\/","title":{"rendered":"F\u00e1bio Wajngarten denuncia  preju\u00edzo da campanha Bolsonaro no RADIOL\u00c3O"},"content":{"rendered":"\n<figure class=\"wp-block-image size-full\"><img data-opt-id=1847669832  fetchpriority=\"high\" decoding=\"async\" width=\"930\" height=\"698\" src=\"https:\/\/mlbfrsat7ahr.i.optimole.com\/w:auto\/h:auto\/q:mauto\/ig:avif\/https:\/\/noticiasnoface.com.br\/wp-content\/uploads\/2022\/11\/3533E0B8-1482-4989-83E4-816960178F9B.webp\" alt=\"\" class=\"wp-image-13063\" srcset=\"https:\/\/mlbfrsat7ahr.i.optimole.com\/w:930\/h:698\/q:mauto\/ig:avif\/https:\/\/noticiasnoface.com.br\/wp-content\/uploads\/2022\/11\/3533E0B8-1482-4989-83E4-816960178F9B.webp 930w, https:\/\/mlbfrsat7ahr.i.optimole.com\/w:300\/h:225\/q:mauto\/ig:avif\/https:\/\/noticiasnoface.com.br\/wp-content\/uploads\/2022\/11\/3533E0B8-1482-4989-83E4-816960178F9B.webp 300w, https:\/\/mlbfrsat7ahr.i.optimole.com\/w:768\/h:576\/q:mauto\/ig:avif\/https:\/\/noticiasnoface.com.br\/wp-content\/uploads\/2022\/11\/3533E0B8-1482-4989-83E4-816960178F9B.webp 768w\" sizes=\"(max-width: 930px) 100vw, 930px\" \/><figcaption class=\"wp-element-caption\">A campanha \u00e0 reelei\u00e7\u00e3o do presidente Jair Bolsonaro (PL) teve um preju\u00edzo de cerca de R$ 38 milh\u00f5es por inser\u00e7\u00f5es n\u00e3o veiculadas no hor\u00e1rio eleitoral, disse nesta quarta-feira (30) F\u00e1bio Wajngarten, ex-chefe da Secretaria de Comunica\u00e7\u00e3o Social (Secom) do governo.<br \/>Wajngarten participou da Comiss\u00e3o de Transpar\u00eancia, Fiscaliza\u00e7\u00e3o e Controle no Senado. Ele explicou que o custo m\u00e9dio de cada inser\u00e7\u00e3o \u00e9 de R$ 30 e que pouco mais de 1,2 milh\u00e3o de inser\u00e7\u00f5es do presidente n\u00e3o foram veiculadas por emissoras de r\u00e1dio.<br \/>\u201cSe s\u00e3o mais de 1,2 milh\u00e3o de inser\u00e7\u00f5es n\u00e3o veiculadas, a campanha do presidente Bolsonaro teve um preju\u00edzo entre R$ 36 e R$ 38 milh\u00f5es\u201d, afirmou. \u201cIsso corresponde \u00e0 metade do fundo eleitoral.\u201d<br \/>Conforme o ex-chefe da Secom, s\u00e3o quase 5 mil emissoras de r\u00e1dios que deveriam ter exibido as inser\u00e7\u00f5es, e cada uma teria de veicular 25 inser\u00e7\u00f5es por dia.<br \/>Explica\u00e7\u00f5es<br \/>Wajngarten explicou como funciona a din\u00e2mica das inser\u00e7\u00f5es no hor\u00e1rio eleitoral no Tribunal Superior Eleitoral (TSE).<br \/>\u201cEm 22 de agosto, o TSE chamou as campanhas de Bolsonaro e Lula e estabeleceu que ambas deveriam enviar \u00e0 Corte, diariamente, exceto no fim de semana, dois arquivos\u201d, lembrou Wajngarten. \u201cAt\u00e9 \u00e0s 14 horas, o arquivo de plano de m\u00eddia tinha de ser enviado ao pool do TSE, que \u00e9 um espa\u00e7o no HD, e o pr\u00f3prio material que seria veiculado deveria ser enviado at\u00e9 \u00e0s 16 horas.\u201d<br \/>O plano de m\u00eddia seria o que cada campanha iria veicular. Por exemplo: o candidato A vai transmitir uma propaganda eleitoral sobre \u00e1gua no Nordeste; e o candidato B vai veicular uma propaganda eleitoral sobre seguran\u00e7a p\u00fablica.<br \/>\u201cA campanha do presidente cumpriu \u00e0 risca essa determina\u00e7\u00e3o\u201d, afirmou o ex-chefe da Secom. \u201cPor conta disso, n\u00e3o haveria a interlocu\u00e7\u00e3o entre uma campanha eleitoral e uma r\u00e1dio que veicula a programa\u00e7\u00e3o.\u201d<br \/>\u00c9 atribui\u00e7\u00e3o do ve\u00edculo de comunica\u00e7\u00e3o ir ao pool e baixar o plano de m\u00eddia e os materiais a serem veiculados, de acordo com Wajngarten. \u201cEssa \u00e9 a atribui\u00e7\u00e3o das r\u00e1dios e emissoras de TV\u201d, disse. \u201cAs inser\u00e7\u00f5es deveriam ser veiculadas, e, por isso, as campanhas contrataram auditorias de m\u00eddias, ou deveriam ter contratado. \u00c9 dever das campanhas auditarem as inser\u00e7\u00f5es, n\u00e3o do TSE.\u201d<br \/>Emisssoras de r\u00e1dio afirmam que fecharam acordo com as campanhas para receber diretamente o material e que, por isso, n\u00e3o buscaram o material no pool.<br \/>O ex-chefe da Secom ainda destacou que a campanha de Bolsonaro recebeu \u201cin\u00fameras liga\u00e7\u00f5es\u201d denunciando que suas inser\u00e7\u00f5es n\u00e3o estavam sendo veiculadas.<br \/>\u201cNa medida em que as inser\u00e7\u00f5es eram veiculadas, as campanhas recebiam um recibo de entrega\u201d, explicou Wajngarten. \u201cA campanha do presidente est\u00e1 de posse de todos os recibos. Conversei com a equipe para entender se houve alguma falha nossa no envio de material, mas n\u00e3o ocorreram falhas.\u201d Via 98FM <\/figcaption><\/figure>\n\n\n\n<!--more-->\n\n\n\n<p><\/p>\n\n\n\n<figure class=\"wp-block-embed is-type-wp-embed is-provider-nnf-noticias-no-face wp-block-embed-nnf-noticias-no-face\"><div class=\"wp-block-embed__wrapper\">\n<blockquote class=\"wp-embedded-content\" data-secret=\"EvtzDqJzBc\"><a href=\"https:\/\/noticiasnoface.com.br\/index.php\/2022\/10\/24\/bomba-ministro-fabio-faria-denuncia-que-bolsonaro-teve-150-mil-insercoes-de-radio-a-menos-pelo-tse\/\">BOMBA- Ministro F\u00e1bio Faria den\u00fancia que Bolsonaro teve 150 mil inser\u00e7\u00f5es de r\u00e1dio a menos pelo TSE.<\/a><\/blockquote><iframe class=\"wp-embedded-content\" sandbox=\"allow-scripts\" security=\"restricted\" style=\"position: absolute; visibility: hidden;\" title=\"&#8220;BOMBA- Ministro F\u00e1bio Faria den\u00fancia que Bolsonaro teve 150 mil inser\u00e7\u00f5es de r\u00e1dio a menos pelo TSE.&#8221; &#8212; NOTICIAS NO FACE\" src=\"https:\/\/noticiasnoface.com.br\/index.php\/2022\/10\/24\/bomba-ministro-fabio-faria-denuncia-que-bolsonaro-teve-150-mil-insercoes-de-radio-a-menos-pelo-tse\/embed\/#?secret=KvXniSqmbG#?secret=EvtzDqJzBc\" data-secret=\"EvtzDqJzBc\" width=\"500\" height=\"282\" frameborder=\"0\" marginwidth=\"0\" marginheight=\"0\" scrolling=\"no\"><\/iframe>\n<\/div><\/figure>\n\n\n\n<p>&nbsp;<\/p>\n\n\n\n<figure class=\"wp-block-embed is-type-wp-embed is-provider-nnf-noticias-no-face wp-block-embed-nnf-noticias-no-face\"><div class=\"wp-block-embed__wrapper\">\n<blockquote class=\"wp-embedded-content\" data-secret=\"fZ9fOvYjgp\"><a href=\"https:\/\/noticiasnoface.com.br\/index.php\/2022\/10\/26\/ministro-fabio-faria-divulga-lista-das-radios-que-nao-exibiram-programas-de-bolsonaro\/\">Ministro F\u00e1bio Faria divulga lista das r\u00e1dios que n\u00e3o exibiram programas de Bolsonaro<\/a><\/blockquote><iframe class=\"wp-embedded-content\" sandbox=\"allow-scripts\" security=\"restricted\" style=\"position: absolute; visibility: hidden;\" title=\"&#8220;Ministro F\u00e1bio Faria divulga lista das r\u00e1dios que n\u00e3o exibiram programas de Bolsonaro&#8221; &#8212; NOTICIAS NO FACE\" src=\"https:\/\/noticiasnoface.com.br\/index.php\/2022\/10\/26\/ministro-fabio-faria-divulga-lista-das-radios-que-nao-exibiram-programas-de-bolsonaro\/embed\/#?secret=6Jl5bBqgv0#?secret=fZ9fOvYjgp\" data-secret=\"fZ9fOvYjgp\" width=\"500\" height=\"282\" frameborder=\"0\" marginwidth=\"0\" marginheight=\"0\" scrolling=\"no\"><\/iframe>\n<\/div><\/figure>\n","protected":false},"excerpt":{"rendered":"","protected":false},"author":1,"featured_media":0,"comment_status":"open","ping_status":"open","sticky":false,"template":"","format":"standard","meta":{"site-sidebar-layout":"default","site-content-layout":"","ast-site-content-layout":"default","site-content-style":"default","site-sidebar-style":"default","ast-global-header-display":"","ast-banner-title-visibility":"","ast-main-header-display":"","ast-hfb-above-header-display":"","ast-hfb-below-header-display":"","ast-hfb-mobile-header-display":"","site-post-title":"","ast-breadcrumbs-content":"","ast-featured-img":"","footer-sml-layout":"","ast-disable-related-posts":"","theme-transparent-header-meta":"","adv-header-id-meta":"","stick-header-meta":"","header-above-stick-meta":"","header-main-stick-meta":"","header-below-stick-meta":"","astra-migrate-meta-layouts":"default","ast-page-background-enabled":"default","ast-page-background-meta":{"desktop":{"background-color":"var(--ast-global-color-4)","background-image":"","background-repeat":"repeat","background-position":"center center","background-size":"auto","background-attachment":"scroll","background-type":"","background-media":"","overlay-type":"","overlay-color":"","overlay-opacity":"","overlay-gradient":""},"tablet":{"background-color":"","background-image":"","background-repeat":"repeat","background-position":"center center","background-size":"auto","background-attachment":"scroll","background-type":"","background-media":"","overlay-type":"","overlay-color":"","overlay-opacity":"","overlay-gradient":""},"mobile":{"background-color":"","background-image":"","background-repeat":"repeat","background-position":"center center","background-size":"auto","background-attachment":"scroll","background-type":"","background-media":"","overlay-type":"","overlay-color":"","overlay-opacity":"","overlay-gradient":""}},"ast-content-background-meta":{"desktop":{"background-color":"var(--ast-global-color-5)","background-image":"","background-repeat":"repeat","background-position":"center center","background-size":"auto","background-attachment":"scroll","background-type":"","background-media":"","overlay-type":"","overlay-color":"","overlay-opacity":"","overlay-gradient":""},"tablet":{"background-color":"var(--ast-global-color-5)","background-image":"","background-repeat":"repeat","background-position":"center center","background-size":"auto","background-attachment":"scroll","background-type":"","background-media":"","overlay-type":"","overlay-color":"","overlay-opacity":"","overlay-gradient":""},"mobile":{"background-color":"var(--ast-global-color-5)","background-image":"","background-repeat":"repeat","background-position":"center center","background-size":"auto","background-attachment":"scroll","background-type":"","background-media":"","overlay-type":"","overlay-color":"","overlay-opacity":"","overlay-gradient":""}},"footnotes":""},"categories":[517],"tags":[38,193,2214],"class_list":["post-13062","post","type-post","status-publish","format-standard","hentry","category-aconteceu","tag-senado-federal","tag-senador","tag-senadores"],"_links":{"self":[{"href":"https:\/\/noticiasnoface.com.br\/index.php\/wp-json\/wp\/v2\/posts\/13062","targetHints":{"allow":["GET"]}}],"collection":[{"href":"https:\/\/noticiasnoface.com.br\/index.php\/wp-json\/wp\/v2\/posts"}],"about":[{"href":"https:\/\/noticiasnoface.com.br\/index.php\/wp-json\/wp\/v2\/types\/post"}],"author":[{"embeddable":true,"href":"https:\/\/noticiasnoface.com.br\/index.php\/wp-json\/wp\/v2\/users\/1"}],"replies":[{"embeddable":true,"href":"https:\/\/noticiasnoface.com.br\/index.php\/wp-json\/wp\/v2\/comments?post=13062"}],"version-history":[{"count":2,"href":"https:\/\/noticiasnoface.com.br\/index.php\/wp-json\/wp\/v2\/posts\/13062\/revisions"}],"predecessor-version":[{"id":13065,"href":"https:\/\/noticiasnoface.com.br\/index.php\/wp-json\/wp\/v2\/posts\/13062\/revisions\/13065"}],"wp:attachment":[{"href":"https:\/\/noticiasnoface.com.br\/index.php\/wp-json\/wp\/v2\/media?parent=13062"}],"wp:term":[{"taxonomy":"category","embeddable":true,"href":"https:\/\/noticiasnoface.com.br\/index.php\/wp-json\/wp\/v2\/categories?post=13062"},{"taxonomy":"post_tag","embeddable":true,"href":"https:\/\/noticiasnoface.com.br\/index.php\/wp-json\/wp\/v2\/tags?post=13062"}],"curies":[{"name":"wp","href":"https:\/\/api.w.org\/{rel}","templated":true}]}}