{"id":13087,"date":"2022-12-02T08:39:32","date_gmt":"2022-12-02T11:39:32","guid":{"rendered":"https:\/\/noticiasnoface.com.br\/?p=13087"},"modified":"2022-12-02T08:40:27","modified_gmt":"2022-12-02T11:40:27","slug":"cnn-manda-125-funcionarios-la-pa-casa-do-caralho","status":"publish","type":"post","link":"https:\/\/noticiasnoface.com.br\/index.php\/2022\/12\/02\/cnn-manda-125-funcionarios-la-pa-casa-do-caralho\/","title":{"rendered":"CNN manda 125 funcion\u00e1rios l\u00e1 p\u00e1 casa do caralho"},"content":{"rendered":"\n<figure class=\"wp-block-image size-large\"><img data-opt-id=1685257306  fetchpriority=\"high\" decoding=\"async\" width=\"1024\" height=\"1024\" src=\"https:\/\/mlbfrsat7ahr.i.optimole.com\/w:1024\/h:1024\/q:mauto\/ig:avif\/https:\/\/noticiasnoface.com.br\/wp-content\/uploads\/2022\/12\/D8DF9E5E-0EED-4167-A458-063CEC6BD511.jpeg\" alt=\"\" class=\"wp-image-13088\" srcset=\"https:\/\/mlbfrsat7ahr.i.optimole.com\/w:1024\/h:1024\/q:mauto\/ig:avif\/https:\/\/noticiasnoface.com.br\/wp-content\/uploads\/2022\/12\/D8DF9E5E-0EED-4167-A458-063CEC6BD511.jpeg 1024w, https:\/\/mlbfrsat7ahr.i.optimole.com\/w:300\/h:300\/q:mauto\/ig:avif\/https:\/\/noticiasnoface.com.br\/wp-content\/uploads\/2022\/12\/D8DF9E5E-0EED-4167-A458-063CEC6BD511.jpeg 300w, https:\/\/mlbfrsat7ahr.i.optimole.com\/w:150\/h:150\/q:mauto\/ig:avif\/https:\/\/noticiasnoface.com.br\/wp-content\/uploads\/2022\/12\/D8DF9E5E-0EED-4167-A458-063CEC6BD511.jpeg 150w, https:\/\/mlbfrsat7ahr.i.optimole.com\/w:768\/h:768\/q:mauto\/ig:avif\/https:\/\/noticiasnoface.com.br\/wp-content\/uploads\/2022\/12\/D8DF9E5E-0EED-4167-A458-063CEC6BD511.jpeg 768w, https:\/\/mlbfrsat7ahr.i.optimole.com\/w:1080\/h:1080\/q:mauto\/ig:avif\/https:\/\/noticiasnoface.com.br\/wp-content\/uploads\/2022\/12\/D8DF9E5E-0EED-4167-A458-063CEC6BD511.jpeg 1536w, https:\/\/mlbfrsat7ahr.i.optimole.com\/w:1080\/h:1080\/q:mauto\/ig:avif\/https:\/\/noticiasnoface.com.br\/wp-content\/uploads\/2022\/12\/D8DF9E5E-0EED-4167-A458-063CEC6BD511.jpeg 2048w, https:\/\/mlbfrsat7ahr.i.optimole.com\/w:600\/h:600\/q:mauto\/ig:avif\/https:\/\/noticiasnoface.com.br\/wp-content\/uploads\/2022\/12\/D8DF9E5E-0EED-4167-A458-063CEC6BD511.jpeg 600w\" sizes=\"(max-width: 1000px) 100vw, 1000px\" \/><figcaption class=\"wp-element-caption\"><strong>CNN demite Monalisa Perrone, Karnal, Sidney Resende e outros<\/strong><br>A CNN Brasil, promoveu, nesta quinta-feira, 1\u00ba, uma demiss\u00e3o em massa e anunciou o fechamento da filial no Rio de Janeiro. Nomes de peso como Monalisa Perrone, Marcela Rahal e Sidney Rezende est\u00e3o entre os que foram dispensados do canal.<br>Segundo a coluna de Ricardo Feltrin, do portal UOL, o n\u00famero de demiss\u00f5es chega a 125. Os cortes est\u00e3o sendo feitos em todos os departamentos, e n\u00e3o apenas na Reda\u00e7\u00e3o.<br>A CNN Brasil passa por um momento de crise, devido aos altos custos e ibope residual na TV por assinatura. Al\u00e9m disso, a emissora perdeu o pouco espa\u00e7o que j\u00e1 tinha com a estreia da Jovem Pan News.<br>Propaganda. Role para continuar lendo.<br><strong>Abaixo os principais nomes demitidos:<\/strong><br>Monalisa Perrone \u2013 apresentadora;<br>Gl\u00f3ria Vanique \u2013 apresentadora;<br>Sidney Rezende \u2013 apresentador;<br>Roberta Russo \u2013 apresentadora;<br>Marcela Rahal \u2013 apresentadora;<br>Fernando Molica \u2013 analista;<br>Kenz\u00f4 Machida \u2013 analista;<br>Alexandre Borges \u2013 analista;<br>Helo\u00edsa Vilela \u2013 correspondente nos EUA;<br>Isabella Faria \u2013 rep\u00f3rter;<br>Dan\u00fabia Braga \u2013 rep\u00f3rter;<br>Bruna Ostermann \u2013 rep\u00f3rter;<br>Lucas C\u00e2mara \u2013 diretor de rela\u00e7\u00f5es institucionais;<br>Frank Alc\u00e2ntara \u2013 vice-presidente de novos neg\u00f3cios;<br>Jo\u00e3o Beltr\u00e3o \u2013 diretor de jornalismo de s\u00e3o Paulo .<\/figcaption><\/figure>\n\n\n\n<figure class=\"wp-block-image size-full is-resized\"><img data-opt-id=211369477  fetchpriority=\"high\" decoding=\"async\" src=\"https:\/\/mlbfrsat7ahr.i.optimole.com\/w:auto\/h:auto\/q:mauto\/ig:avif\/https:\/\/noticiasnoface.com.br\/wp-content\/uploads\/2022\/12\/9CB2B51A-785C-401E-9E6A-D19AEA2C55EA.jpeg\" alt=\"\" class=\"wp-image-13089\" width=\"300\" height=\"168\"\/><figcaption class=\"wp-element-caption\"><br>A antip\u00e1tica Monalisa Perrone tamb\u00e9m foindemitida <br><strong>Veja o comunicado da CNN Brasil:<\/strong><br><em>\u201cPrezados Colaboradores,<\/em><br><em>A CNN Brasil informa que realiza, nesta quinta-feira, dia 1\u00ba de dezembro, a reestrutura\u00e7\u00e3o de suas opera\u00e7\u00f5es, com dois objetivos principais: fortalecer o DNA do canal, focado em Hard News, e readequar custos, ajustando a empresa ao cen\u00e1rio econ\u00f4mico do pa\u00eds, criando as condi\u00e7\u00f5es para atingir o equil\u00edbrio financeiro (Breakeven) em 2023 e crescer.<\/em><br><em>Em linha com a estrat\u00e9gia de fortalecimento do jornalismo, a coordena\u00e7\u00e3o da cobertura ser\u00e1 concentrada em S\u00e3o Paulo e Bras\u00edlia, duas pra\u00e7as que ganham relev\u00e2ncia dado o contexto pol\u00edtico e econ\u00f4mico nacional. Em decorr\u00eancia dessa nova l\u00f3gica, a newsroom do Rio de Janeiro ser\u00e1 desativada, sem preju\u00edzo \u00e0 cobertura. As mudan\u00e7as incluem a readequa\u00e7\u00e3o de programas, assim como da grade. O selo CNN Soft ser\u00e1 remodelado para 2023.<\/em><br><em>Aos colegas que deixam a empresa, manifestamos o nosso profundo respeito e gratid\u00e3o. A dedica\u00e7\u00e3o e o trabalho de cada um foram fundamentais para a constru\u00e7\u00e3o e consolida\u00e7\u00e3o da CNN Brasil.<\/em><br>Propaganda. Role para continuar lendo.<br><em>Decis\u00f5es como essas exigem coragem, determina\u00e7\u00e3o e vis\u00e3o de futuro. As mudan\u00e7as ir\u00e3o adequar a empresa ao novo cen\u00e1rio da ind\u00fastria de m\u00eddia e abrir\u00e3o espa\u00e7o aos investimentos necess\u00e1rios para seguir entregando o jornalismo independente, relevante e de alta qualidade, marca registrada da CNN. Este \u00e9 o nosso compromisso com todos os colaboradores, com o mercado e com os milh\u00f5es de brasileiros que confiam na CNN Brasil para tomar as melhores decis\u00f5es\u201d.<\/em><\/figcaption><\/figure>\n\n\n\n<!--more-->\n\n\n\n<figure class=\"wp-block-embed is-type-wp-embed is-provider-nnf-noticias-no-face wp-block-embed-nnf-noticias-no-face\"><div class=\"wp-block-embed__wrapper\">\n<blockquote class=\"wp-embedded-content\" data-secret=\"9bnG9zWuaE\"><a href=\"https:\/\/noticiasnoface.com.br\/index.php\/2022\/10\/25\/cnn-corta-microfone-de-jornalista-ao-vivo\/\">CNN corta microfone de jornalista ao vivo<\/a><\/blockquote><iframe class=\"wp-embedded-content\" sandbox=\"allow-scripts\" security=\"restricted\" style=\"position: absolute; visibility: hidden;\" title=\"&#8220;CNN corta microfone de jornalista ao vivo&#8221; &#8212; NOTICIAS NO FACE\" src=\"https:\/\/noticiasnoface.com.br\/index.php\/2022\/10\/25\/cnn-corta-microfone-de-jornalista-ao-vivo\/embed\/#?secret=kvTnEmL956#?secret=9bnG9zWuaE\" data-secret=\"9bnG9zWuaE\" width=\"500\" height=\"282\" frameborder=\"0\" marginwidth=\"0\" marginheight=\"0\" scrolling=\"no\"><\/iframe>\n<\/div><\/figure>\n\n\n\n<figure class=\"wp-block-embed is-type-wp-embed is-provider-nnf-noticias-no-face wp-block-embed-nnf-noticias-no-face\"><div class=\"wp-block-embed__wrapper\">\n<blockquote class=\"wp-embedded-content\" data-secret=\"DGGRiqzadh\"><a href=\"https:\/\/noticiasnoface.com.br\/index.php\/2022\/07\/19\/cnn-tenta-esconder-que-os-gays-e-bi-sao-os-alvos-da-variola-dos-macacos-assistam\/\">CNN tenta esconder que os Gays e BI s\u00e3o os alvos da var\u00edola dos macacos, assistam:<\/a><\/blockquote><iframe class=\"wp-embedded-content\" sandbox=\"allow-scripts\" security=\"restricted\" style=\"position: absolute; visibility: hidden;\" title=\"&#8220;CNN tenta esconder que os Gays e BI s\u00e3o os alvos da var\u00edola dos macacos, assistam:&#8221; &#8212; NOTICIAS NO FACE\" src=\"https:\/\/noticiasnoface.com.br\/index.php\/2022\/07\/19\/cnn-tenta-esconder-que-os-gays-e-bi-sao-os-alvos-da-variola-dos-macacos-assistam\/embed\/#?secret=ZBNABQ47GQ#?secret=DGGRiqzadh\" data-secret=\"DGGRiqzadh\" width=\"500\" height=\"282\" frameborder=\"0\" marginwidth=\"0\" marginheight=\"0\" scrolling=\"no\"><\/iframe>\n<\/div><\/figure>\n\n\n\n<figure class=\"wp-block-embed is-type-wp-embed is-provider-nnf-noticias-no-face wp-block-embed-nnf-noticias-no-face\"><div class=\"wp-block-embed__wrapper\">\n<blockquote class=\"wp-embedded-content\" data-secret=\"fhHv739fbJ\"><a href=\"https:\/\/noticiasnoface.com.br\/index.php\/2022\/05\/10\/cnn-acordou-pra-jesus-assistam\/\">CNN acordou pra Jesus, assistam:<\/a><\/blockquote><iframe class=\"wp-embedded-content\" sandbox=\"allow-scripts\" security=\"restricted\" style=\"position: absolute; visibility: hidden;\" title=\"&#8220;CNN acordou pra Jesus, assistam:&#8221; &#8212; NOTICIAS NO FACE\" src=\"https:\/\/noticiasnoface.com.br\/index.php\/2022\/05\/10\/cnn-acordou-pra-jesus-assistam\/embed\/#?secret=wLBc4kh2VK#?secret=fhHv739fbJ\" data-secret=\"fhHv739fbJ\" width=\"500\" height=\"282\" frameborder=\"0\" marginwidth=\"0\" marginheight=\"0\" scrolling=\"no\"><\/iframe>\n<\/div><\/figure>\n","protected":false},"excerpt":{"rendered":"","protected":false},"author":1,"featured_media":0,"comment_status":"open","ping_status":"open","sticky":false,"template":"","format":"standard","meta":{"site-sidebar-layout":"default","site-content-layout":"","ast-site-content-layout":"default","site-content-style":"default","site-sidebar-style":"default","ast-global-header-display":"","ast-banner-title-visibility":"","ast-main-header-display":"","ast-hfb-above-header-display":"","ast-hfb-below-header-display":"","ast-hfb-mobile-header-display":"","site-post-title":"","ast-breadcrumbs-content":"","ast-featured-img":"","footer-sml-layout":"","ast-disable-related-posts":"","theme-transparent-header-meta":"","adv-header-id-meta":"","stick-header-meta":"","header-above-stick-meta":"","header-main-stick-meta":"","header-below-stick-meta":"","astra-migrate-meta-layouts":"default","ast-page-background-enabled":"default","ast-page-background-meta":{"desktop":{"background-color":"var(--ast-global-color-4)","background-image":"","background-repeat":"repeat","background-position":"center center","background-size":"auto","background-attachment":"scroll","background-type":"","background-media":"","overlay-type":"","overlay-color":"","overlay-opacity":"","overlay-gradient":""},"tablet":{"background-color":"","background-image":"","background-repeat":"repeat","background-position":"center center","background-size":"auto","background-attachment":"scroll","background-type":"","background-media":"","overlay-type":"","overlay-color":"","overlay-opacity":"","overlay-gradient":""},"mobile":{"background-color":"","background-image":"","background-repeat":"repeat","background-position":"center center","background-size":"auto","background-attachment":"scroll","background-type":"","background-media":"","overlay-type":"","overlay-color":"","overlay-opacity":"","overlay-gradient":""}},"ast-content-background-meta":{"desktop":{"background-color":"var(--ast-global-color-5)","background-image":"","background-repeat":"repeat","background-position":"center center","background-size":"auto","background-attachment":"scroll","background-type":"","background-media":"","overlay-type":"","overlay-color":"","overlay-opacity":"","overlay-gradient":""},"tablet":{"background-color":"var(--ast-global-color-5)","background-image":"","background-repeat":"repeat","background-position":"center center","background-size":"auto","background-attachment":"scroll","background-type":"","background-media":"","overlay-type":"","overlay-color":"","overlay-opacity":"","overlay-gradient":""},"mobile":{"background-color":"var(--ast-global-color-5)","background-image":"","background-repeat":"repeat","background-position":"center center","background-size":"auto","background-attachment":"scroll","background-type":"","background-media":"","overlay-type":"","overlay-color":"","overlay-opacity":"","overlay-gradient":""}},"footnotes":""},"categories":[517],"tags":[2222,401,1744,50,22,199],"class_list":["post-13087","post","type-post","status-publish","format-standard","hentry","category-aconteceu","tag-casa-do-caralho","tag-cnn","tag-jornalistas","tag-noticias-do-face","tag-noticias-no-face","tag-noticiasnoface"],"_links":{"self":[{"href":"https:\/\/noticiasnoface.com.br\/index.php\/wp-json\/wp\/v2\/posts\/13087","targetHints":{"allow":["GET"]}}],"collection":[{"href":"https:\/\/noticiasnoface.com.br\/index.php\/wp-json\/wp\/v2\/posts"}],"about":[{"href":"https:\/\/noticiasnoface.com.br\/index.php\/wp-json\/wp\/v2\/types\/post"}],"author":[{"embeddable":true,"href":"https:\/\/noticiasnoface.com.br\/index.php\/wp-json\/wp\/v2\/users\/1"}],"replies":[{"embeddable":true,"href":"https:\/\/noticiasnoface.com.br\/index.php\/wp-json\/wp\/v2\/comments?post=13087"}],"version-history":[{"count":1,"href":"https:\/\/noticiasnoface.com.br\/index.php\/wp-json\/wp\/v2\/posts\/13087\/revisions"}],"predecessor-version":[{"id":13090,"href":"https:\/\/noticiasnoface.com.br\/index.php\/wp-json\/wp\/v2\/posts\/13087\/revisions\/13090"}],"wp:attachment":[{"href":"https:\/\/noticiasnoface.com.br\/index.php\/wp-json\/wp\/v2\/media?parent=13087"}],"wp:term":[{"taxonomy":"category","embeddable":true,"href":"https:\/\/noticiasnoface.com.br\/index.php\/wp-json\/wp\/v2\/categories?post=13087"},{"taxonomy":"post_tag","embeddable":true,"href":"https:\/\/noticiasnoface.com.br\/index.php\/wp-json\/wp\/v2\/tags?post=13087"}],"curies":[{"name":"wp","href":"https:\/\/api.w.org\/{rel}","templated":true}]}}