{"id":13091,"date":"2022-12-02T11:52:55","date_gmt":"2022-12-02T14:52:55","guid":{"rendered":"https:\/\/noticiasnoface.com.br\/?p=13091"},"modified":"2022-12-02T12:11:32","modified_gmt":"2022-12-02T15:11:32","slug":"apos-comida-de-rabo-de-styvenson-governo-do-rn-retira-propaganda-de-turismo","status":"publish","type":"post","link":"https:\/\/noticiasnoface.com.br\/index.php\/2022\/12\/02\/apos-comida-de-rabo-de-styvenson-governo-do-rn-retira-propaganda-de-turismo\/","title":{"rendered":"Ap\u00f3s comida de rabo de STYVENSON governo do RN retira propaganda de Turismo"},"content":{"rendered":"\n<figure class=\"wp-block-image size-large\"><img data-opt-id=1980157960  fetchpriority=\"high\" decoding=\"async\" width=\"525\" height=\"1024\" src=\"https:\/\/mlbfrsat7ahr.i.optimole.com\/w:525\/h:1024\/q:mauto\/ig:avif\/https:\/\/noticiasnoface.com.br\/wp-content\/uploads\/2022\/12\/E46A5B0F-A194-4C5D-8C90-C70AD2309E59.jpeg\" alt=\"\" class=\"wp-image-13092\" srcset=\"https:\/\/mlbfrsat7ahr.i.optimole.com\/w:525\/h:1024\/q:mauto\/ig:avif\/https:\/\/noticiasnoface.com.br\/wp-content\/uploads\/2022\/12\/E46A5B0F-A194-4C5D-8C90-C70AD2309E59.jpeg 525w, https:\/\/mlbfrsat7ahr.i.optimole.com\/w:154\/h:300\/q:mauto\/ig:avif\/https:\/\/noticiasnoface.com.br\/wp-content\/uploads\/2022\/12\/E46A5B0F-A194-4C5D-8C90-C70AD2309E59.jpeg 154w, https:\/\/mlbfrsat7ahr.i.optimole.com\/w:553\/h:1080\/q:mauto\/ig:avif\/https:\/\/noticiasnoface.com.br\/wp-content\/uploads\/2022\/12\/E46A5B0F-A194-4C5D-8C90-C70AD2309E59.jpeg 768w, https:\/\/mlbfrsat7ahr.i.optimole.com\/w:553\/h:1080\/q:mauto\/ig:avif\/https:\/\/noticiasnoface.com.br\/wp-content\/uploads\/2022\/12\/E46A5B0F-A194-4C5D-8C90-C70AD2309E59.jpeg 787w, https:\/\/mlbfrsat7ahr.i.optimole.com\/w:553\/h:1080\/q:mauto\/ig:avif\/https:\/\/noticiasnoface.com.br\/wp-content\/uploads\/2022\/12\/E46A5B0F-A194-4C5D-8C90-C70AD2309E59.jpeg 1049w, https:\/\/mlbfrsat7ahr.i.optimole.com\/w:553\/h:1080\/q:mauto\/ig:avif\/https:\/\/noticiasnoface.com.br\/wp-content\/uploads\/2022\/12\/E46A5B0F-A194-4C5D-8C90-C70AD2309E59.jpeg 1242w\" sizes=\"(max-width: 525px) 100vw, 525px\" \/><figcaption class=\"wp-element-caption\">Ap\u00f3s o senador STYVENSON VALENTIM entrar na justi\u00e7a cobrando explica\u00e7\u00f5es pq o governo do RN fez propaganda do turismo do estado com personagens vestindo camisa do PT e Fazemdo o &#8220;L&#8221; de ladr\u00e3o, a secretaria de turismo retira a propaganda do ar. <br \/>STYVENSON j\u00e1 deixa claro que n\u00e3o vai diminuir os ataques a governadora e ao PT no RN. Fazendo isso vai se consolidando em um grande nome da oposi\u00e7\u00e3o e aumentando sua musculatura pol\u00edtica para 2026. <\/figcaption><\/figure>\n\n\n\n<figure class=\"wp-block-image size-large\"><img data-opt-id=566330173  fetchpriority=\"high\" decoding=\"async\" width=\"474\" height=\"1024\" src=\"https:\/\/mlbfrsat7ahr.i.optimole.com\/w:474\/h:1024\/q:mauto\/ig:avif\/https:\/\/noticiasnoface.com.br\/wp-content\/uploads\/2022\/12\/07a8d5a2-0712-4c50-8e68-3d052ba2e412.jpg\" alt=\"\" class=\"wp-image-13095\" srcset=\"https:\/\/mlbfrsat7ahr.i.optimole.com\/w:474\/h:1024\/q:mauto\/ig:avif\/https:\/\/noticiasnoface.com.br\/wp-content\/uploads\/2022\/12\/07a8d5a2-0712-4c50-8e68-3d052ba2e412.jpg 474w, https:\/\/mlbfrsat7ahr.i.optimole.com\/w:139\/h:300\/q:mauto\/ig:avif\/https:\/\/noticiasnoface.com.br\/wp-content\/uploads\/2022\/12\/07a8d5a2-0712-4c50-8e68-3d052ba2e412.jpg 139w, https:\/\/mlbfrsat7ahr.i.optimole.com\/w:499\/h:1080\/q:mauto\/ig:avif\/https:\/\/noticiasnoface.com.br\/wp-content\/uploads\/2022\/12\/07a8d5a2-0712-4c50-8e68-3d052ba2e412.jpg 710w, https:\/\/mlbfrsat7ahr.i.optimole.com\/w:499\/h:1080\/q:mauto\/ig:avif\/https:\/\/noticiasnoface.com.br\/wp-content\/uploads\/2022\/12\/07a8d5a2-0712-4c50-8e68-3d052ba2e412.jpg 740w\" sizes=\"(max-width: 474px) 100vw, 474px\" \/><figcaption class=\"wp-element-caption\">Ap\u00f3s comida de rabo o governo do estado troca campanha por foto de golfinho <\/figcaption><\/figure>\n\n\n\n<!--more-->\n\n\n\n<p><a href=\"https:\/\/noticiasnoface.com.br\/index.php\/2022\/12\/01\/revoltante-styvenson-desmascara-a-governadora\/\">https:\/\/noticiasnoface.com.br\/index.php\/2022\/12\/01\/revoltante-styvenson-desmascara-a-governadora\/<\/a><\/p>\n","protected":false},"excerpt":{"rendered":"","protected":false},"author":1,"featured_media":0,"comment_status":"open","ping_status":"open","sticky":false,"template":"","format":"standard","meta":{"site-sidebar-layout":"default","site-content-layout":"","ast-site-content-layout":"default","site-content-style":"default","site-sidebar-style":"default","ast-global-header-display":"","ast-banner-title-visibility":"","ast-main-header-display":"","ast-hfb-above-header-display":"","ast-hfb-below-header-display":"","ast-hfb-mobile-header-display":"","site-post-title":"","ast-breadcrumbs-content":"","ast-featured-img":"","footer-sml-layout":"","ast-disable-related-posts":"","theme-transparent-header-meta":"","adv-header-id-meta":"","stick-header-meta":"","header-above-stick-meta":"","header-main-stick-meta":"","header-below-stick-meta":"","astra-migrate-meta-layouts":"default","ast-page-background-enabled":"default","ast-page-background-meta":{"desktop":{"background-color":"var(--ast-global-color-4)","background-image":"","background-repeat":"repeat","background-position":"center center","background-size":"auto","background-attachment":"scroll","background-type":"","background-media":"","overlay-type":"","overlay-color":"","overlay-opacity":"","overlay-gradient":""},"tablet":{"background-color":"","background-image":"","background-repeat":"repeat","background-position":"center center","background-size":"auto","background-attachment":"scroll","background-type":"","background-media":"","overlay-type":"","overlay-color":"","overlay-opacity":"","overlay-gradient":""},"mobile":{"background-color":"","background-image":"","background-repeat":"repeat","background-position":"center center","background-size":"auto","background-attachment":"scroll","background-type":"","background-media":"","overlay-type":"","overlay-color":"","overlay-opacity":"","overlay-gradient":""}},"ast-content-background-meta":{"desktop":{"background-color":"var(--ast-global-color-5)","background-image":"","background-repeat":"repeat","background-position":"center center","background-size":"auto","background-attachment":"scroll","background-type":"","background-media":"","overlay-type":"","overlay-color":"","overlay-opacity":"","overlay-gradient":""},"tablet":{"background-color":"var(--ast-global-color-5)","background-image":"","background-repeat":"repeat","background-position":"center center","background-size":"auto","background-attachment":"scroll","background-type":"","background-media":"","overlay-type":"","overlay-color":"","overlay-opacity":"","overlay-gradient":""},"mobile":{"background-color":"var(--ast-global-color-5)","background-image":"","background-repeat":"repeat","background-position":"center center","background-size":"auto","background-attachment":"scroll","background-type":"","background-media":"","overlay-type":"","overlay-color":"","overlay-opacity":"","overlay-gradient":""}},"footnotes":""},"categories":[517],"tags":[684,145,22,199,2223,653],"class_list":["post-13091","post","type-post","status-publish","format-standard","hentry","category-aconteceu","tag-denuncia","tag-governadora-do-rn","tag-noticias-no-face","tag-noticiasnoface","tag-notiticas-do-face","tag-senador-styvenson"],"_links":{"self":[{"href":"https:\/\/noticiasnoface.com.br\/index.php\/wp-json\/wp\/v2\/posts\/13091","targetHints":{"allow":["GET"]}}],"collection":[{"href":"https:\/\/noticiasnoface.com.br\/index.php\/wp-json\/wp\/v2\/posts"}],"about":[{"href":"https:\/\/noticiasnoface.com.br\/index.php\/wp-json\/wp\/v2\/types\/post"}],"author":[{"embeddable":true,"href":"https:\/\/noticiasnoface.com.br\/index.php\/wp-json\/wp\/v2\/users\/1"}],"replies":[{"embeddable":true,"href":"https:\/\/noticiasnoface.com.br\/index.php\/wp-json\/wp\/v2\/comments?post=13091"}],"version-history":[{"count":4,"href":"https:\/\/noticiasnoface.com.br\/index.php\/wp-json\/wp\/v2\/posts\/13091\/revisions"}],"predecessor-version":[{"id":13098,"href":"https:\/\/noticiasnoface.com.br\/index.php\/wp-json\/wp\/v2\/posts\/13091\/revisions\/13098"}],"wp:attachment":[{"href":"https:\/\/noticiasnoface.com.br\/index.php\/wp-json\/wp\/v2\/media?parent=13091"}],"wp:term":[{"taxonomy":"category","embeddable":true,"href":"https:\/\/noticiasnoface.com.br\/index.php\/wp-json\/wp\/v2\/categories?post=13091"},{"taxonomy":"post_tag","embeddable":true,"href":"https:\/\/noticiasnoface.com.br\/index.php\/wp-json\/wp\/v2\/tags?post=13091"}],"curies":[{"name":"wp","href":"https:\/\/api.w.org\/{rel}","templated":true}]}}