{"id":13118,"date":"2022-12-03T16:05:38","date_gmt":"2022-12-03T19:05:38","guid":{"rendered":"https:\/\/noticiasnoface.com.br\/?p=13118"},"modified":"2022-12-14T22:05:18","modified_gmt":"2022-12-15T01:05:18","slug":"elon-musk-diz-que-twitter-se-aliou-a-esquerda-nas-eleicoes-do-brasil","status":"publish","type":"post","link":"https:\/\/noticiasnoface.com.br\/index.php\/2022\/12\/03\/elon-musk-diz-que-twitter-se-aliou-a-esquerda-nas-eleicoes-do-brasil\/","title":{"rendered":"Marinha \u00e9 homenageada na C\u00e2mara de Natal em alus\u00e3o ao Dia do Marinheiro"},"content":{"rendered":"\n<figure class=\"wp-block-image size-large\"><img data-opt-id=1541864392  fetchpriority=\"high\" decoding=\"async\" width=\"1024\" height=\"626\" src=\"https:\/\/mlbfrsat7ahr.i.optimole.com\/w:1024\/h:626\/q:mauto\/ig:avif\/https:\/\/noticiasnoface.com.br\/wp-content\/uploads\/2022\/12\/img_8254.jpg\" alt=\"\" class=\"wp-image-13394\" srcset=\"https:\/\/mlbfrsat7ahr.i.optimole.com\/w:1024\/h:626\/q:mauto\/ig:avif\/https:\/\/noticiasnoface.com.br\/wp-content\/uploads\/2022\/12\/img_8254.jpg 1024w, https:\/\/mlbfrsat7ahr.i.optimole.com\/w:300\/h:184\/q:mauto\/ig:avif\/https:\/\/noticiasnoface.com.br\/wp-content\/uploads\/2022\/12\/img_8254.jpg 300w, https:\/\/mlbfrsat7ahr.i.optimole.com\/w:768\/h:470\/q:mauto\/ig:avif\/https:\/\/noticiasnoface.com.br\/wp-content\/uploads\/2022\/12\/img_8254.jpg 768w, https:\/\/mlbfrsat7ahr.i.optimole.com\/w:1280\/h:783\/q:mauto\/ig:avif\/https:\/\/noticiasnoface.com.br\/wp-content\/uploads\/2022\/12\/img_8254.jpg 1280w\" sizes=\"(max-width: 1000px) 100vw, 1000px\" \/><figcaption class=\"wp-element-caption\">Em alus\u00e3o ao dia 13 de dezembro, data na qual se comemora o Dia do Marinheiro, a C\u00e2mara Municipal de Natal realizou uma solenidade para celebrar a data, nesta segunda-feira (12), atrav\u00e9s de uma proposi\u00e7\u00e3o da vereadora Camila Ara\u00fajo (Uni\u00e3o).<br \/>A parlamentar externou a satisfa\u00e7\u00e3o em propor a solenidade, relembrando que a data homenageia o Almirante Joaquim Marques Lisboa, o Marqu\u00eas de Tamandar\u00e9, em sua data natal\u00edcia (13\/12\/1807). &#8220;S\u00e3o homens e mulheres, her\u00f3is do mar. Saudar o dia do marinheiro \u00e9 lembrar do Marqu\u00eas de Tamandar\u00e9 e a partir da\u00ed relembrar a Import\u00e2ncia do nosso oceano, onde est\u00e1 a nossa &#8216;Amaz\u00f4nia Azul&#8217;, fonte de vida e de riquezas, t\u00e3o bem protegido pela Marinha. Por isso, a gratid\u00e3o em proporcionar essa homanagem aos nossos marinheiros&#8221;, disse ela.<br \/>Tamandar\u00e9 est\u00e1 entre o seleto grupo de brasileiros que contribu\u00edram para resguardar o Brasil da desagrega\u00e7\u00e3o do Norte ao Sul do Brasil, se destacando em conflitos como a Guerra de Independ\u00eancia, Guerra Cisplatina e Guerra do Paraguai.<br \/>&#8220;Comemoramos este dia em alus\u00e3o direta ao nascimento do nosso patrono, o Almirante Tamandar\u00e9, que desempenhou protagonismo em todos os grandes feitos no campo militar naval do Brasil-Imp\u00e9rio e depois na Rep\u00fablica. \u00c9 uma proposi\u00e7\u00e3o muito bem recebida por todos os que fazem a Marinha do Brasil&#8221;, destacou o Almirante Andr\u00e9 Moraes, comandante do 3\u00b0 Distrito Naval.<br \/>Al\u00e9m dos marinhos e fuzileiros navais, participaram tamb\u00e9m autoridades do Ex\u00e9rcito, da For\u00e7a A\u00e9rea Brasileira, do Tribunal de Justi\u00e7a do Rio Grande do Norte e da c\u00fapula da Seguran\u00e7a P\u00fablica do Estado e alunos da Escola Civico-militar Maria Alexandrina Sampaio.<br \/>O Secret\u00e1rio Estadual de Seguran\u00e7a P\u00fablica, Coronel Francisco Ara\u00fajo, enfatizou a import\u00e2ncia de reconhecer o servi\u00e7o que os militares do mar prestam ao pa\u00eds. &#8220;Vivemos num estado banhado por um oceano e a Marinha garante a prote\u00e7\u00e3o da nossa costa. Por isso nos sentimos orgulhosos pela presen\u00e7a desses homens e mulheres da Marinha do Brasil que merecem essa justa homenagem&#8221;, frisou o secret\u00e1rio.<br \/>Texto: Cl\u00e1udio Oliveira<br \/>Fotos: Francisco de Assis<\/figcaption><\/figure>\n\n\n\n<p><\/p>\n","protected":false},"excerpt":{"rendered":"","protected":false},"author":1,"featured_media":0,"comment_status":"open","ping_status":"open","sticky":false,"template":"","format":"standard","meta":{"site-sidebar-layout":"default","site-content-layout":"","ast-site-content-layout":"default","site-content-style":"default","site-sidebar-style":"default","ast-global-header-display":"","ast-banner-title-visibility":"","ast-main-header-display":"","ast-hfb-above-header-display":"","ast-hfb-below-header-display":"","ast-hfb-mobile-header-display":"","site-post-title":"","ast-breadcrumbs-content":"","ast-featured-img":"","footer-sml-layout":"","ast-disable-related-posts":"","theme-transparent-header-meta":"","adv-header-id-meta":"","stick-header-meta":"","header-above-stick-meta":"","header-main-stick-meta":"","header-below-stick-meta":"","astra-migrate-meta-layouts":"default","ast-page-background-enabled":"default","ast-page-background-meta":{"desktop":{"background-color":"var(--ast-global-color-4)","background-image":"","background-repeat":"repeat","background-position":"center center","background-size":"auto","background-attachment":"scroll","background-type":"","background-media":"","overlay-type":"","overlay-color":"","overlay-opacity":"","overlay-gradient":""},"tablet":{"background-color":"","background-image":"","background-repeat":"repeat","background-position":"center center","background-size":"auto","background-attachment":"scroll","background-type":"","background-media":"","overlay-type":"","overlay-color":"","overlay-opacity":"","overlay-gradient":""},"mobile":{"background-color":"","background-image":"","background-repeat":"repeat","background-position":"center center","background-size":"auto","background-attachment":"scroll","background-type":"","background-media":"","overlay-type":"","overlay-color":"","overlay-opacity":"","overlay-gradient":""}},"ast-content-background-meta":{"desktop":{"background-color":"var(--ast-global-color-5)","background-image":"","background-repeat":"repeat","background-position":"center center","background-size":"auto","background-attachment":"scroll","background-type":"","background-media":"","overlay-type":"","overlay-color":"","overlay-opacity":"","overlay-gradient":""},"tablet":{"background-color":"var(--ast-global-color-5)","background-image":"","background-repeat":"repeat","background-position":"center center","background-size":"auto","background-attachment":"scroll","background-type":"","background-media":"","overlay-type":"","overlay-color":"","overlay-opacity":"","overlay-gradient":""},"mobile":{"background-color":"var(--ast-global-color-5)","background-image":"","background-repeat":"repeat","background-position":"center center","background-size":"auto","background-attachment":"scroll","background-type":"","background-media":"","overlay-type":"","overlay-color":"","overlay-opacity":"","overlay-gradient":""}},"footnotes":""},"categories":[517],"tags":[],"class_list":["post-13118","post","type-post","status-publish","format-standard","hentry","category-aconteceu"],"_links":{"self":[{"href":"https:\/\/noticiasnoface.com.br\/index.php\/wp-json\/wp\/v2\/posts\/13118","targetHints":{"allow":["GET"]}}],"collection":[{"href":"https:\/\/noticiasnoface.com.br\/index.php\/wp-json\/wp\/v2\/posts"}],"about":[{"href":"https:\/\/noticiasnoface.com.br\/index.php\/wp-json\/wp\/v2\/types\/post"}],"author":[{"embeddable":true,"href":"https:\/\/noticiasnoface.com.br\/index.php\/wp-json\/wp\/v2\/users\/1"}],"replies":[{"embeddable":true,"href":"https:\/\/noticiasnoface.com.br\/index.php\/wp-json\/wp\/v2\/comments?post=13118"}],"version-history":[{"count":3,"href":"https:\/\/noticiasnoface.com.br\/index.php\/wp-json\/wp\/v2\/posts\/13118\/revisions"}],"predecessor-version":[{"id":13396,"href":"https:\/\/noticiasnoface.com.br\/index.php\/wp-json\/wp\/v2\/posts\/13118\/revisions\/13396"}],"wp:attachment":[{"href":"https:\/\/noticiasnoface.com.br\/index.php\/wp-json\/wp\/v2\/media?parent=13118"}],"wp:term":[{"taxonomy":"category","embeddable":true,"href":"https:\/\/noticiasnoface.com.br\/index.php\/wp-json\/wp\/v2\/categories?post=13118"},{"taxonomy":"post_tag","embeddable":true,"href":"https:\/\/noticiasnoface.com.br\/index.php\/wp-json\/wp\/v2\/tags?post=13118"}],"curies":[{"name":"wp","href":"https:\/\/api.w.org\/{rel}","templated":true}]}}