{"id":13160,"date":"2022-12-05T20:35:14","date_gmt":"2022-12-05T23:35:14","guid":{"rendered":"https:\/\/noticiasnoface.com.br\/?p=13160"},"modified":"2022-12-05T20:35:16","modified_gmt":"2022-12-05T23:35:16","slug":"militares-do-exercito-e-da-marinha-erram-caminho-e-sao-queimados-vivos","status":"publish","type":"post","link":"https:\/\/noticiasnoface.com.br\/index.php\/2022\/12\/05\/militares-do-exercito-e-da-marinha-erram-caminho-e-sao-queimados-vivos\/","title":{"rendered":"Militares do ex\u00e9rcito e da marinha erram caminho e s\u00e3o queimados vivos"},"content":{"rendered":"\n<figure class=\"wp-block-image size-full\"><img data-opt-id=1958343298  fetchpriority=\"high\" decoding=\"async\" width=\"640\" height=\"360\" src=\"https:\/\/mlbfrsat7ahr.i.optimole.com\/w:auto\/h:auto\/q:mauto\/ig:avif\/https:\/\/noticiasnoface.com.br\/wp-content\/uploads\/2022\/12\/347BEAA0-7375-460E-B9D4-944CFEE77443.jpeg\" alt=\"\" class=\"wp-image-13161\" srcset=\"https:\/\/mlbfrsat7ahr.i.optimole.com\/w:640\/h:360\/q:mauto\/ig:avif\/https:\/\/noticiasnoface.com.br\/wp-content\/uploads\/2022\/12\/347BEAA0-7375-460E-B9D4-944CFEE77443.jpeg 640w, https:\/\/mlbfrsat7ahr.i.optimole.com\/w:300\/h:169\/q:mauto\/ig:avif\/https:\/\/noticiasnoface.com.br\/wp-content\/uploads\/2022\/12\/347BEAA0-7375-460E-B9D4-944CFEE77443.jpeg 300w\" sizes=\"(max-width: 640px) 100vw, 640px\" \/><figcaption class=\"wp-element-caption\">Dois militares, um sargento do Ex\u00e9rcito e outro da Marinha, foram torturados, mortos e tiveram os corpos carbonizados, na madrugada de s\u00e1bado (3), em S\u00e3o Pedro da Aldeia, na Regi\u00e3o dos Lagos. Policiais do 25\u00ba Batalh\u00e3o da Pol\u00edcia Militar (Cabo Frio) receberam chamado de que havia um carro incendiado na Estrada da Caveira, na Regi\u00e3o dos Lagos. No local, foi encontrado um ve\u00edculo abandonado com dois corpos carbonizados na \u00e1rea de mata.<br>Segundo a PM, os militares estariam em S\u00e3o Pedro da Aldeia para passar o fim de semana. At\u00e9 o momento, ningu\u00e9m foi preso.\u00a0 O caso est\u00e1 sendo investigado pela 125\u00aa DP (S\u00e3o Pedro da Aldeia).<br>Uma das v\u00edtimas \u00e9 o sargento do Ex\u00e9rcito Julio Cesar Mikaloski, morador de Nova Igua\u00e7u, na Baixada Fluminense. Ele deixou dois filhos menores, de 3 e 10 anos. Segundo informa\u00e7\u00f5es das fam\u00edlias, o militar e o amigo teriam ido passar o fim de semana na Regi\u00e3o dos Lagos, quando erraram o caminho e foram abordados por criminosos que controlam a regi\u00e3o. Eles foram mortos e os corpos carbonizados dentro de um carro, provavelmente de uma das v\u00edtimas.<br>A Pol\u00edcia Civil informou que os agentes buscam imagens de c\u00e2meras de seguran\u00e7a e ouvem testemunhas. Investiga\u00e7\u00f5es est\u00e3o sendo feitas para apurar a autoria do crime. Os corpos foram levados para o Instituto M\u00e9dico-Legal de Cabo Frio, onde \u00e9 feita a coleta de material para exame de DNA. N\u00e3o h\u00e1 data marcada para o enterro das v\u00edtimas.<br>Em nota, a Se\u00e7\u00e3o de Comunica\u00e7\u00e3o Social do Comando Militar do Leste (CML) informa que \u201co caso encontra-se a cargo dos \u00f3rg\u00e3os de seguran\u00e7a p\u00fablica, n\u00e3o cabendo ao CML comentar investiga\u00e7\u00f5es em andamento\u201d. Neste momento de consterna\u00e7\u00e3o, o Comando est\u00e1 prestando todo o apoio e solidariza-se com os familiares e amigos.<br>O 1\u00ba Distrito Naval tamb\u00e9m foi procurado, mas n\u00e3o quis comentar o caso. Disse que qualquer informa\u00e7\u00e3o ser\u00e1 prestada na p\u00e1gina oficial da Marinha.<br>Ag\u00eancia Brasil\u00a0<\/figcaption><\/figure>\n","protected":false},"excerpt":{"rendered":"","protected":false},"author":1,"featured_media":0,"comment_status":"open","ping_status":"open","sticky":false,"template":"","format":"standard","meta":{"site-sidebar-layout":"default","site-content-layout":"","ast-site-content-layout":"default","site-content-style":"default","site-sidebar-style":"default","ast-global-header-display":"","ast-banner-title-visibility":"","ast-main-header-display":"","ast-hfb-above-header-display":"","ast-hfb-below-header-display":"","ast-hfb-mobile-header-display":"","site-post-title":"","ast-breadcrumbs-content":"","ast-featured-img":"","footer-sml-layout":"","ast-disable-related-posts":"","theme-transparent-header-meta":"","adv-header-id-meta":"","stick-header-meta":"","header-above-stick-meta":"","header-main-stick-meta":"","header-below-stick-meta":"","astra-migrate-meta-layouts":"default","ast-page-background-enabled":"default","ast-page-background-meta":{"desktop":{"background-color":"var(--ast-global-color-4)","background-image":"","background-repeat":"repeat","background-position":"center center","background-size":"auto","background-attachment":"scroll","background-type":"","background-media":"","overlay-type":"","overlay-color":"","overlay-opacity":"","overlay-gradient":""},"tablet":{"background-color":"","background-image":"","background-repeat":"repeat","background-position":"center center","background-size":"auto","background-attachment":"scroll","background-type":"","background-media":"","overlay-type":"","overlay-color":"","overlay-opacity":"","overlay-gradient":""},"mobile":{"background-color":"","background-image":"","background-repeat":"repeat","background-position":"center center","background-size":"auto","background-attachment":"scroll","background-type":"","background-media":"","overlay-type":"","overlay-color":"","overlay-opacity":"","overlay-gradient":""}},"ast-content-background-meta":{"desktop":{"background-color":"var(--ast-global-color-5)","background-image":"","background-repeat":"repeat","background-position":"center center","background-size":"auto","background-attachment":"scroll","background-type":"","background-media":"","overlay-type":"","overlay-color":"","overlay-opacity":"","overlay-gradient":""},"tablet":{"background-color":"var(--ast-global-color-5)","background-image":"","background-repeat":"repeat","background-position":"center center","background-size":"auto","background-attachment":"scroll","background-type":"","background-media":"","overlay-type":"","overlay-color":"","overlay-opacity":"","overlay-gradient":""},"mobile":{"background-color":"var(--ast-global-color-5)","background-image":"","background-repeat":"repeat","background-position":"center center","background-size":"auto","background-attachment":"scroll","background-type":"","background-media":"","overlay-type":"","overlay-color":"","overlay-opacity":"","overlay-gradient":""}},"footnotes":""},"categories":[517],"tags":[841,1434,22,199,2232,105],"class_list":["post-13160","post","type-post","status-publish","format-standard","hentry","category-aconteceu","tag-militares","tag-noticias-do-face-2","tag-noticias-no-face","tag-noticiasnoface","tag-queimados","tag-rio-de-janeiro"],"_links":{"self":[{"href":"https:\/\/noticiasnoface.com.br\/index.php\/wp-json\/wp\/v2\/posts\/13160","targetHints":{"allow":["GET"]}}],"collection":[{"href":"https:\/\/noticiasnoface.com.br\/index.php\/wp-json\/wp\/v2\/posts"}],"about":[{"href":"https:\/\/noticiasnoface.com.br\/index.php\/wp-json\/wp\/v2\/types\/post"}],"author":[{"embeddable":true,"href":"https:\/\/noticiasnoface.com.br\/index.php\/wp-json\/wp\/v2\/users\/1"}],"replies":[{"embeddable":true,"href":"https:\/\/noticiasnoface.com.br\/index.php\/wp-json\/wp\/v2\/comments?post=13160"}],"version-history":[{"count":1,"href":"https:\/\/noticiasnoface.com.br\/index.php\/wp-json\/wp\/v2\/posts\/13160\/revisions"}],"predecessor-version":[{"id":13162,"href":"https:\/\/noticiasnoface.com.br\/index.php\/wp-json\/wp\/v2\/posts\/13160\/revisions\/13162"}],"wp:attachment":[{"href":"https:\/\/noticiasnoface.com.br\/index.php\/wp-json\/wp\/v2\/media?parent=13160"}],"wp:term":[{"taxonomy":"category","embeddable":true,"href":"https:\/\/noticiasnoface.com.br\/index.php\/wp-json\/wp\/v2\/categories?post=13160"},{"taxonomy":"post_tag","embeddable":true,"href":"https:\/\/noticiasnoface.com.br\/index.php\/wp-json\/wp\/v2\/tags?post=13160"}],"curies":[{"name":"wp","href":"https:\/\/api.w.org\/{rel}","templated":true}]}}