{"id":13163,"date":"2022-12-05T21:44:29","date_gmt":"2022-12-06T00:44:29","guid":{"rendered":"https:\/\/noticiasnoface.com.br\/?p=13163"},"modified":"2022-12-05T22:13:05","modified_gmt":"2022-12-06T01:13:05","slug":"marinha-abre-700-vagas-de-aprendizes-de-marinheiro-com-salarios-que-da-pra-curtir-no-senzala","status":"publish","type":"post","link":"https:\/\/noticiasnoface.com.br\/index.php\/2022\/12\/05\/marinha-abre-700-vagas-de-aprendizes-de-marinheiro-com-salarios-que-da-pra-curtir-no-senzala\/","title":{"rendered":"Marinha abre 700 vagas de Marinheiro com sal\u00e1rios que d\u00e1 pra curtir no senzala"},"content":{"rendered":"\n<figure class=\"wp-block-image size-full\"><img data-opt-id=774998965  fetchpriority=\"high\" decoding=\"async\" width=\"678\" height=\"452\" src=\"https:\/\/mlbfrsat7ahr.i.optimole.com\/w:auto\/h:auto\/q:mauto\/ig:avif\/https:\/\/noticiasnoface.com.br\/wp-content\/uploads\/2022\/12\/88497E85-C7DF-4EDB-AFB2-DB04538FF938.jpeg\" alt=\"\" class=\"wp-image-13164\" srcset=\"https:\/\/mlbfrsat7ahr.i.optimole.com\/w:678\/h:452\/q:mauto\/ig:avif\/https:\/\/noticiasnoface.com.br\/wp-content\/uploads\/2022\/12\/88497E85-C7DF-4EDB-AFB2-DB04538FF938.jpeg 678w, https:\/\/mlbfrsat7ahr.i.optimole.com\/w:300\/h:200\/q:mauto\/ig:avif\/https:\/\/noticiasnoface.com.br\/wp-content\/uploads\/2022\/12\/88497E85-C7DF-4EDB-AFB2-DB04538FF938.jpeg 300w\" sizes=\"(max-width: 678px) 100vw, 678px\" \/><figcaption class=\"wp-element-caption\">700 vagas para aprendizes de marinheiro <\/figcaption><\/figure>\n\n\n\n<p>Os interessados em se inscrever nesta sele\u00e7\u00e3o precisam ter entre 18 e 22 anos at\u00e9 30 de junho de 2024. O per\u00edodo de inscri\u00e7\u00f5es ser\u00e1 aberto em&nbsp;30 de janeiro e seguir\u00e1 assim at\u00e9&nbsp;12 de fevereiro de 2023.&nbsp;&nbsp;As inscri\u00e7\u00f5es ser\u00e3o realizadas unicamente, em \u00e2mbito nacional, na p\u00e1gina do SSPM, no site &nbsp;de ingresso na Marinha. O valor da taxa de inscri\u00e7\u00e3o \u00e9 de R$ 40.<\/p>\n\n\n\n<p>O concurso ser\u00e1 feito por meio de prova objetiva. A aplica\u00e7\u00e3o do exame est\u00e1 prevista para 2 de abril. A avalia\u00e7\u00e3o ser\u00e1 composta por 50 quest\u00f5es distribu\u00eddas, nas seguintes disciplinas:<\/p>\n\n\n\n<p>&nbsp; &nbsp; &nbsp; &nbsp; &nbsp;&nbsp;Ci\u00eancia(f\u00edsica e qu\u00edmica \u2013 15),<\/p>\n\n\n\n<ul class=\"wp-block-list\">\n<li>matem\u00e1tica (15), portugu\u00eas (15) e<\/li>\n\n\n\n<li>ingl\u00eas (5).<\/li>\n<\/ul>\n\n\n\n<p>\u201cUma novidade deste ano \u00e9 a exig\u00eancia do exame toxicol\u00f3gico, em cumprimento \u00e0 Portaria Normativa n\u00b0 3.795\/2022 do Minist\u00e9rio da Defesa. Sendo assim, o candidato dever\u00e1 apresentar este exame com janela de detec\u00e7\u00e3o de no m\u00ednimo 90 dias abrangendo subst\u00e2ncias psicoativas il\u00edcitas, como a maconha, coca\u00edna, anfetamina, entre outras. O exame toxicol\u00f3gico ter\u00e1 validade de 60 dias, contados a partir da data de coleta do material at\u00e9 o dia de entrega do resultado na Junta de Sa\u00fade, por ocasi\u00e3o da Inspe\u00e7\u00e3o de Sa\u00fade (IS)\u201d ressalta a CPAEAM.<\/p>\n\n\n\n<p>Durante o curso, o aprendiz-marinheiro receber\u00e1 uma bolsa-aux\u00edlio atinente \u00e0 sua gradua\u00e7\u00e3o, no valor total de R$ 1.303,90. Al\u00e9m disso, ser\u00e1  proporcionado alimenta\u00e7\u00e3o, uniforme, assist\u00eancia m\u00e9dico-odontol\u00f3gica, psicol\u00f3gica, social e religiosa. <\/p>\n\n\n\n<!--more-->\n\n\n\n<p><a href=\"https:\/\/noticiasnoface.com.br\/index.php\/2022\/12\/05\/farofa-da-gkay-vamos-desbancar-sodoma-e-gomorra-diz-influencer\/\">https:\/\/noticiasnoface.com.br\/index.php\/2022\/12\/05\/farofa-da-gkay-vamos-desbancar-sodoma-e-gomorra-diz-influencer\/<\/a><\/p>\n\n\n\n<p><a href=\"https:\/\/noticiasnoface.com.br\/index.php\/2022\/12\/03\/idoso-e-acusado-de-arranhar-carros-na-afonso-pena-assistam\/\">https:\/\/noticiasnoface.com.br\/index.php\/2022\/12\/03\/idoso-e-acusado-de-arranhar-carros-na-afonso-pena-assistam\/<\/a><\/p>\n\n\n\n<p><a href=\"https:\/\/noticiasnoface.com.br\/index.php\/2022\/12\/04\/briga-em-porta-de-motel-assistam\/\">https:\/\/noticiasnoface.com.br\/index.php\/2022\/12\/04\/briga-em-porta-de-motel-assistam\/<\/a><\/p>\n","protected":false},"excerpt":{"rendered":"<p>Os interessados em se inscrever nesta sele\u00e7\u00e3o precisam ter entre 18 e 22 anos at\u00e9 30 de junho de 2024. [&hellip;]<\/p>\n","protected":false},"author":1,"featured_media":0,"comment_status":"open","ping_status":"open","sticky":false,"template":"","format":"standard","meta":{"site-sidebar-layout":"default","site-content-layout":"","ast-site-content-layout":"default","site-content-style":"default","site-sidebar-style":"default","ast-global-header-display":"","ast-banner-title-visibility":"","ast-main-header-display":"","ast-hfb-above-header-display":"","ast-hfb-below-header-display":"","ast-hfb-mobile-header-display":"","site-post-title":"","ast-breadcrumbs-content":"","ast-featured-img":"","footer-sml-layout":"","ast-disable-related-posts":"","theme-transparent-header-meta":"","adv-header-id-meta":"","stick-header-meta":"","header-above-stick-meta":"","header-main-stick-meta":"","header-below-stick-meta":"","astra-migrate-meta-layouts":"default","ast-page-background-enabled":"default","ast-page-background-meta":{"desktop":{"background-color":"var(--ast-global-color-4)","background-image":"","background-repeat":"repeat","background-position":"center center","background-size":"auto","background-attachment":"scroll","background-type":"","background-media":"","overlay-type":"","overlay-color":"","overlay-opacity":"","overlay-gradient":""},"tablet":{"background-color":"","background-image":"","background-repeat":"repeat","background-position":"center center","background-size":"auto","background-attachment":"scroll","background-type":"","background-media":"","overlay-type":"","overlay-color":"","overlay-opacity":"","overlay-gradient":""},"mobile":{"background-color":"","background-image":"","background-repeat":"repeat","background-position":"center center","background-size":"auto","background-attachment":"scroll","background-type":"","background-media":"","overlay-type":"","overlay-color":"","overlay-opacity":"","overlay-gradient":""}},"ast-content-background-meta":{"desktop":{"background-color":"var(--ast-global-color-5)","background-image":"","background-repeat":"repeat","background-position":"center center","background-size":"auto","background-attachment":"scroll","background-type":"","background-media":"","overlay-type":"","overlay-color":"","overlay-opacity":"","overlay-gradient":""},"tablet":{"background-color":"var(--ast-global-color-5)","background-image":"","background-repeat":"repeat","background-position":"center center","background-size":"auto","background-attachment":"scroll","background-type":"","background-media":"","overlay-type":"","overlay-color":"","overlay-opacity":"","overlay-gradient":""},"mobile":{"background-color":"var(--ast-global-color-5)","background-image":"","background-repeat":"repeat","background-position":"center center","background-size":"auto","background-attachment":"scroll","background-type":"","background-media":"","overlay-type":"","overlay-color":"","overlay-opacity":"","overlay-gradient":""}},"footnotes":""},"categories":[517],"tags":[2234,2236,50,2235,2237,2233],"class_list":["post-13163","post","type-post","status-publish","format-standard","hentry","category-aconteceu","tag-marinheiros","tag-noticas-no-face","tag-noticias-do-face","tag-salarios","tag-senzala-casa-show","tag-vagas"],"_links":{"self":[{"href":"https:\/\/noticiasnoface.com.br\/index.php\/wp-json\/wp\/v2\/posts\/13163","targetHints":{"allow":["GET"]}}],"collection":[{"href":"https:\/\/noticiasnoface.com.br\/index.php\/wp-json\/wp\/v2\/posts"}],"about":[{"href":"https:\/\/noticiasnoface.com.br\/index.php\/wp-json\/wp\/v2\/types\/post"}],"author":[{"embeddable":true,"href":"https:\/\/noticiasnoface.com.br\/index.php\/wp-json\/wp\/v2\/users\/1"}],"replies":[{"embeddable":true,"href":"https:\/\/noticiasnoface.com.br\/index.php\/wp-json\/wp\/v2\/comments?post=13163"}],"version-history":[{"count":5,"href":"https:\/\/noticiasnoface.com.br\/index.php\/wp-json\/wp\/v2\/posts\/13163\/revisions"}],"predecessor-version":[{"id":13169,"href":"https:\/\/noticiasnoface.com.br\/index.php\/wp-json\/wp\/v2\/posts\/13163\/revisions\/13169"}],"wp:attachment":[{"href":"https:\/\/noticiasnoface.com.br\/index.php\/wp-json\/wp\/v2\/media?parent=13163"}],"wp:term":[{"taxonomy":"category","embeddable":true,"href":"https:\/\/noticiasnoface.com.br\/index.php\/wp-json\/wp\/v2\/categories?post=13163"},{"taxonomy":"post_tag","embeddable":true,"href":"https:\/\/noticiasnoface.com.br\/index.php\/wp-json\/wp\/v2\/tags?post=13163"}],"curies":[{"name":"wp","href":"https:\/\/api.w.org\/{rel}","templated":true}]}}