{"id":13173,"date":"2022-12-06T08:12:04","date_gmt":"2022-12-06T11:12:04","guid":{"rendered":"https:\/\/noticiasnoface.com.br\/?p=13173"},"modified":"2022-12-06T08:12:50","modified_gmt":"2022-12-06T11:12:50","slug":"fabio-rabin-foi-fazer-graca-no-qatar-e-virou-piada-mundial-assistam","status":"publish","type":"post","link":"https:\/\/noticiasnoface.com.br\/index.php\/2022\/12\/06\/fabio-rabin-foi-fazer-graca-no-qatar-e-virou-piada-mundial-assistam\/","title":{"rendered":"Fabio Rabin foi fazer gra\u00e7a no Qatar e virou chacota mundial, assistam"},"content":{"rendered":"\n<figure class=\"wp-block-image size-full\"><img data-opt-id=923690789  fetchpriority=\"high\" decoding=\"async\" width=\"876\" height=\"585\" src=\"https:\/\/mlbfrsat7ahr.i.optimole.com\/w:auto\/h:auto\/q:mauto\/ig:avif\/https:\/\/noticiasnoface.com.br\/wp-content\/uploads\/2022\/12\/087F4818-A2E8-49F4-B934-DB274D5B0049.jpeg\" alt=\"\" class=\"wp-image-13174\" srcset=\"https:\/\/mlbfrsat7ahr.i.optimole.com\/w:876\/h:585\/q:mauto\/ig:avif\/https:\/\/noticiasnoface.com.br\/wp-content\/uploads\/2022\/12\/087F4818-A2E8-49F4-B934-DB274D5B0049.jpeg 876w, https:\/\/mlbfrsat7ahr.i.optimole.com\/w:300\/h:200\/q:mauto\/ig:avif\/https:\/\/noticiasnoface.com.br\/wp-content\/uploads\/2022\/12\/087F4818-A2E8-49F4-B934-DB274D5B0049.jpeg 300w, https:\/\/mlbfrsat7ahr.i.optimole.com\/w:768\/h:513\/q:mauto\/ig:avif\/https:\/\/noticiasnoface.com.br\/wp-content\/uploads\/2022\/12\/087F4818-A2E8-49F4-B934-DB274D5B0049.jpeg 768w\" sizes=\"(max-width: 876px) 100vw, 876px\" \/><figcaption class=\"wp-element-caption\">O ator e humorista brasileiro Fabio Rabin foi preso por est\u00e1 embriagado e bebendo nas ruas no Catar antes da partida entre Brasil e Coreia do Sul, nesta segunda-feira, pela Copa do Mundo do Catar. Fabio estava a caminho do Est\u00e1dio 974 para assistir a partida quando relata ter sido detido e levado a uma sala, onde teria sido amea\u00e7ado por policiais armados.<br \/>O humorista confirmou ao UOL que havia bebido, mas que outras pessoas ao seu redor tamb\u00e9m estariam embriagadas, e que nenhuma al\u00e9m dele foi detida. Amigos que estavam com Rabin disseram que o artista estaria com dificuldades de andar em raz\u00e3o da quantidade de bebida alc\u00f3olica consumida por ele, e a lei \u00e9 clara e ele sabia que era proibido andar embriagado nas ruas, mas ele levou na piada.<\/figcaption><\/figure>\n\n\n\n<figure class=\"wp-block-video\"><video height=\"542\" style=\"aspect-ratio: 360 \/ 542;\" width=\"360\" controls src=\"https:\/\/noticiasnoface.com.br\/wp-content\/uploads\/2022\/12\/IMG_7811.mov\"><\/video><figcaption class=\"wp-element-caption\">Humorista desafiou as leis no Qatar e terminou virando chacota mundial, assistam <\/figcaption><\/figure>\n\n\n\n<h2 class=\"wp-block-heading\">Pensei que fosse morrer, e ia mesmo!<\/h2>\n\n\n\n<p>Na sala em que foi mantido pela pol\u00edcia, Fabio Rabin pegou seu celular e come\u00e7ou uma live em uma rede social, o que teria irritado os policiais. Segundo o humorista, os policiais o amea\u00e7aram e o mandaram sorrir, para mostrar que estava tudo bem aos seguidores que acompanhavam a live.<\/p>\n\n\n\n<p>Ap\u00f3s ser liberado Fabio Rabin postou um v\u00eddeo, j\u00e1 deletado de suas redes sociais, onde contou um pouco mais sobre a situa\u00e7\u00e3o.<\/p>\n\n\n\n<p>\u201cOs caras falaram \u2018e a\u00ed, t\u00e1 s\u00f3brio? T\u00e1 s\u00f3brio?\u2019. A gente est\u00e1 aqui, no meio do rol\u00ea. Os caras me colocaram dentro de uma sala e falaram: \u2018vai, sorri, sorri\u2019. E eu sou judeu, t\u00e1 ligado? Eu fiquei sorrindo e fiquei com muito medo de perder a minha vida.\u201d<\/p>\n\n\n\n<p>Ele segue o v\u00eddeo dizendo: \u201cEu n\u00e3o sou sensacionalista. Eu s\u00f3 fiquei com medo de perder a minha vida. Eu quero ver a minha filha. S\u00f3 isso. S\u00f3 quero ver a minha filhinha junto comigo. Esse pa\u00eds de bo***, do car****. Eu n\u00e3o estou bem. Se n\u00e3o fosse a minha live eu estava morto\u201d. O humorista terminou sendo motivo de chacota mundial!<\/p>\n\n\n\n<figure class=\"wp-block-video\"><video height=\"1708\" style=\"aspect-ratio: 1080 \/ 1708;\" width=\"1080\" controls src=\"https:\/\/noticiasnoface.com.br\/wp-content\/uploads\/2022\/12\/IMG_7809.mov\"><\/video><figcaption class=\"wp-element-caption\">As leis no Qatar s\u00e3o r\u00edgidas e respeitadas, Fabio rabin n\u00e3o respeitou !<\/figcaption><\/figure>\n","protected":false},"excerpt":{"rendered":"<p>Pensei que fosse morrer, e ia mesmo! Na sala em que foi mantido pela pol\u00edcia, Fabio Rabin pegou seu celular [&hellip;]<\/p>\n","protected":false},"author":1,"featured_media":0,"comment_status":"open","ping_status":"open","sticky":false,"template":"","format":"standard","meta":{"site-sidebar-layout":"default","site-content-layout":"","ast-site-content-layout":"default","site-content-style":"default","site-sidebar-style":"default","ast-global-header-display":"","ast-banner-title-visibility":"","ast-main-header-display":"","ast-hfb-above-header-display":"","ast-hfb-below-header-display":"","ast-hfb-mobile-header-display":"","site-post-title":"","ast-breadcrumbs-content":"","ast-featured-img":"","footer-sml-layout":"","ast-disable-related-posts":"","theme-transparent-header-meta":"","adv-header-id-meta":"","stick-header-meta":"","header-above-stick-meta":"","header-main-stick-meta":"","header-below-stick-meta":"","astra-migrate-meta-layouts":"default","ast-page-background-enabled":"default","ast-page-background-meta":{"desktop":{"background-color":"var(--ast-global-color-4)","background-image":"","background-repeat":"repeat","background-position":"center center","background-size":"auto","background-attachment":"scroll","background-type":"","background-media":"","overlay-type":"","overlay-color":"","overlay-opacity":"","overlay-gradient":""},"tablet":{"background-color":"","background-image":"","background-repeat":"repeat","background-position":"center center","background-size":"auto","background-attachment":"scroll","background-type":"","background-media":"","overlay-type":"","overlay-color":"","overlay-opacity":"","overlay-gradient":""},"mobile":{"background-color":"","background-image":"","background-repeat":"repeat","background-position":"center center","background-size":"auto","background-attachment":"scroll","background-type":"","background-media":"","overlay-type":"","overlay-color":"","overlay-opacity":"","overlay-gradient":""}},"ast-content-background-meta":{"desktop":{"background-color":"var(--ast-global-color-5)","background-image":"","background-repeat":"repeat","background-position":"center center","background-size":"auto","background-attachment":"scroll","background-type":"","background-media":"","overlay-type":"","overlay-color":"","overlay-opacity":"","overlay-gradient":""},"tablet":{"background-color":"var(--ast-global-color-5)","background-image":"","background-repeat":"repeat","background-position":"center center","background-size":"auto","background-attachment":"scroll","background-type":"","background-media":"","overlay-type":"","overlay-color":"","overlay-opacity":"","overlay-gradient":""},"mobile":{"background-color":"var(--ast-global-color-5)","background-image":"","background-repeat":"repeat","background-position":"center center","background-size":"auto","background-attachment":"scroll","background-type":"","background-media":"","overlay-type":"","overlay-color":"","overlay-opacity":"","overlay-gradient":""}},"footnotes":""},"categories":[517],"tags":[2239,1022,525,2240],"class_list":["post-13173","post","type-post","status-publish","format-standard","hentry","category-aconteceu","tag-fabio-rabin","tag-humorista","tag-preso","tag-qatar"],"_links":{"self":[{"href":"https:\/\/noticiasnoface.com.br\/index.php\/wp-json\/wp\/v2\/posts\/13173","targetHints":{"allow":["GET"]}}],"collection":[{"href":"https:\/\/noticiasnoface.com.br\/index.php\/wp-json\/wp\/v2\/posts"}],"about":[{"href":"https:\/\/noticiasnoface.com.br\/index.php\/wp-json\/wp\/v2\/types\/post"}],"author":[{"embeddable":true,"href":"https:\/\/noticiasnoface.com.br\/index.php\/wp-json\/wp\/v2\/users\/1"}],"replies":[{"embeddable":true,"href":"https:\/\/noticiasnoface.com.br\/index.php\/wp-json\/wp\/v2\/comments?post=13173"}],"version-history":[{"count":2,"href":"https:\/\/noticiasnoface.com.br\/index.php\/wp-json\/wp\/v2\/posts\/13173\/revisions"}],"predecessor-version":[{"id":13178,"href":"https:\/\/noticiasnoface.com.br\/index.php\/wp-json\/wp\/v2\/posts\/13173\/revisions\/13178"}],"wp:attachment":[{"href":"https:\/\/noticiasnoface.com.br\/index.php\/wp-json\/wp\/v2\/media?parent=13173"}],"wp:term":[{"taxonomy":"category","embeddable":true,"href":"https:\/\/noticiasnoface.com.br\/index.php\/wp-json\/wp\/v2\/categories?post=13173"},{"taxonomy":"post_tag","embeddable":true,"href":"https:\/\/noticiasnoface.com.br\/index.php\/wp-json\/wp\/v2\/tags?post=13173"}],"curies":[{"name":"wp","href":"https:\/\/api.w.org\/{rel}","templated":true}]}}