{"id":13179,"date":"2022-12-06T11:30:28","date_gmt":"2022-12-06T14:30:28","guid":{"rendered":"https:\/\/noticiasnoface.com.br\/?p=13179"},"modified":"2022-12-06T11:31:19","modified_gmt":"2022-12-06T14:31:19","slug":"beneficios-do-inss-irao-mudar-em-2023-veja-se-voce-sera-afetado","status":"publish","type":"post","link":"https:\/\/noticiasnoface.com.br\/index.php\/2022\/12\/06\/beneficios-do-inss-irao-mudar-em-2023-veja-se-voce-sera-afetado\/","title":{"rendered":"Benef\u00edcios do INSS ir\u00e3o mudar em 2023, veja se voc\u00ea ser\u00e1 afetado"},"content":{"rendered":"\n<figure class=\"wp-block-image size-large\"><img data-opt-id=1814380715  fetchpriority=\"high\" decoding=\"async\" width=\"1024\" height=\"576\" src=\"https:\/\/mlbfrsat7ahr.i.optimole.com\/w:1024\/h:576\/q:mauto\/ig:avif\/https:\/\/noticiasnoface.com.br\/wp-content\/uploads\/2022\/12\/D7CE635A-9192-43F2-AE01-1EC8C00B6377.webp\" alt=\"\" class=\"wp-image-13180\" srcset=\"https:\/\/mlbfrsat7ahr.i.optimole.com\/w:1024\/h:576\/q:mauto\/ig:avif\/https:\/\/noticiasnoface.com.br\/wp-content\/uploads\/2022\/12\/D7CE635A-9192-43F2-AE01-1EC8C00B6377.webp 1024w, https:\/\/mlbfrsat7ahr.i.optimole.com\/w:300\/h:169\/q:mauto\/ig:avif\/https:\/\/noticiasnoface.com.br\/wp-content\/uploads\/2022\/12\/D7CE635A-9192-43F2-AE01-1EC8C00B6377.webp 300w, https:\/\/mlbfrsat7ahr.i.optimole.com\/w:768\/h:432\/q:mauto\/ig:avif\/https:\/\/noticiasnoface.com.br\/wp-content\/uploads\/2022\/12\/D7CE635A-9192-43F2-AE01-1EC8C00B6377.webp 768w, https:\/\/mlbfrsat7ahr.i.optimole.com\/w:800\/h:450\/q:mauto\/ig:avif\/https:\/\/noticiasnoface.com.br\/wp-content\/uploads\/2022\/12\/D7CE635A-9192-43F2-AE01-1EC8C00B6377.webp 800w, https:\/\/mlbfrsat7ahr.i.optimole.com\/w:1200\/h:675\/q:mauto\/ig:avif\/https:\/\/noticiasnoface.com.br\/wp-content\/uploads\/2022\/12\/D7CE635A-9192-43F2-AE01-1EC8C00B6377.webp 1200w\" sizes=\"(max-width: 1000px) 100vw, 1000px\" \/><figcaption class=\"wp-element-caption\">O Instituto Nacional do Seguro Social \u00e9 respons\u00e1vel pelo pagamento de diversos benef\u00edcios de car\u00e1ter previdenci\u00e1rio, como por exemplo, as diferentes pens\u00f5es, aux\u00edlios e aposentadorias. Isto \u00e9, considerando as contribui\u00e7\u00f5es ativas \u00e0 Previd\u00eancia Social.<br>Neste sentido, \u00e9 necess\u00e1rio pontuar que o ano de 2022 \u00e9\/foi um ano de car\u00e1ter completamente eleitoral, ou seja, durante o m\u00eas de outubro, os brasileiros puderam escolher um novo presidente para a Rep\u00fablica. O atual presidente eleito \u00e9 Lu\u00eds In\u00e1cio Lula da Silva, do PT.<br>Em virtude da transi\u00e7\u00e3o governamental, portanto, Lula apresentou algumas poss\u00edveis mudan\u00e7as para os benef\u00edcios do INSS. Mais especificamente, para a pens\u00e3o por morte e a aposentadoria por invalidez.<br>A mudan\u00e7a nos benef\u00edcios poder\u00e1 impactar diretamente os valores recebidos pelos benefici\u00e1rios. Logo, \u00e9 importante entender quais s\u00e3o as altera\u00e7\u00f5es dispostas par ao pr\u00f3ximo ano.<br><br><br><strong>Mudan\u00e7as nos benef\u00edcios<\/strong><br>Antes de mais nada, \u00e9 preciso mencionar que as mudan\u00e7as ser\u00e3o diferentes para ambos os benef\u00edcios. Ou seja, a pens\u00e3o por mote contar\u00e1 com novas regras distintas da aposentadoria por invalidez. Assim sendo, primeiramente, \u00e9 necess\u00e1rio entender quais ser\u00e3o as mudan\u00e7as voltadas para a pens\u00e3o por morte.<br>De modo geral, a pens\u00e3o por morte \u00e9 um benef\u00edcio destinado para indiv\u00edduos classificados como dependentes de benefici\u00e1rios que j\u00e1 faleceram. Isto \u00e9, quando um benefici\u00e1rio do INSS falece, deixando dependentes em vida, o dinheiro do benef\u00edcio \u00e9 transferido para essas pessoas.<br>Atualmente, o c\u00e1lculo dos valores dispon\u00edveis para os dependentes funciona da seguinte forma: o valor de 50% do benef\u00edcio \u00e9 garantido para a fam\u00edlia, somados com mais 10% para cada dependente.<br>Ou seja, se o benefici\u00e1rio que faleceu recebia R$ 3 mil e deixou como dependentes esposa e dois filhos, o c\u00e1lculo ficar\u00e1 de 80%. Logo, a fam\u00edlia receber\u00e1 R$ 2.400 por m\u00eas.<br>Em contrapartida, a nova equipe de Lula tende a alterar esse valor m\u00ednimo de 50% para 70% ou 80%, ainda considerando os 10% para dependentes. O foco est\u00e1 em facilitar a concess\u00e3o do valor integral do benef\u00edcio.<br><br><br><strong>O que muda na aposentadoria por invalidez<\/strong><br>A aposentadoria por invalidez tamb\u00e9m passar\u00e1 por mudan\u00e7as no c\u00e1lculo da concess\u00e3o. Isso porque, ap\u00f3s a Reforma da Previd\u00eancia, em 2019, as regras de pagamento foram alteradas. Isto \u00e9, o segurado pode receber at\u00e9 60% da m\u00e9dia se tiver contribu\u00eddo por 20 anos, em caso de homens, e 15 anos, em caso de mulheres.<br>Al\u00e9m disso, o benefici\u00e1rio contar\u00e1 com mais 2% do valor, caso tenha mais anos de contribui\u00e7\u00e3o. Ou seja, acima do m\u00ednimo exigido, mencionado anteriormente.<br>De antem\u00e3o, a nova equipe de Lula tamb\u00e9m apresentou uma mudan\u00e7a na considera\u00e7\u00e3o das contribui\u00e7\u00f5es. De acordo com as informa\u00e7\u00f5es divulgadas pelo atual presidente eleito, o foco est\u00e1 em considerar todas as contribui\u00e7\u00f5es de 07\/1994 at\u00e9 a data de in\u00edcio do benef\u00edcio.<br>Segundo Lula, o foco est\u00e1 em proporcionar pagamentos mais \u201cjustos\u201d para os benefici\u00e1rios, considerando as contribui\u00e7\u00f5es realizadas ao longo da vida do trabalhador, bem como o tempo de contribui\u00e7\u00e3o ativa \u00e0 Previd\u00eancia.<br>Por fim, \u00e9 necess\u00e1rio aguardar a tomada de posse, que acontecer\u00e1 no primeiro dia do m\u00eas de janeiro, para somente assim ter plena certeza da efetiva\u00e7\u00e3o das mudan\u00e7as mencionadas.<\/figcaption><\/figure>\n\n\n\n<!--more-->\n\n\n\n<figure class=\"wp-block-embed is-type-wp-embed is-provider-nnf wp-block-embed-nnf\"><div class=\"wp-block-embed__wrapper\">\n<blockquote class=\"wp-embedded-content\" data-secret=\"cBY9ROf6C8\"><a href=\"https:\/\/noticiasnoface.com.br\/index.php\/2022\/12\/01\/alerta-para-quem-recebe-beneficios-do-inss\/\">Alerta para quem recebe benef\u00edcios do INSS<\/a><\/blockquote><iframe class=\"wp-embedded-content\" sandbox=\"allow-scripts\" security=\"restricted\" style=\"position: absolute; clip: rect(1px, 1px, 1px, 1px);\" title=\"&#8220;Alerta para quem recebe benef\u00edcios do INSS&#8221; &#8212; NOTICIAS NO FACE\" src=\"https:\/\/noticiasnoface.com.br\/index.php\/2022\/12\/01\/alerta-para-quem-recebe-beneficios-do-inss\/embed\/#?secret=7mYRtapSw4#?secret=cBY9ROf6C8\" data-secret=\"cBY9ROf6C8\" width=\"500\" height=\"282\" frameborder=\"0\" marginwidth=\"0\" marginheight=\"0\" scrolling=\"no\"><\/iframe>\n<\/div><\/figure>\n","protected":false},"excerpt":{"rendered":"","protected":false},"author":1,"featured_media":0,"comment_status":"open","ping_status":"open","sticky":false,"template":"","format":"standard","meta":{"site-sidebar-layout":"default","site-content-layout":"","ast-site-content-layout":"default","site-content-style":"default","site-sidebar-style":"default","ast-global-header-display":"","ast-banner-title-visibility":"","ast-main-header-display":"","ast-hfb-above-header-display":"","ast-hfb-below-header-display":"","ast-hfb-mobile-header-display":"","site-post-title":"","ast-breadcrumbs-content":"","ast-featured-img":"","footer-sml-layout":"","ast-disable-related-posts":"","theme-transparent-header-meta":"","adv-header-id-meta":"","stick-header-meta":"","header-above-stick-meta":"","header-main-stick-meta":"","header-below-stick-meta":"","astra-migrate-meta-layouts":"default","ast-page-background-enabled":"default","ast-page-background-meta":{"desktop":{"background-color":"var(--ast-global-color-4)","background-image":"","background-repeat":"repeat","background-position":"center center","background-size":"auto","background-attachment":"scroll","background-type":"","background-media":"","overlay-type":"","overlay-color":"","overlay-opacity":"","overlay-gradient":""},"tablet":{"background-color":"","background-image":"","background-repeat":"repeat","background-position":"center center","background-size":"auto","background-attachment":"scroll","background-type":"","background-media":"","overlay-type":"","overlay-color":"","overlay-opacity":"","overlay-gradient":""},"mobile":{"background-color":"","background-image":"","background-repeat":"repeat","background-position":"center center","background-size":"auto","background-attachment":"scroll","background-type":"","background-media":"","overlay-type":"","overlay-color":"","overlay-opacity":"","overlay-gradient":""}},"ast-content-background-meta":{"desktop":{"background-color":"var(--ast-global-color-5)","background-image":"","background-repeat":"repeat","background-position":"center center","background-size":"auto","background-attachment":"scroll","background-type":"","background-media":"","overlay-type":"","overlay-color":"","overlay-opacity":"","overlay-gradient":""},"tablet":{"background-color":"var(--ast-global-color-5)","background-image":"","background-repeat":"repeat","background-position":"center center","background-size":"auto","background-attachment":"scroll","background-type":"","background-media":"","overlay-type":"","overlay-color":"","overlay-opacity":"","overlay-gradient":""},"mobile":{"background-color":"var(--ast-global-color-5)","background-image":"","background-repeat":"repeat","background-position":"center center","background-size":"auto","background-attachment":"scroll","background-type":"","background-media":"","overlay-type":"","overlay-color":"","overlay-opacity":"","overlay-gradient":""}},"footnotes":""},"categories":[517],"tags":[2189,2188,2236,50],"class_list":["post-13179","post","type-post","status-publish","format-standard","hentry","category-aconteceu","tag-beneficios","tag-inss","tag-noticas-no-face","tag-noticias-do-face"],"_links":{"self":[{"href":"https:\/\/noticiasnoface.com.br\/index.php\/wp-json\/wp\/v2\/posts\/13179","targetHints":{"allow":["GET"]}}],"collection":[{"href":"https:\/\/noticiasnoface.com.br\/index.php\/wp-json\/wp\/v2\/posts"}],"about":[{"href":"https:\/\/noticiasnoface.com.br\/index.php\/wp-json\/wp\/v2\/types\/post"}],"author":[{"embeddable":true,"href":"https:\/\/noticiasnoface.com.br\/index.php\/wp-json\/wp\/v2\/users\/1"}],"replies":[{"embeddable":true,"href":"https:\/\/noticiasnoface.com.br\/index.php\/wp-json\/wp\/v2\/comments?post=13179"}],"version-history":[{"count":1,"href":"https:\/\/noticiasnoface.com.br\/index.php\/wp-json\/wp\/v2\/posts\/13179\/revisions"}],"predecessor-version":[{"id":13181,"href":"https:\/\/noticiasnoface.com.br\/index.php\/wp-json\/wp\/v2\/posts\/13179\/revisions\/13181"}],"wp:attachment":[{"href":"https:\/\/noticiasnoface.com.br\/index.php\/wp-json\/wp\/v2\/media?parent=13179"}],"wp:term":[{"taxonomy":"category","embeddable":true,"href":"https:\/\/noticiasnoface.com.br\/index.php\/wp-json\/wp\/v2\/categories?post=13179"},{"taxonomy":"post_tag","embeddable":true,"href":"https:\/\/noticiasnoface.com.br\/index.php\/wp-json\/wp\/v2\/tags?post=13179"}],"curies":[{"name":"wp","href":"https:\/\/api.w.org\/{rel}","templated":true}]}}