{"id":13182,"date":"2022-12-06T14:06:25","date_gmt":"2022-12-06T17:06:25","guid":{"rendered":"https:\/\/noticiasnoface.com.br\/?p=13182"},"modified":"2022-12-06T14:06:27","modified_gmt":"2022-12-06T17:06:27","slug":"estudante-tem-rosto-cortado-em-onibus","status":"publish","type":"post","link":"https:\/\/noticiasnoface.com.br\/index.php\/2022\/12\/06\/estudante-tem-rosto-cortado-em-onibus\/","title":{"rendered":"Estudante tem rosto cortado em \u00f4nibus"},"content":{"rendered":"\n<figure class=\"wp-block-image size-full\"><img data-opt-id=276013895  fetchpriority=\"high\" decoding=\"async\" width=\"658\" height=\"368\" src=\"https:\/\/mlbfrsat7ahr.i.optimole.com\/w:auto\/h:auto\/q:mauto\/ig:avif\/https:\/\/noticiasnoface.com.br\/wp-content\/uploads\/2022\/12\/89ADCCAD-7898-4672-AFA1-1AED00FA283A.jpeg\" alt=\"\" class=\"wp-image-13183\" srcset=\"https:\/\/mlbfrsat7ahr.i.optimole.com\/w:658\/h:368\/q:mauto\/ig:avif\/https:\/\/noticiasnoface.com.br\/wp-content\/uploads\/2022\/12\/89ADCCAD-7898-4672-AFA1-1AED00FA283A.jpeg 658w, https:\/\/mlbfrsat7ahr.i.optimole.com\/w:300\/h:168\/q:mauto\/ig:avif\/https:\/\/noticiasnoface.com.br\/wp-content\/uploads\/2022\/12\/89ADCCAD-7898-4672-AFA1-1AED00FA283A.jpeg 300w\" sizes=\"(max-width: 658px) 100vw, 658px\" \/><figcaption class=\"wp-element-caption\">A estudante de enfermagem Stefani Firmo, de 23 anos, teve o rosto cortado enquanto dormia durante uma viagem de \u00f4nibus que ia de Recife para Salvador, na semana passada (29\/11), divulgou imagens da c\u00e2mera de seguran\u00e7a do ve\u00edculo, que foram disponibilizadas pela empresa de transporte rodovi\u00e1rio. A grava\u00e7\u00e3o mostraria o momento do ataque a jovem no interior do ve\u00edculo. Sem muita nitidez, o v\u00eddeo curto, que Stefani publicou em seu perfil no Instagram, mostra que uma passageira, sentada atr\u00e1s dela, se levanta durante a madrugada e logo depois volta a se sentar. Ela acredita que a mulher pode ter sido a agressora que agiu rapidamente enquanto todos dormiam. Stefani contou que acordou com uma ard\u00eancia no rosto e percebeu que tinha sido cortada com uma faca. As imagens dela coberta de sangue circularam pelas redes sociais, mas at\u00e9 agora a pol\u00edcia n\u00e3o divulgou informa\u00e7\u00f5es sobre o suspeito.<br>Em entrevista ao G1, a estudante relatou que uma mulher chamou sua aten\u00e7\u00e3o pela frieza que apresentava ao ver a situa\u00e7\u00e3o, deferentemente de todos os outros passageiros que foram sol\u00edcitos em ajud\u00e1-la. A jovem diz que essa mulher olhava para ela como se nada tivesse acontecido.<br>\u201cEla desceu com a cara c\u00ednica do \u00f4nibus. Todo mundo falando dela [e ela] parecia uma psicopata. Ela negou [que teria me cortado e ainda afirmou] que n\u00e3o tinha nada a ver com os problemas dos outros\u201d, disse a jovem.<br><br>Segundo a v\u00edtima, a mulher estava com uma faca de churrasco, uma tesoura e um alicate. Mas os objetos foram encontrados limpos. Em nota, a Policia Civil informou que \u201cOs laudos periciais s\u00e3o aguardados. Uma faca localizada com a passageira foi encaminhada \u00e0 per\u00edcia, para saber se foi utilizada na a\u00e7\u00e3o. Caso seja comprovada a autoria, a mulher poder\u00e1 ser indiciada por les\u00e3o corporal\u201d. Foi registrado o depoimento dos passageiros que estavam no coletivo e todos foram liberados.<br><br>O ataque aconteceu na altura da cidade de Conde, na Bahia. Em suas redes sociais, Stefani relatou que, por volta das 5h, acordou sentindo muitas dores no rosto e percebeu que estava com muito sangue escorrendo. Imediatamente ela correu e acordou a amiga que estava algumas poltronas de dist\u00e2ncia, outros passageiros tamb\u00e9m acordaram e ajudaram a chamar aten\u00e7\u00e3o do motorista, para que a jovem fosse levada a um hospital e, em seguida, para a delegacia. O ferimento deixou uma grande cicatriz que vai da boca at\u00e9 a orelha, pegando todo um lado do rosto da estudante, que levou 18 pontos.<br><\/figcaption><\/figure>\n\n\n\n<figure class=\"wp-block-video\"><video height=\"252\" style=\"aspect-ratio: 480 \/ 252;\" width=\"480\" controls src=\"https:\/\/noticiasnoface.com.br\/wp-content\/uploads\/2022\/12\/IMG_7824.mov\"><\/video><figcaption class=\"wp-element-caption\">18 pontos no rosto <\/figcaption><\/figure>\n\n\n\n<p><\/p>\n\n\n\n<p><\/p>\n\n\n\n<figure class=\"wp-block-image size-full is-resized\"><img data-opt-id=2047582992  fetchpriority=\"high\" decoding=\"async\" src=\"https:\/\/mlbfrsat7ahr.i.optimole.com\/w:auto\/h:auto\/q:mauto\/ig:avif\/https:\/\/noticiasnoface.com.br\/wp-content\/uploads\/2022\/12\/A7FDB470-D881-4534-8556-8CD13A41AE96.jpeg\" alt=\"\" class=\"wp-image-13184\" width=\"742\" height=\"414\" srcset=\"https:\/\/mlbfrsat7ahr.i.optimole.com\/w:658\/h:368\/q:mauto\/ig:avif\/https:\/\/noticiasnoface.com.br\/wp-content\/uploads\/2022\/12\/A7FDB470-D881-4534-8556-8CD13A41AE96.jpeg 658w, https:\/\/mlbfrsat7ahr.i.optimole.com\/w:300\/h:168\/q:mauto\/ig:avif\/https:\/\/noticiasnoface.com.br\/wp-content\/uploads\/2022\/12\/A7FDB470-D881-4534-8556-8CD13A41AE96.jpeg 300w\" sizes=\"(max-width: 742px) 100vw, 742px\" \/><\/figure>\n","protected":false},"excerpt":{"rendered":"","protected":false},"author":1,"featured_media":0,"comment_status":"open","ping_status":"open","sticky":false,"template":"","format":"standard","meta":{"site-sidebar-layout":"default","site-content-layout":"","ast-site-content-layout":"default","site-content-style":"default","site-sidebar-style":"default","ast-global-header-display":"","ast-banner-title-visibility":"","ast-main-header-display":"","ast-hfb-above-header-display":"","ast-hfb-below-header-display":"","ast-hfb-mobile-header-display":"","site-post-title":"","ast-breadcrumbs-content":"","ast-featured-img":"","footer-sml-layout":"","ast-disable-related-posts":"","theme-transparent-header-meta":"","adv-header-id-meta":"","stick-header-meta":"","header-above-stick-meta":"","header-main-stick-meta":"","header-below-stick-meta":"","astra-migrate-meta-layouts":"default","ast-page-background-enabled":"default","ast-page-background-meta":{"desktop":{"background-color":"var(--ast-global-color-4)","background-image":"","background-repeat":"repeat","background-position":"center center","background-size":"auto","background-attachment":"scroll","background-type":"","background-media":"","overlay-type":"","overlay-color":"","overlay-opacity":"","overlay-gradient":""},"tablet":{"background-color":"","background-image":"","background-repeat":"repeat","background-position":"center center","background-size":"auto","background-attachment":"scroll","background-type":"","background-media":"","overlay-type":"","overlay-color":"","overlay-opacity":"","overlay-gradient":""},"mobile":{"background-color":"","background-image":"","background-repeat":"repeat","background-position":"center center","background-size":"auto","background-attachment":"scroll","background-type":"","background-media":"","overlay-type":"","overlay-color":"","overlay-opacity":"","overlay-gradient":""}},"ast-content-background-meta":{"desktop":{"background-color":"var(--ast-global-color-5)","background-image":"","background-repeat":"repeat","background-position":"center center","background-size":"auto","background-attachment":"scroll","background-type":"","background-media":"","overlay-type":"","overlay-color":"","overlay-opacity":"","overlay-gradient":""},"tablet":{"background-color":"var(--ast-global-color-5)","background-image":"","background-repeat":"repeat","background-position":"center center","background-size":"auto","background-attachment":"scroll","background-type":"","background-media":"","overlay-type":"","overlay-color":"","overlay-opacity":"","overlay-gradient":""},"mobile":{"background-color":"var(--ast-global-color-5)","background-image":"","background-repeat":"repeat","background-position":"center center","background-size":"auto","background-attachment":"scroll","background-type":"","background-media":"","overlay-type":"","overlay-color":"","overlay-opacity":"","overlay-gradient":""}},"footnotes":""},"categories":[517],"tags":[1186,386],"class_list":["post-13182","post","type-post","status-publish","format-standard","hentry","category-aconteceu","tag-jovem","tag-onibus"],"_links":{"self":[{"href":"https:\/\/noticiasnoface.com.br\/index.php\/wp-json\/wp\/v2\/posts\/13182","targetHints":{"allow":["GET"]}}],"collection":[{"href":"https:\/\/noticiasnoface.com.br\/index.php\/wp-json\/wp\/v2\/posts"}],"about":[{"href":"https:\/\/noticiasnoface.com.br\/index.php\/wp-json\/wp\/v2\/types\/post"}],"author":[{"embeddable":true,"href":"https:\/\/noticiasnoface.com.br\/index.php\/wp-json\/wp\/v2\/users\/1"}],"replies":[{"embeddable":true,"href":"https:\/\/noticiasnoface.com.br\/index.php\/wp-json\/wp\/v2\/comments?post=13182"}],"version-history":[{"count":1,"href":"https:\/\/noticiasnoface.com.br\/index.php\/wp-json\/wp\/v2\/posts\/13182\/revisions"}],"predecessor-version":[{"id":13186,"href":"https:\/\/noticiasnoface.com.br\/index.php\/wp-json\/wp\/v2\/posts\/13182\/revisions\/13186"}],"wp:attachment":[{"href":"https:\/\/noticiasnoface.com.br\/index.php\/wp-json\/wp\/v2\/media?parent=13182"}],"wp:term":[{"taxonomy":"category","embeddable":true,"href":"https:\/\/noticiasnoface.com.br\/index.php\/wp-json\/wp\/v2\/categories?post=13182"},{"taxonomy":"post_tag","embeddable":true,"href":"https:\/\/noticiasnoface.com.br\/index.php\/wp-json\/wp\/v2\/tags?post=13182"}],"curies":[{"name":"wp","href":"https:\/\/api.w.org\/{rel}","templated":true}]}}