{"id":13222,"date":"2022-12-08T04:42:05","date_gmt":"2022-12-08T07:42:05","guid":{"rendered":"https:\/\/noticiasnoface.com.br\/?p=13222"},"modified":"2022-12-08T04:48:14","modified_gmt":"2022-12-08T07:48:14","slug":"vejam-o-momento-que-bandidos-invadem-a-casa-de-um-policial","status":"publish","type":"post","link":"https:\/\/noticiasnoface.com.br\/index.php\/2022\/12\/08\/vejam-o-momento-que-bandidos-invadem-a-casa-de-um-policial\/","title":{"rendered":"Vejam o momento que bandidos invadem a casa de um policial"},"content":{"rendered":"\n<figure class=\"wp-block-image size-large\"><img data-opt-id=986163815  fetchpriority=\"high\" decoding=\"async\" width=\"819\" height=\"1024\" src=\"https:\/\/mlbfrsat7ahr.i.optimole.com\/w:819\/h:1024\/q:mauto\/ig:avif\/https:\/\/noticiasnoface.com.br\/wp-content\/uploads\/2022\/12\/photo-output-1.jpg\" alt=\"\" class=\"wp-image-13227\" srcset=\"https:\/\/mlbfrsat7ahr.i.optimole.com\/w:819\/h:1024\/q:mauto\/ig:avif\/https:\/\/noticiasnoface.com.br\/wp-content\/uploads\/2022\/12\/photo-output-1.jpg 819w, https:\/\/mlbfrsat7ahr.i.optimole.com\/w:240\/h:300\/q:mauto\/ig:avif\/https:\/\/noticiasnoface.com.br\/wp-content\/uploads\/2022\/12\/photo-output-1.jpg 240w, https:\/\/mlbfrsat7ahr.i.optimole.com\/w:768\/h:961\/q:mauto\/ig:avif\/https:\/\/noticiasnoface.com.br\/wp-content\/uploads\/2022\/12\/photo-output-1.jpg 768w, https:\/\/mlbfrsat7ahr.i.optimole.com\/w:863\/h:1080\/q:mauto\/ig:avif\/https:\/\/noticiasnoface.com.br\/wp-content\/uploads\/2022\/12\/photo-output-1.jpg 1228w, https:\/\/mlbfrsat7ahr.i.optimole.com\/w:863\/h:1080\/q:mauto\/ig:avif\/https:\/\/noticiasnoface.com.br\/wp-content\/uploads\/2022\/12\/photo-output-1.jpg 1637w\" sizes=\"(max-width: 819px) 100vw, 819px\" \/><figcaption class=\"wp-element-caption\">S\u00e3o Paulo \u2013 Uma c\u00e2mera de monitoramento flagrou a a\u00e7\u00e3o de tr\u00eas criminosos que invadiram a casa do policial militar Daniel Doro, de 38 anos, pouco antes de o agente ser ferido em uma troca de tiros, na tarde de segunda-feira (5\/12), na zona sul de S\u00e3o Paulo.<br \/>O PM chegou a ser encaminhado ao Hospital Municipal Doutor Arthur Ribeiro de Saboya, no Jabaquara, mas n\u00e3o resistiu. O suspeito Kau\u00ea Villani, de 25 anos, foi levado \u00e0 mesma unidade de sa\u00fade, onde j\u00e1 chegou sem vida, segundo a pol\u00edcia.<br \/>As imagens mostram o PM, fora de servi\u00e7o, estacionando seu carro na garagem de casa. Quando o port\u00e3o eletr\u00f4nico est\u00e1 quase fechado, um criminoso o segura, para que dois comparsas entrem na resid\u00eancia.<br \/>Em quest\u00e3o de segundos, ocorre a troca de tiros. O bandido que segura o port\u00e3o corre, enquanto Villani cai no ch\u00e3o, ferido com dois tiros no t\u00f3rax e um no punho direito, de acordo com registros da Pol\u00edcia Civil. Com ele foi encontrada uma pistola calibre 9 mil\u00edmetros, com todas as 14 muni\u00e7\u00f5es intactas.<br \/>O outro suspeito, identificado pela pol\u00edcia como Patrick Lucas Sim\u00f5es Filgueira, de 23 anos, aparece nas imagens se dirigindo at\u00e9 o carro do policial. Ele n\u00e3o havia sido preso at\u00e9 a publica\u00e7\u00e3o desta reportagem.<br \/>Em seguida, os registros mostram ele jogando uma arma de fogo sobre o muro da casa da v\u00edtima, por onde ele acessa a rua e foge. Registros do 16\u00ba DP (Vila Clementina) afirmam que a pistola, calibre ponto 40, do PM foi levada pelos bandidos.<br \/>Na delegacia, a m\u00e3e de Kau\u00ea Villani informou que o filho havia sa\u00eddo da cadeia, h\u00e1 cerca de tr\u00eas meses, ap\u00f3s cumprir dois anos de pris\u00e3o, em regime fechado, por roubo.<br \/>C\u00e2meras flagram motorista<br \/>Outra c\u00e2mera de monitoramento flagrou a chegada de um Ford Ka branco, usado pelos criminosos para chegar e fugir do local.<br \/>Ao pesquisar a placa do ve\u00edculo, policiais localizaram Gustavo Ferreira de Ara\u00fajo, de 27 anos, em sua casa, a cerca de dois quil\u00f4metros de dist\u00e2ncia do local do crime. No bolso dele, foi encontrada a chave do ve\u00edculo.<br \/>Ele foi levado \u00e0 delegacia, acompanhando da advogada M\u00e1rcia Tadeu Ribeiro.<br \/>Em depoimento \u00e0 Pol\u00edcia Civil, o motorista admitiu ter guiado o Ford Ka, ocupado pelos criminosos. Ele, por\u00e9m, negou ter ci\u00eancia de que os tr\u00eas ocupantes iriam praticar um roubo. \u201c[Ele] nunca teve a inten\u00e7\u00e3o de participar do delito\u201d, diz trecho do relato.<br \/>Ap\u00f3s avaliar as imagens e ouvir o suspeito preso, o delegado T\u00falio Pires Bernardes do Nascimento avaliou a vers\u00e3o do motorista como \u201cfantasiosa\u201d.<br \/>Segundo o policial, o suspeito \u201cbusca afastar a sua responsabilidade penal, j\u00e1 que restou comprovado que ele foi o respons\u00e1vel por levar os autores ao local do fato e tamb\u00e9m seria aquele que propiciaria a fuga dos autores ap\u00f3s a pr\u00e1tica do crime.\u201d<br \/>Gustavo Ferreira de Ara\u00fajo foi indiciado em flagrante por latroc\u00ednio (roubo seguido de morte). A pol\u00edcia solicitou \u00e0 Justi\u00e7a que sua pris\u00e3o em flagrante fosse convertida para preventiva, ou seja, por tempo indeterminado. O pedido foi aceito pelo Tribunal de Justi\u00e7a de S\u00e3o Paulo, nesta ter\u00e7a-feira (6).<\/figcaption><\/figure>\n\n\n\n<figure class=\"wp-block-video\"><video height=\"360\" style=\"aspect-ratio: 640 \/ 360;\" width=\"640\" controls src=\"https:\/\/noticiasnoface.com.br\/wp-content\/uploads\/2022\/12\/IMG_7907.mov\"><\/video><figcaption class=\"wp-element-caption\">Momento que brandidos invadem a casa de um policial <\/figcaption><\/figure>\n","protected":false},"excerpt":{"rendered":"","protected":false},"author":1,"featured_media":0,"comment_status":"open","ping_status":"open","sticky":false,"template":"","format":"standard","meta":{"site-sidebar-layout":"default","site-content-layout":"","ast-site-content-layout":"default","site-content-style":"default","site-sidebar-style":"default","ast-global-header-display":"","ast-banner-title-visibility":"","ast-main-header-display":"","ast-hfb-above-header-display":"","ast-hfb-below-header-display":"","ast-hfb-mobile-header-display":"","site-post-title":"","ast-breadcrumbs-content":"","ast-featured-img":"","footer-sml-layout":"","ast-disable-related-posts":"","theme-transparent-header-meta":"","adv-header-id-meta":"","stick-header-meta":"","header-above-stick-meta":"","header-main-stick-meta":"","header-below-stick-meta":"","astra-migrate-meta-layouts":"default","ast-page-background-enabled":"default","ast-page-background-meta":{"desktop":{"background-color":"var(--ast-global-color-4)","background-image":"","background-repeat":"repeat","background-position":"center center","background-size":"auto","background-attachment":"scroll","background-type":"","background-media":"","overlay-type":"","overlay-color":"","overlay-opacity":"","overlay-gradient":""},"tablet":{"background-color":"","background-image":"","background-repeat":"repeat","background-position":"center center","background-size":"auto","background-attachment":"scroll","background-type":"","background-media":"","overlay-type":"","overlay-color":"","overlay-opacity":"","overlay-gradient":""},"mobile":{"background-color":"","background-image":"","background-repeat":"repeat","background-position":"center center","background-size":"auto","background-attachment":"scroll","background-type":"","background-media":"","overlay-type":"","overlay-color":"","overlay-opacity":"","overlay-gradient":""}},"ast-content-background-meta":{"desktop":{"background-color":"var(--ast-global-color-5)","background-image":"","background-repeat":"repeat","background-position":"center center","background-size":"auto","background-attachment":"scroll","background-type":"","background-media":"","overlay-type":"","overlay-color":"","overlay-opacity":"","overlay-gradient":""},"tablet":{"background-color":"var(--ast-global-color-5)","background-image":"","background-repeat":"repeat","background-position":"center center","background-size":"auto","background-attachment":"scroll","background-type":"","background-media":"","overlay-type":"","overlay-color":"","overlay-opacity":"","overlay-gradient":""},"mobile":{"background-color":"var(--ast-global-color-5)","background-image":"","background-repeat":"repeat","background-position":"center center","background-size":"auto","background-attachment":"scroll","background-type":"","background-media":"","overlay-type":"","overlay-color":"","overlay-opacity":"","overlay-gradient":""}},"footnotes":""},"categories":[517],"tags":[620,2248,50,22,835],"class_list":["post-13222","post","type-post","status-publish","format-standard","hentry","category-aconteceu","tag-bandidos","tag-invadem","tag-noticias-do-face","tag-noticias-no-face","tag-policial"],"_links":{"self":[{"href":"https:\/\/noticiasnoface.com.br\/index.php\/wp-json\/wp\/v2\/posts\/13222","targetHints":{"allow":["GET"]}}],"collection":[{"href":"https:\/\/noticiasnoface.com.br\/index.php\/wp-json\/wp\/v2\/posts"}],"about":[{"href":"https:\/\/noticiasnoface.com.br\/index.php\/wp-json\/wp\/v2\/types\/post"}],"author":[{"embeddable":true,"href":"https:\/\/noticiasnoface.com.br\/index.php\/wp-json\/wp\/v2\/users\/1"}],"replies":[{"embeddable":true,"href":"https:\/\/noticiasnoface.com.br\/index.php\/wp-json\/wp\/v2\/comments?post=13222"}],"version-history":[{"count":3,"href":"https:\/\/noticiasnoface.com.br\/index.php\/wp-json\/wp\/v2\/posts\/13222\/revisions"}],"predecessor-version":[{"id":13229,"href":"https:\/\/noticiasnoface.com.br\/index.php\/wp-json\/wp\/v2\/posts\/13222\/revisions\/13229"}],"wp:attachment":[{"href":"https:\/\/noticiasnoface.com.br\/index.php\/wp-json\/wp\/v2\/media?parent=13222"}],"wp:term":[{"taxonomy":"category","embeddable":true,"href":"https:\/\/noticiasnoface.com.br\/index.php\/wp-json\/wp\/v2\/categories?post=13222"},{"taxonomy":"post_tag","embeddable":true,"href":"https:\/\/noticiasnoface.com.br\/index.php\/wp-json\/wp\/v2\/tags?post=13222"}],"curies":[{"name":"wp","href":"https:\/\/api.w.org\/{rel}","templated":true}]}}