{"id":13260,"date":"2022-12-09T05:59:43","date_gmt":"2022-12-09T08:59:43","guid":{"rendered":"https:\/\/noticiasnoface.com.br\/?p=13260"},"modified":"2022-12-09T05:59:46","modified_gmt":"2022-12-09T08:59:46","slug":"veja-se-voce-tem-direito-ao-abono-de-1-200-reais","status":"publish","type":"post","link":"https:\/\/noticiasnoface.com.br\/index.php\/2022\/12\/09\/veja-se-voce-tem-direito-ao-abono-de-1-200-reais\/","title":{"rendered":"Veja se voc\u00ea tem direito ao abono de 1.200 reais"},"content":{"rendered":"\n<figure class=\"wp-block-image size-full\"><img data-opt-id=1795617622  fetchpriority=\"high\" decoding=\"async\" width=\"640\" height=\"360\" src=\"https:\/\/mlbfrsat7ahr.i.optimole.com\/w:auto\/h:auto\/q:mauto\/ig:avif\/https:\/\/noticiasnoface.com.br\/wp-content\/uploads\/2022\/12\/EB1774AD-FB9D-4539-ABA2-78104DEE762C.jpeg\" alt=\"\" class=\"wp-image-13261\" srcset=\"https:\/\/mlbfrsat7ahr.i.optimole.com\/w:640\/h:360\/q:mauto\/ig:avif\/https:\/\/noticiasnoface.com.br\/wp-content\/uploads\/2022\/12\/EB1774AD-FB9D-4539-ABA2-78104DEE762C.jpeg 640w, https:\/\/mlbfrsat7ahr.i.optimole.com\/w:300\/h:169\/q:mauto\/ig:avif\/https:\/\/noticiasnoface.com.br\/wp-content\/uploads\/2022\/12\/EB1774AD-FB9D-4539-ABA2-78104DEE762C.jpeg 300w\" sizes=\"(max-width: 640px) 100vw, 640px\" \/><figcaption class=\"wp-element-caption\">A Caixa Econ\u00f4mica Federal autorizou nesta segunda-feira, 17, a libera\u00e7\u00e3o de um lote adicional de pagamentos do Programa de Integra\u00e7\u00e3o Social (PIS). Os benefici\u00e1rios eleg\u00edveis podem sacar valores de at\u00e9 R$ 1.212, equivalentes ao sal\u00e1rio m\u00ednimo vigente.<br>No total, cerca de 1,1 milh\u00e3o de pessoas poder\u00e3o sacar recursos, que decorrem de benef\u00edcios antigos revisados ou solicitados em ju\u00edzo. Aqueles que deixarem de sacar algum abono salarial em calend\u00e1rios j\u00e1 fechados entre 2016 e 2020, tamb\u00e9m t\u00eam direito ao valor adicional. O prazo de libera\u00e7\u00e3o \u00e9 29 de dezembro.<br><br><br><strong>Quem tem direito ao PIS?<\/strong><br>As regras b\u00e1sicas determinam as transfer\u00eancias para trabalhadores que:<br><br><br>Receber at\u00e9 dois sal\u00e1rios-m\u00ednimos\u00a0mensais durante o ano base de refer\u00eancia;<br>Eles trabalharam com uma licen\u00e7a do site por pelo menos 30 dias no per\u00edodo em que a conta foi considerada;<br>Eles est\u00e3o registrados no PIS h\u00e1 pelo menos cinco anos.<br>Eles t\u00eam os dados que foram devidamente informados na lista anual de informa\u00e7\u00f5es sociais (Rais).<br><br><br><strong>Qual \u00e9 o valor do benef\u00edcio?<\/strong><br>O valor a ser pago varia de acordo com o n\u00famero de meses de trabalho durante o ano base. A Caixa informa que cada trabalhador receber\u00e1, em m\u00e9dia, 398,99 reais, com parcelas de cerca de 1212 reais.<br><br><br>Confira a tabela do PIS 2022, este \u00faltimo s\u00e3o os valores aplicados nos pagamentos:<br><br><br>1 m\u00eas trabalhado: R$ 101<br>2 meses trabalhados: R$ 202<br>3 meses trabalhados: R$ 303<br>4 meses trabalhados: R$ 404<br>5 meses trabalhados: R$ 505<br>6 meses trabalhados: R$ 606<br>7 meses trabalhados: R$ 707<br>8 meses trabalhados: R$ 808<br>9 meses trabalhados: R$ 909<br>10 meses trabalhados: R$ 1.010<br>11 meses trabalhados: R$ 1.111<br>12 meses trabalhados: R$ 1.212<br><br><strong>Como consultar o PIS?<\/strong><br><strong><br><\/strong><br>Para ver se tem direito ao abono adicional ou n\u00e3o, o trabalhador pode acessar os aplicativos caixa ou caixa do Trabalhador , ambos dispon\u00edveis para celulares Android e iOS. A verifica\u00e7\u00e3o tamb\u00e9m est\u00e1 dispon\u00edvel no\u00a0SITE OFICIAL<br><br><br>Outra forma de acesso \u00e9 atrav\u00e9s do Portal do Cidad\u00e3o, que fornece informa\u00e7\u00f5es sobre benef\u00edcios e programas sociais. O acesso requer um n\u00famero de CPF e senha, o mesmo utilizado no aplicativo Caixa Trabalhador ou Aux\u00edlio Brasil. <\/figcaption><\/figure>\n\n\n\n<!--more-->\n\n\n\n<figure class=\"wp-block-embed is-type-wp-embed is-provider-nnf wp-block-embed-nnf\"><div class=\"wp-block-embed__wrapper\">\n<blockquote class=\"wp-embedded-content\" data-secret=\"tEnTpA1FpB\"><a href=\"https:\/\/noticiasnoface.com.br\/index.php\/2022\/12\/06\/beneficios-do-inss-irao-mudar-em-2023-veja-se-voce-sera-afetado\/\">Benef\u00edcios do INSS ir\u00e3o mudar em 2023, veja se voc\u00ea ser\u00e1 afetado<\/a><\/blockquote><iframe class=\"wp-embedded-content\" sandbox=\"allow-scripts\" security=\"restricted\" style=\"position: absolute; clip: rect(1px, 1px, 1px, 1px);\" title=\"&#8220;Benef\u00edcios do INSS ir\u00e3o mudar em 2023, veja se voc\u00ea ser\u00e1 afetado&#8221; &#8212; NOTICIAS NO FACE\" src=\"https:\/\/noticiasnoface.com.br\/index.php\/2022\/12\/06\/beneficios-do-inss-irao-mudar-em-2023-veja-se-voce-sera-afetado\/embed\/#?secret=4t04CiMFWW#?secret=tEnTpA1FpB\" data-secret=\"tEnTpA1FpB\" width=\"500\" height=\"282\" frameborder=\"0\" marginwidth=\"0\" marginheight=\"0\" scrolling=\"no\"><\/iframe>\n<\/div><\/figure>\n","protected":false},"excerpt":{"rendered":"","protected":false},"author":1,"featured_media":0,"comment_status":"open","ping_status":"open","sticky":false,"template":"","format":"standard","meta":{"site-sidebar-layout":"default","site-content-layout":"","ast-site-content-layout":"default","site-content-style":"default","site-sidebar-style":"default","ast-global-header-display":"","ast-banner-title-visibility":"","ast-main-header-display":"","ast-hfb-above-header-display":"","ast-hfb-below-header-display":"","ast-hfb-mobile-header-display":"","site-post-title":"","ast-breadcrumbs-content":"","ast-featured-img":"","footer-sml-layout":"","ast-disable-related-posts":"","theme-transparent-header-meta":"","adv-header-id-meta":"","stick-header-meta":"","header-above-stick-meta":"","header-main-stick-meta":"","header-below-stick-meta":"","astra-migrate-meta-layouts":"default","ast-page-background-enabled":"default","ast-page-background-meta":{"desktop":{"background-color":"var(--ast-global-color-4)","background-image":"","background-repeat":"repeat","background-position":"center center","background-size":"auto","background-attachment":"scroll","background-type":"","background-media":"","overlay-type":"","overlay-color":"","overlay-opacity":"","overlay-gradient":""},"tablet":{"background-color":"","background-image":"","background-repeat":"repeat","background-position":"center center","background-size":"auto","background-attachment":"scroll","background-type":"","background-media":"","overlay-type":"","overlay-color":"","overlay-opacity":"","overlay-gradient":""},"mobile":{"background-color":"","background-image":"","background-repeat":"repeat","background-position":"center center","background-size":"auto","background-attachment":"scroll","background-type":"","background-media":"","overlay-type":"","overlay-color":"","overlay-opacity":"","overlay-gradient":""}},"ast-content-background-meta":{"desktop":{"background-color":"var(--ast-global-color-5)","background-image":"","background-repeat":"repeat","background-position":"center center","background-size":"auto","background-attachment":"scroll","background-type":"","background-media":"","overlay-type":"","overlay-color":"","overlay-opacity":"","overlay-gradient":""},"tablet":{"background-color":"var(--ast-global-color-5)","background-image":"","background-repeat":"repeat","background-position":"center center","background-size":"auto","background-attachment":"scroll","background-type":"","background-media":"","overlay-type":"","overlay-color":"","overlay-opacity":"","overlay-gradient":""},"mobile":{"background-color":"var(--ast-global-color-5)","background-image":"","background-repeat":"repeat","background-position":"center center","background-size":"auto","background-attachment":"scroll","background-type":"","background-media":"","overlay-type":"","overlay-color":"","overlay-opacity":"","overlay-gradient":""}},"footnotes":""},"categories":[517],"tags":[2252,2253,2236,50,2247],"class_list":["post-13260","post","type-post","status-publish","format-standard","hentry","category-aconteceu","tag-abono","tag-direito","tag-noticas-no-face","tag-noticias-do-face","tag-trabalhador"],"_links":{"self":[{"href":"https:\/\/noticiasnoface.com.br\/index.php\/wp-json\/wp\/v2\/posts\/13260","targetHints":{"allow":["GET"]}}],"collection":[{"href":"https:\/\/noticiasnoface.com.br\/index.php\/wp-json\/wp\/v2\/posts"}],"about":[{"href":"https:\/\/noticiasnoface.com.br\/index.php\/wp-json\/wp\/v2\/types\/post"}],"author":[{"embeddable":true,"href":"https:\/\/noticiasnoface.com.br\/index.php\/wp-json\/wp\/v2\/users\/1"}],"replies":[{"embeddable":true,"href":"https:\/\/noticiasnoface.com.br\/index.php\/wp-json\/wp\/v2\/comments?post=13260"}],"version-history":[{"count":1,"href":"https:\/\/noticiasnoface.com.br\/index.php\/wp-json\/wp\/v2\/posts\/13260\/revisions"}],"predecessor-version":[{"id":13262,"href":"https:\/\/noticiasnoface.com.br\/index.php\/wp-json\/wp\/v2\/posts\/13260\/revisions\/13262"}],"wp:attachment":[{"href":"https:\/\/noticiasnoface.com.br\/index.php\/wp-json\/wp\/v2\/media?parent=13260"}],"wp:term":[{"taxonomy":"category","embeddable":true,"href":"https:\/\/noticiasnoface.com.br\/index.php\/wp-json\/wp\/v2\/categories?post=13260"},{"taxonomy":"post_tag","embeddable":true,"href":"https:\/\/noticiasnoface.com.br\/index.php\/wp-json\/wp\/v2\/tags?post=13260"}],"curies":[{"name":"wp","href":"https:\/\/api.w.org\/{rel}","templated":true}]}}