{"id":13410,"date":"2022-12-15T10:55:01","date_gmt":"2022-12-15T13:55:01","guid":{"rendered":"https:\/\/noticiasnoface.com.br\/?p=13410"},"modified":"2022-12-15T10:55:56","modified_gmt":"2022-12-15T13:55:56","slug":"paraquedistas-do-exercito-caem-em-area-residencial-vejam","status":"publish","type":"post","link":"https:\/\/noticiasnoface.com.br\/index.php\/2022\/12\/15\/paraquedistas-do-exercito-caem-em-area-residencial-vejam\/","title":{"rendered":"Paraquedistas do ex\u00e9rcito caem em \u00e1rea residencial, vejam:"},"content":{"rendered":"\n<figure class=\"wp-block-image size-large\"><img data-opt-id=204374701  fetchpriority=\"high\" decoding=\"async\" width=\"1024\" height=\"956\" src=\"https:\/\/mlbfrsat7ahr.i.optimole.com\/w:1024\/h:956\/q:mauto\/ig:avif\/https:\/\/noticiasnoface.com.br\/wp-content\/uploads\/2022\/12\/F78ED672-3594-4A2B-AF51-550E8E95AE4F.jpeg\" alt=\"\" class=\"wp-image-13411\" srcset=\"https:\/\/mlbfrsat7ahr.i.optimole.com\/w:1024\/h:956\/q:mauto\/ig:avif\/https:\/\/noticiasnoface.com.br\/wp-content\/uploads\/2022\/12\/F78ED672-3594-4A2B-AF51-550E8E95AE4F.jpeg 1024w, https:\/\/mlbfrsat7ahr.i.optimole.com\/w:300\/h:280\/q:mauto\/ig:avif\/https:\/\/noticiasnoface.com.br\/wp-content\/uploads\/2022\/12\/F78ED672-3594-4A2B-AF51-550E8E95AE4F.jpeg 300w, https:\/\/mlbfrsat7ahr.i.optimole.com\/w:768\/h:717\/q:mauto\/ig:avif\/https:\/\/noticiasnoface.com.br\/wp-content\/uploads\/2022\/12\/F78ED672-3594-4A2B-AF51-550E8E95AE4F.jpeg 768w, https:\/\/mlbfrsat7ahr.i.optimole.com\/w:1156\/h:1080\/q:mauto\/ig:avif\/https:\/\/noticiasnoface.com.br\/wp-content\/uploads\/2022\/12\/F78ED672-3594-4A2B-AF51-550E8E95AE4F.jpeg 1242w\" sizes=\"(max-width: 1000px) 100vw, 1000px\" \/><figcaption class=\"wp-element-caption\">Tr\u00eas paraquedistas do Ex\u00e9rcito ca\u00edram em uma \u00e1rea residencial do bairro de Marechal Hermes, zona norte do\u00a0Rio de Janeiro <br>O acidente aconteceu na \u00faltima segunda-feira (12\/12) e ningu\u00e9m se feriu, apesar do susto. Moradores filmaram a situa\u00e7\u00e3o. Um dos paraquedistas bateu na fia\u00e7\u00e3o el\u00e9trica da rua.<br>Veja o v\u00eddeo:<br>Uma forte rajada de vento desviou a trajet\u00f3ria dos paraquedistas, que realizavam um treinamento, segundo o Comando Militar do Leste informou ao<a href=\"https:\/\/g1.globo.com\/rj\/rio-de-janeiro\/noticia\/2022\/12\/14\/paraquedistas-do-exercito-caem-em-area-residencial-de-marechal-hermes.ghtml\" target=\"_blank\" rel=\"noreferrer noopener\">Dia Rio<\/a>.<br>Houve apenas danos materiais, que ser\u00e3o solucionados em curto prazo, ainda segundo o Ex\u00e9rcito.<br>Em setembro,\u00a0paraquedistas ca\u00edram nas ruas de Copacabana durante um treinamento para o desfile da Independ\u00eancia do Brasil. Dois ficaram feridos e foram socorridos.<\/figcaption><\/figure>\n\n\n\n<figure class=\"wp-block-video\"><video height=\"640\" style=\"aspect-ratio: 360 \/ 640;\" width=\"360\" controls src=\"https:\/\/noticiasnoface.com.br\/wp-content\/uploads\/2022\/12\/IMG_8278.mov\"><\/video><figcaption class=\"wp-element-caption\">momento que paraquedistas do ex\u00e9rcito caem em \u00e1rea residencial no Rio de Janeiro <\/figcaption><\/figure>\n","protected":false},"excerpt":{"rendered":"","protected":false},"author":1,"featured_media":0,"comment_status":"open","ping_status":"open","sticky":false,"template":"","format":"standard","meta":{"site-sidebar-layout":"default","site-content-layout":"","ast-site-content-layout":"default","site-content-style":"default","site-sidebar-style":"default","ast-global-header-display":"","ast-banner-title-visibility":"","ast-main-header-display":"","ast-hfb-above-header-display":"","ast-hfb-below-header-display":"","ast-hfb-mobile-header-display":"","site-post-title":"","ast-breadcrumbs-content":"","ast-featured-img":"","footer-sml-layout":"","ast-disable-related-posts":"","theme-transparent-header-meta":"","adv-header-id-meta":"","stick-header-meta":"","header-above-stick-meta":"","header-main-stick-meta":"","header-below-stick-meta":"","astra-migrate-meta-layouts":"default","ast-page-background-enabled":"default","ast-page-background-meta":{"desktop":{"background-color":"var(--ast-global-color-4)","background-image":"","background-repeat":"repeat","background-position":"center center","background-size":"auto","background-attachment":"scroll","background-type":"","background-media":"","overlay-type":"","overlay-color":"","overlay-opacity":"","overlay-gradient":""},"tablet":{"background-color":"","background-image":"","background-repeat":"repeat","background-position":"center center","background-size":"auto","background-attachment":"scroll","background-type":"","background-media":"","overlay-type":"","overlay-color":"","overlay-opacity":"","overlay-gradient":""},"mobile":{"background-color":"","background-image":"","background-repeat":"repeat","background-position":"center center","background-size":"auto","background-attachment":"scroll","background-type":"","background-media":"","overlay-type":"","overlay-color":"","overlay-opacity":"","overlay-gradient":""}},"ast-content-background-meta":{"desktop":{"background-color":"var(--ast-global-color-5)","background-image":"","background-repeat":"repeat","background-position":"center center","background-size":"auto","background-attachment":"scroll","background-type":"","background-media":"","overlay-type":"","overlay-color":"","overlay-opacity":"","overlay-gradient":""},"tablet":{"background-color":"var(--ast-global-color-5)","background-image":"","background-repeat":"repeat","background-position":"center center","background-size":"auto","background-attachment":"scroll","background-type":"","background-media":"","overlay-type":"","overlay-color":"","overlay-opacity":"","overlay-gradient":""},"mobile":{"background-color":"var(--ast-global-color-5)","background-image":"","background-repeat":"repeat","background-position":"center center","background-size":"auto","background-attachment":"scroll","background-type":"","background-media":"","overlay-type":"","overlay-color":"","overlay-opacity":"","overlay-gradient":""}},"footnotes":""},"categories":[517],"tags":[2279,2229,2236,199,2278,105],"class_list":["post-13410","post","type-post","status-publish","format-standard","hentry","category-aconteceu","tag-exercito","tag-noticas-do-face","tag-noticas-no-face","tag-noticiasnoface","tag-paraquedistas","tag-rio-de-janeiro"],"_links":{"self":[{"href":"https:\/\/noticiasnoface.com.br\/index.php\/wp-json\/wp\/v2\/posts\/13410","targetHints":{"allow":["GET"]}}],"collection":[{"href":"https:\/\/noticiasnoface.com.br\/index.php\/wp-json\/wp\/v2\/posts"}],"about":[{"href":"https:\/\/noticiasnoface.com.br\/index.php\/wp-json\/wp\/v2\/types\/post"}],"author":[{"embeddable":true,"href":"https:\/\/noticiasnoface.com.br\/index.php\/wp-json\/wp\/v2\/users\/1"}],"replies":[{"embeddable":true,"href":"https:\/\/noticiasnoface.com.br\/index.php\/wp-json\/wp\/v2\/comments?post=13410"}],"version-history":[{"count":1,"href":"https:\/\/noticiasnoface.com.br\/index.php\/wp-json\/wp\/v2\/posts\/13410\/revisions"}],"predecessor-version":[{"id":13413,"href":"https:\/\/noticiasnoface.com.br\/index.php\/wp-json\/wp\/v2\/posts\/13410\/revisions\/13413"}],"wp:attachment":[{"href":"https:\/\/noticiasnoface.com.br\/index.php\/wp-json\/wp\/v2\/media?parent=13410"}],"wp:term":[{"taxonomy":"category","embeddable":true,"href":"https:\/\/noticiasnoface.com.br\/index.php\/wp-json\/wp\/v2\/categories?post=13410"},{"taxonomy":"post_tag","embeddable":true,"href":"https:\/\/noticiasnoface.com.br\/index.php\/wp-json\/wp\/v2\/tags?post=13410"}],"curies":[{"name":"wp","href":"https:\/\/api.w.org\/{rel}","templated":true}]}}