{"id":13470,"date":"2022-12-17T19:57:04","date_gmt":"2022-12-17T22:57:04","guid":{"rendered":"https:\/\/noticiasnoface.com.br\/?p=13470"},"modified":"2022-12-17T19:57:06","modified_gmt":"2022-12-17T22:57:06","slug":"camara-municipal-outorga-cidadania-natalense-ao-historiador-ricardo-tersuliano","status":"publish","type":"post","link":"https:\/\/noticiasnoface.com.br\/index.php\/2022\/12\/17\/camara-municipal-outorga-cidadania-natalense-ao-historiador-ricardo-tersuliano\/","title":{"rendered":"C\u00e2mara Municipal outorga cidadania natalense ao historiador Ricardo Tersuliano"},"content":{"rendered":"\n<figure class=\"wp-block-image size-large\"><img data-opt-id=384732777  fetchpriority=\"high\" decoding=\"async\" width=\"1024\" height=\"642\" src=\"https:\/\/mlbfrsat7ahr.i.optimole.com\/w:1024\/h:642\/q:mauto\/ig:avif\/https:\/\/noticiasnoface.com.br\/wp-content\/uploads\/2022\/12\/C7E295D6-8702-4394-8C01-94A8E28909A4.jpeg\" alt=\"\" class=\"wp-image-13471\" srcset=\"https:\/\/mlbfrsat7ahr.i.optimole.com\/w:1024\/h:642\/q:mauto\/ig:avif\/https:\/\/noticiasnoface.com.br\/wp-content\/uploads\/2022\/12\/C7E295D6-8702-4394-8C01-94A8E28909A4.jpeg 1024w, https:\/\/mlbfrsat7ahr.i.optimole.com\/w:300\/h:188\/q:mauto\/ig:avif\/https:\/\/noticiasnoface.com.br\/wp-content\/uploads\/2022\/12\/C7E295D6-8702-4394-8C01-94A8E28909A4.jpeg 300w, https:\/\/mlbfrsat7ahr.i.optimole.com\/w:768\/h:481\/q:mauto\/ig:avif\/https:\/\/noticiasnoface.com.br\/wp-content\/uploads\/2022\/12\/C7E295D6-8702-4394-8C01-94A8E28909A4.jpeg 768w, https:\/\/mlbfrsat7ahr.i.optimole.com\/w:1280\/h:802\/q:mauto\/ig:avif\/https:\/\/noticiasnoface.com.br\/wp-content\/uploads\/2022\/12\/C7E295D6-8702-4394-8C01-94A8E28909A4.jpeg 1280w\" sizes=\"(max-width: 1000px) 100vw, 1000px\" \/><figcaption class=\"wp-element-caption\">Em sess\u00e3o solene, a C\u00e2mara Municipal de Natal outorgou , na noite de sexta-feira (16), o T\u00edtulo de Cidad\u00e3o Natalense ao pesquisador e historiador Ricardo da Silva Tersuliano. A honraria foi concedida por Projeto de Decreto Legislativo de proposi\u00e7\u00e3o do vereador e presidente da Casa Paulinho Freire (Uni\u00e3o Brasil).\u00a0<br>Nascido no Rio de Janeiro, filho do potiguar Esmeraldo Tersuliano Sobrinho e da carioca Maria da Glor da Silva, Ricardo Tersuliano, popularmente conhecido como \u201cCobra\u201d, chegou a Natal em 1982. Casado e pai de tr\u00eas filhas, construiu sua vida e carreira na cidade, dedicando muito de seu tempo aos estudos e pesquisas sobre a hist\u00f3ria e cultura de Natal e do RN.<br>\u201c\u00c9 um momento de imensa felicidade. Natal \u00e9 a terra do meu pai e e o amor que tenho por essa cidade se diluiu nos esfor\u00e7os que fiz para me credenciar a esse t\u00edtulo\u201d, revelou o homenageado.<br>\u201cJ\u00e1 vi a Casa entregar v\u00e1rios t\u00edtulos e todos merecedores, mas t\u00eam aqueles que marcam mais e acho que Ricardo Tersuliano, o Cobra, \u00e9 merecedor por todo o trabalho que ele faz pela cultura, pela hist\u00f3ria, e por tudo mais que ele fez pela cidade do Natal. Hoje Cobra recebe esse reconhecimento da cidade por tudo que ele representa e fez at\u00e9 aqui\u201d, atestou o vereador Paulinho Freire, propositor da honraria.<br>Durante a solenidade, al\u00e9m dos vereadores, tamb\u00e9m se fizeram presentes familiares, amigos e representantes da Assembleia Legislativa e da Prefeitura Municipal.\u00a0<br>\u201cEsse \u00e9 o carioca mais natalense que conhe\u00e7o. Hoje esse t\u00edtulo \u00e9 muito merecido e apenas confere ao Ricardo Cobra o reconhecimento pela sua vida inteira dedicada \u00e0 cidade e pelos estudos que faz para preservar a hist\u00f3ria de Natal\u201d, afirmou o deputado estadual Hermano Morais.<br>Uma das filhas de Ricardo Tersuliano, Gabriela Brito, tamb\u00e9m agradeceu o t\u00edtulo e refor\u00e7ou os feitos do pai para com a cidade: \u201cSomos muito gratos por esse momento de homenagem a painho e acreditamos ser um reconhecimento pelo seu trabalho. Ele gosta de estudar a hist\u00f3ria, a cultura e de se envolver com a preserva\u00e7\u00e3o, que \u00e9 muito importante. Ent\u00e3o, agradecemos o reconhecimento e a presen\u00e7a de todos nessa noite\u201d.<br>A vereadora Nina Souza (PDT) tamb\u00e9m refor\u00e7ou a import\u00e2ncia da concess\u00e3o a Ricardo Tersuliano da mais alta honraria outorgada pelo Legislativo natalense. \u201cCobra \u00e9 uma pessoa muito querida em Natal, um historiador, bacharel em direito, um homem estudioso, que conhece os quatro cantos da cidade e tem muito servi\u00e7o prestado aqui. Hoje a CMN est\u00e1 concedendo esse t\u00edtulo de cidad\u00e3o que, diga-se de passagem, foi subscrito pela primeira vez por todos os vereadores e isso para n\u00f3s \u00e9 motivo de muito orgulho\u201d.<br><strong><em>Texto: Juliane Araujo<br>Fotos:\u00a0Ver\u00f4nica Macedo<\/em><\/strong><\/figcaption><\/figure>\n","protected":false},"excerpt":{"rendered":"","protected":false},"author":1,"featured_media":0,"comment_status":"open","ping_status":"open","sticky":false,"template":"","format":"standard","meta":{"site-sidebar-layout":"default","site-content-layout":"","ast-site-content-layout":"default","site-content-style":"default","site-sidebar-style":"default","ast-global-header-display":"","ast-banner-title-visibility":"","ast-main-header-display":"","ast-hfb-above-header-display":"","ast-hfb-below-header-display":"","ast-hfb-mobile-header-display":"","site-post-title":"","ast-breadcrumbs-content":"","ast-featured-img":"","footer-sml-layout":"","ast-disable-related-posts":"","theme-transparent-header-meta":"","adv-header-id-meta":"","stick-header-meta":"","header-above-stick-meta":"","header-main-stick-meta":"","header-below-stick-meta":"","astra-migrate-meta-layouts":"default","ast-page-background-enabled":"default","ast-page-background-meta":{"desktop":{"background-color":"var(--ast-global-color-4)","background-image":"","background-repeat":"repeat","background-position":"center center","background-size":"auto","background-attachment":"scroll","background-type":"","background-media":"","overlay-type":"","overlay-color":"","overlay-opacity":"","overlay-gradient":""},"tablet":{"background-color":"","background-image":"","background-repeat":"repeat","background-position":"center center","background-size":"auto","background-attachment":"scroll","background-type":"","background-media":"","overlay-type":"","overlay-color":"","overlay-opacity":"","overlay-gradient":""},"mobile":{"background-color":"","background-image":"","background-repeat":"repeat","background-position":"center center","background-size":"auto","background-attachment":"scroll","background-type":"","background-media":"","overlay-type":"","overlay-color":"","overlay-opacity":"","overlay-gradient":""}},"ast-content-background-meta":{"desktop":{"background-color":"var(--ast-global-color-5)","background-image":"","background-repeat":"repeat","background-position":"center center","background-size":"auto","background-attachment":"scroll","background-type":"","background-media":"","overlay-type":"","overlay-color":"","overlay-opacity":"","overlay-gradient":""},"tablet":{"background-color":"var(--ast-global-color-5)","background-image":"","background-repeat":"repeat","background-position":"center center","background-size":"auto","background-attachment":"scroll","background-type":"","background-media":"","overlay-type":"","overlay-color":"","overlay-opacity":"","overlay-gradient":""},"mobile":{"background-color":"var(--ast-global-color-5)","background-image":"","background-repeat":"repeat","background-position":"center center","background-size":"auto","background-attachment":"scroll","background-type":"","background-media":"","overlay-type":"","overlay-color":"","overlay-opacity":"","overlay-gradient":""}},"footnotes":""},"categories":[517],"tags":[],"class_list":["post-13470","post","type-post","status-publish","format-standard","hentry","category-aconteceu"],"_links":{"self":[{"href":"https:\/\/noticiasnoface.com.br\/index.php\/wp-json\/wp\/v2\/posts\/13470","targetHints":{"allow":["GET"]}}],"collection":[{"href":"https:\/\/noticiasnoface.com.br\/index.php\/wp-json\/wp\/v2\/posts"}],"about":[{"href":"https:\/\/noticiasnoface.com.br\/index.php\/wp-json\/wp\/v2\/types\/post"}],"author":[{"embeddable":true,"href":"https:\/\/noticiasnoface.com.br\/index.php\/wp-json\/wp\/v2\/users\/1"}],"replies":[{"embeddable":true,"href":"https:\/\/noticiasnoface.com.br\/index.php\/wp-json\/wp\/v2\/comments?post=13470"}],"version-history":[{"count":1,"href":"https:\/\/noticiasnoface.com.br\/index.php\/wp-json\/wp\/v2\/posts\/13470\/revisions"}],"predecessor-version":[{"id":13472,"href":"https:\/\/noticiasnoface.com.br\/index.php\/wp-json\/wp\/v2\/posts\/13470\/revisions\/13472"}],"wp:attachment":[{"href":"https:\/\/noticiasnoface.com.br\/index.php\/wp-json\/wp\/v2\/media?parent=13470"}],"wp:term":[{"taxonomy":"category","embeddable":true,"href":"https:\/\/noticiasnoface.com.br\/index.php\/wp-json\/wp\/v2\/categories?post=13470"},{"taxonomy":"post_tag","embeddable":true,"href":"https:\/\/noticiasnoface.com.br\/index.php\/wp-json\/wp\/v2\/tags?post=13470"}],"curies":[{"name":"wp","href":"https:\/\/api.w.org\/{rel}","templated":true}]}}