{"id":13484,"date":"2022-12-18T20:54:56","date_gmt":"2022-12-18T23:54:56","guid":{"rendered":"https:\/\/noticiasnoface.com.br\/?p=13484"},"modified":"2022-12-18T20:54:58","modified_gmt":"2022-12-18T23:54:58","slug":"luisa-sonza-entra-em-depressao-apos-ser-confundida-com-elke-maravilha","status":"publish","type":"post","link":"https:\/\/noticiasnoface.com.br\/index.php\/2022\/12\/18\/luisa-sonza-entra-em-depressao-apos-ser-confundida-com-elke-maravilha\/","title":{"rendered":"Lu\u00edsa Sonza entra em depress\u00e3o ap\u00f3s ser confundida com Elke Maravilha"},"content":{"rendered":"\n<figure class=\"wp-block-image size-full is-resized\"><img data-opt-id=1004594523  fetchpriority=\"high\" decoding=\"async\" src=\"https:\/\/mlbfrsat7ahr.i.optimole.com\/w:auto\/h:auto\/q:mauto\/ig:avif\/https:\/\/noticiasnoface.com.br\/wp-content\/uploads\/2022\/12\/337AC347-1B0C-480C-B407-6DF419EE171D.jpeg\" alt=\"\" class=\"wp-image-13485\" width=\"405\" height=\"213\" srcset=\"https:\/\/mlbfrsat7ahr.i.optimole.com\/w:310\/h:163\/q:mauto\/ig:avif\/https:\/\/noticiasnoface.com.br\/wp-content\/uploads\/2022\/12\/337AC347-1B0C-480C-B407-6DF419EE171D.jpeg 310w, https:\/\/mlbfrsat7ahr.i.optimole.com\/w:300\/h:158\/q:mauto\/ig:avif\/https:\/\/noticiasnoface.com.br\/wp-content\/uploads\/2022\/12\/337AC347-1B0C-480C-B407-6DF419EE171D.jpeg 300w\" sizes=\"(max-width: 405px) 100vw, 405px\" \/><figcaption class=\"wp-element-caption\">A cantora Lu\u00edsa Sonza, de 24 anos, usou o Twitter para desabafar neste s\u00e1bado (17). A loira, que j\u00e1 relatou publicamente sofrer da doen\u00e7a e j\u00e1 at\u00e9 precisou passar um tempo isolada para se recuperar, rebateu haters explicando que n\u00e3o precisa de um motivo espec\u00edfico para ficar depressiva.<br><br><br>&#8220;Tem dias que \u00e9 simplesmente insuport\u00e1vel viver&#8221;, ontem fui confundida com Elke Maravilha, lamentou a cantora, que em seguida completou dizendo: &#8220;N\u00e3o, gente. N\u00e3o precisa algo ter acontecido para um depressivo odiar viver ou sofrer por estar vivo. A vida dele, inclusive, em teoria, at\u00e9 pode estar perfeita&#8221;.<\/figcaption><\/figure>\n\n\n\n<figure class=\"wp-block-image size-full\"><img data-opt-id=833108377  fetchpriority=\"high\" decoding=\"async\" width=\"733\" height=\"418\" src=\"https:\/\/mlbfrsat7ahr.i.optimole.com\/w:auto\/h:auto\/q:mauto\/ig:avif\/https:\/\/noticiasnoface.com.br\/wp-content\/uploads\/2022\/12\/9BBEDF6F-CD78-4176-A2E3-BEC4F591A55E.jpeg\" alt=\"\" class=\"wp-image-13486\" srcset=\"https:\/\/mlbfrsat7ahr.i.optimole.com\/w:733\/h:418\/q:mauto\/ig:avif\/https:\/\/noticiasnoface.com.br\/wp-content\/uploads\/2022\/12\/9BBEDF6F-CD78-4176-A2E3-BEC4F591A55E.jpeg 733w, https:\/\/mlbfrsat7ahr.i.optimole.com\/w:300\/h:171\/q:mauto\/ig:avif\/https:\/\/noticiasnoface.com.br\/wp-content\/uploads\/2022\/12\/9BBEDF6F-CD78-4176-A2E3-BEC4F591A55E.jpeg 300w\" sizes=\"(max-width: 733px) 100vw, 733px\" \/><figcaption class=\"wp-element-caption\">V\u00e1rios procedimentos est\u00e9ticos desfiguraram a cantora, que acreditem tem apenas 23 anos com fei\u00e7\u00f5es de 40 anos. <\/figcaption><\/figure>\n\n\n\n<figure class=\"wp-block-image size-full\"><img data-opt-id=180123237  data-opt-src=\"https:\/\/mlbfrsat7ahr.i.optimole.com\/w:auto\/h:auto\/q:mauto\/ig:avif\/https:\/\/noticiasnoface.com.br\/wp-content\/uploads\/2022\/12\/A6CCE115-976A-4980-8F11-C2AC2920835C.jpeg\"  decoding=\"async\" width=\"422\" height=\"281\" src=\"data:image/svg+xml,%3Csvg%20viewBox%3D%220%200%20100%%20100%%22%20width%3D%22100%%22%20height%3D%22100%%22%20xmlns%3D%22http%3A%2F%2Fwww.w3.org%2F2000%2Fsvg%22%3E%3Crect%20width%3D%22100%%22%20height%3D%22100%%22%20fill%3D%22transparent%22%2F%3E%3C%2Fsvg%3E\" alt=\"\" class=\"wp-image-13487\" old-srcset=\"https:\/\/mlbfrsat7ahr.i.optimole.com\/w:422\/h:281\/q:mauto\/ig:avif\/https:\/\/noticiasnoface.com.br\/wp-content\/uploads\/2022\/12\/A6CCE115-976A-4980-8F11-C2AC2920835C.jpeg 422w, https:\/\/mlbfrsat7ahr.i.optimole.com\/w:300\/h:200\/q:mauto\/ig:avif\/https:\/\/noticiasnoface.com.br\/wp-content\/uploads\/2022\/12\/A6CCE115-976A-4980-8F11-C2AC2920835C.jpeg 300w\" \/><figcaption class=\"wp-element-caption\">Os internautas sempre passam na cara da pseudo cantora que suas interven\u00e7\u00f5es est\u00e9ticas s\u00f3 pioraram sua apar\u00eancia, e para provar isso mostram como a Lu\u00edsa Sonza era bonita antes da fama . Agora e vc? Acha prefere o antes ou depois ?<\/figcaption><\/figure>\n","protected":false},"excerpt":{"rendered":"","protected":false},"author":1,"featured_media":0,"comment_status":"open","ping_status":"open","sticky":false,"template":"","format":"standard","meta":{"site-sidebar-layout":"default","site-content-layout":"","ast-site-content-layout":"default","site-content-style":"default","site-sidebar-style":"default","ast-global-header-display":"","ast-banner-title-visibility":"","ast-main-header-display":"","ast-hfb-above-header-display":"","ast-hfb-below-header-display":"","ast-hfb-mobile-header-display":"","site-post-title":"","ast-breadcrumbs-content":"","ast-featured-img":"","footer-sml-layout":"","ast-disable-related-posts":"","theme-transparent-header-meta":"","adv-header-id-meta":"","stick-header-meta":"","header-above-stick-meta":"","header-main-stick-meta":"","header-below-stick-meta":"","astra-migrate-meta-layouts":"default","ast-page-background-enabled":"default","ast-page-background-meta":{"desktop":{"background-color":"var(--ast-global-color-4)","background-image":"","background-repeat":"repeat","background-position":"center center","background-size":"auto","background-attachment":"scroll","background-type":"","background-media":"","overlay-type":"","overlay-color":"","overlay-opacity":"","overlay-gradient":""},"tablet":{"background-color":"","background-image":"","background-repeat":"repeat","background-position":"center center","background-size":"auto","background-attachment":"scroll","background-type":"","background-media":"","overlay-type":"","overlay-color":"","overlay-opacity":"","overlay-gradient":""},"mobile":{"background-color":"","background-image":"","background-repeat":"repeat","background-position":"center center","background-size":"auto","background-attachment":"scroll","background-type":"","background-media":"","overlay-type":"","overlay-color":"","overlay-opacity":"","overlay-gradient":""}},"ast-content-background-meta":{"desktop":{"background-color":"var(--ast-global-color-5)","background-image":"","background-repeat":"repeat","background-position":"center center","background-size":"auto","background-attachment":"scroll","background-type":"","background-media":"","overlay-type":"","overlay-color":"","overlay-opacity":"","overlay-gradient":""},"tablet":{"background-color":"var(--ast-global-color-5)","background-image":"","background-repeat":"repeat","background-position":"center center","background-size":"auto","background-attachment":"scroll","background-type":"","background-media":"","overlay-type":"","overlay-color":"","overlay-opacity":"","overlay-gradient":""},"mobile":{"background-color":"var(--ast-global-color-5)","background-image":"","background-repeat":"repeat","background-position":"center center","background-size":"auto","background-attachment":"scroll","background-type":"","background-media":"","overlay-type":"","overlay-color":"","overlay-opacity":"","overlay-gradient":""}},"footnotes":""},"categories":[154],"tags":[2290,1134,2289,50],"class_list":["post-13484","post","type-post","status-publish","format-standard","hentry","category-comportamento","tag-estetica","tag-harmonizacao-facial","tag-luisa-sonza-2","tag-noticias-do-face"],"_links":{"self":[{"href":"https:\/\/noticiasnoface.com.br\/index.php\/wp-json\/wp\/v2\/posts\/13484","targetHints":{"allow":["GET"]}}],"collection":[{"href":"https:\/\/noticiasnoface.com.br\/index.php\/wp-json\/wp\/v2\/posts"}],"about":[{"href":"https:\/\/noticiasnoface.com.br\/index.php\/wp-json\/wp\/v2\/types\/post"}],"author":[{"embeddable":true,"href":"https:\/\/noticiasnoface.com.br\/index.php\/wp-json\/wp\/v2\/users\/1"}],"replies":[{"embeddable":true,"href":"https:\/\/noticiasnoface.com.br\/index.php\/wp-json\/wp\/v2\/comments?post=13484"}],"version-history":[{"count":1,"href":"https:\/\/noticiasnoface.com.br\/index.php\/wp-json\/wp\/v2\/posts\/13484\/revisions"}],"predecessor-version":[{"id":13488,"href":"https:\/\/noticiasnoface.com.br\/index.php\/wp-json\/wp\/v2\/posts\/13484\/revisions\/13488"}],"wp:attachment":[{"href":"https:\/\/noticiasnoface.com.br\/index.php\/wp-json\/wp\/v2\/media?parent=13484"}],"wp:term":[{"taxonomy":"category","embeddable":true,"href":"https:\/\/noticiasnoface.com.br\/index.php\/wp-json\/wp\/v2\/categories?post=13484"},{"taxonomy":"post_tag","embeddable":true,"href":"https:\/\/noticiasnoface.com.br\/index.php\/wp-json\/wp\/v2\/tags?post=13484"}],"curies":[{"name":"wp","href":"https:\/\/api.w.org\/{rel}","templated":true}]}}