{"id":13530,"date":"2022-12-19T21:36:41","date_gmt":"2022-12-20T00:36:41","guid":{"rendered":"https:\/\/noticiasnoface.com.br\/?p=13530"},"modified":"2022-12-19T21:42:54","modified_gmt":"2022-12-20T00:42:54","slug":"alexandre-de-moraes-aplica-multa-de-26-milhoes-no-rabo-de-daniel-silveira","status":"publish","type":"post","link":"https:\/\/noticiasnoface.com.br\/index.php\/2022\/12\/19\/alexandre-de-moraes-aplica-multa-de-26-milhoes-no-rabo-de-daniel-silveira\/","title":{"rendered":"Alexandre de Moraes aplica multa de 2,6 milh\u00f5es no rabo de Daniel Silveira"},"content":{"rendered":"\n<figure class=\"wp-block-image size-large\"><img data-opt-id=1330898044  fetchpriority=\"high\" decoding=\"async\" width=\"1024\" height=\"771\" src=\"https:\/\/mlbfrsat7ahr.i.optimole.com\/w:1024\/h:771\/q:mauto\/ig:avif\/https:\/\/noticiasnoface.com.br\/wp-content\/uploads\/2022\/12\/4E51FBAA-ED0A-4BAA-9CCB-1C922B567807.jpeg\" alt=\"\" class=\"wp-image-13531\" srcset=\"https:\/\/mlbfrsat7ahr.i.optimole.com\/w:1024\/h:771\/q:mauto\/ig:avif\/https:\/\/noticiasnoface.com.br\/wp-content\/uploads\/2022\/12\/4E51FBAA-ED0A-4BAA-9CCB-1C922B567807.jpeg 1024w, https:\/\/mlbfrsat7ahr.i.optimole.com\/w:300\/h:226\/q:mauto\/ig:avif\/https:\/\/noticiasnoface.com.br\/wp-content\/uploads\/2022\/12\/4E51FBAA-ED0A-4BAA-9CCB-1C922B567807.jpeg 300w, https:\/\/mlbfrsat7ahr.i.optimole.com\/w:768\/h:578\/q:mauto\/ig:avif\/https:\/\/noticiasnoface.com.br\/wp-content\/uploads\/2022\/12\/4E51FBAA-ED0A-4BAA-9CCB-1C922B567807.jpeg 768w, https:\/\/mlbfrsat7ahr.i.optimole.com\/w:1041\/h:784\/q:mauto\/ig:avif\/https:\/\/noticiasnoface.com.br\/wp-content\/uploads\/2022\/12\/4E51FBAA-ED0A-4BAA-9CCB-1C922B567807.jpeg 1041w\" sizes=\"(max-width: 1000px) 100vw, 1000px\" \/><figcaption class=\"wp-element-caption\">O ministro Alexandre de Moraes, do&nbsp;<strong>Supremo Tribunal Federal (STF)<\/strong>, achou pouco e estabeleceu uma nova&nbsp;multa&nbsp;para o deputado Daniel Silveira (PTB-RJ), por supostos descumprimentos de medidas judiciais. Assinada na quinta-feira 15, a decis\u00e3o determina que Silveira tem de pagar outra porrada de dinheiro, mais R$ 2,6 milh\u00f5es \u00e0 Justi\u00e7a. Somadas, as penalidades chegam a R$ 7 milh\u00f5es.<br>Segundo Moraes, Daniel Silveira teria cometido 175 \u201cinfra\u00e7\u00f5es\u201d, desde o in\u00edcio do cumprimento de medidas cautelares estabelecidas pela Corte.<br>Em abril deste ano,&nbsp;<strong>o presidente Jair Bolsonaro concedeu um indulto a Silveira<\/strong>, livrando o parlamentar de uma condena\u00e7\u00e3o do STF, essas multas seriam uma forma do ministro se vingar de Daniel Silveira. Em linhas gerais, eventuais crimes cometidos pelo congressista deixaram de existir naquele momento. \u00c0 \u00e9poca, juristas ouvidos por&nbsp;<strong>Oeste&nbsp;<\/strong>afirmaram que Silveira tamb\u00e9m conseguiria manter os seus direitos pol\u00edticos e sair candidato ao&nbsp;Senado, como desejava.<br>Mesmo assim, o parlamentar foi impedido de&nbsp;disputar&nbsp;a Casa e continua recebendo&nbsp;multas, em virtude de supostas viola\u00e7\u00f5es de uso da tornozeleira eletr\u00f4nica.<\/figcaption><\/figure>\n\n\n\n<!--more-->\n\n\n\n<figure class=\"wp-block-embed is-type-wp-embed is-provider-nnf wp-block-embed-nnf\"><div class=\"wp-block-embed__wrapper\">\n<blockquote class=\"wp-embedded-content\" data-secret=\"yZUXDIcVeA\"><a href=\"https:\/\/noticiasnoface.com.br\/index.php\/2022\/06\/14\/urgente-pgr-pede-extincao-da-pena-de-daniel-silveira\/\">URGENTE- PGR pede extin\u00e7\u00e3o da pena de Daniel Silveira<\/a><\/blockquote><iframe class=\"wp-embedded-content\" sandbox=\"allow-scripts\" security=\"restricted\" style=\"position: absolute; visibility: hidden;\" title=\"&#8220;URGENTE- PGR pede extin\u00e7\u00e3o da pena de Daniel Silveira&#8221; &#8212; NOTICIAS NO FACE\" src=\"https:\/\/noticiasnoface.com.br\/index.php\/2022\/06\/14\/urgente-pgr-pede-extincao-da-pena-de-daniel-silveira\/embed\/#?secret=4DWmMvjla9#?secret=yZUXDIcVeA\" data-secret=\"yZUXDIcVeA\" width=\"500\" height=\"282\" frameborder=\"0\" marginwidth=\"0\" marginheight=\"0\" scrolling=\"no\"><\/iframe>\n<\/div><\/figure>\n\n\n\n<figure class=\"wp-block-embed is-type-wp-embed is-provider-nnf wp-block-embed-nnf\"><div class=\"wp-block-embed__wrapper\">\n<blockquote class=\"wp-embedded-content\" data-secret=\"abdCaBljX6\"><a href=\"https:\/\/noticiasnoface.com.br\/index.php\/2022\/05\/20\/alexandre-de-moraes-manda-bloquear-tudo-de-daniel-silveira\/\">Alexandre de Moraes manda bloquear tudo de Daniel Silveira<\/a><\/blockquote><iframe class=\"wp-embedded-content\" sandbox=\"allow-scripts\" security=\"restricted\" style=\"position: absolute; visibility: hidden;\" title=\"&#8220;Alexandre de Moraes manda bloquear tudo de Daniel Silveira&#8221; &#8212; NOTICIAS NO FACE\" src=\"https:\/\/noticiasnoface.com.br\/index.php\/2022\/05\/20\/alexandre-de-moraes-manda-bloquear-tudo-de-daniel-silveira\/embed\/#?secret=t6HqJ660CB#?secret=abdCaBljX6\" data-secret=\"abdCaBljX6\" width=\"500\" height=\"282\" frameborder=\"0\" marginwidth=\"0\" marginheight=\"0\" scrolling=\"no\"><\/iframe>\n<\/div><\/figure>\n","protected":false},"excerpt":{"rendered":"","protected":false},"author":1,"featured_media":0,"comment_status":"open","ping_status":"open","sticky":false,"template":"","format":"standard","meta":{"site-sidebar-layout":"default","site-content-layout":"","ast-site-content-layout":"default","site-content-style":"default","site-sidebar-style":"default","ast-global-header-display":"","ast-banner-title-visibility":"","ast-main-header-display":"","ast-hfb-above-header-display":"","ast-hfb-below-header-display":"","ast-hfb-mobile-header-display":"","site-post-title":"","ast-breadcrumbs-content":"","ast-featured-img":"","footer-sml-layout":"","ast-disable-related-posts":"","theme-transparent-header-meta":"","adv-header-id-meta":"","stick-header-meta":"","header-above-stick-meta":"","header-main-stick-meta":"","header-below-stick-meta":"","astra-migrate-meta-layouts":"default","ast-page-background-enabled":"default","ast-page-background-meta":{"desktop":{"background-color":"var(--ast-global-color-4)","background-image":"","background-repeat":"repeat","background-position":"center center","background-size":"auto","background-attachment":"scroll","background-type":"","background-media":"","overlay-type":"","overlay-color":"","overlay-opacity":"","overlay-gradient":""},"tablet":{"background-color":"","background-image":"","background-repeat":"repeat","background-position":"center center","background-size":"auto","background-attachment":"scroll","background-type":"","background-media":"","overlay-type":"","overlay-color":"","overlay-opacity":"","overlay-gradient":""},"mobile":{"background-color":"","background-image":"","background-repeat":"repeat","background-position":"center center","background-size":"auto","background-attachment":"scroll","background-type":"","background-media":"","overlay-type":"","overlay-color":"","overlay-opacity":"","overlay-gradient":""}},"ast-content-background-meta":{"desktop":{"background-color":"var(--ast-global-color-5)","background-image":"","background-repeat":"repeat","background-position":"center center","background-size":"auto","background-attachment":"scroll","background-type":"","background-media":"","overlay-type":"","overlay-color":"","overlay-opacity":"","overlay-gradient":""},"tablet":{"background-color":"var(--ast-global-color-5)","background-image":"","background-repeat":"repeat","background-position":"center center","background-size":"auto","background-attachment":"scroll","background-type":"","background-media":"","overlay-type":"","overlay-color":"","overlay-opacity":"","overlay-gradient":""},"mobile":{"background-color":"var(--ast-global-color-5)","background-image":"","background-repeat":"repeat","background-position":"center center","background-size":"auto","background-attachment":"scroll","background-type":"","background-media":"","overlay-type":"","overlay-color":"","overlay-opacity":"","overlay-gradient":""}},"footnotes":""},"categories":[517],"tags":[303,126,50,199,28],"class_list":["post-13530","post","type-post","status-publish","format-standard","hentry","category-aconteceu","tag-daniel-silveira","tag-ministro-alexandre-de-moraes","tag-noticias-do-face","tag-noticiasnoface","tag-stf-bolsonaro"],"_links":{"self":[{"href":"https:\/\/noticiasnoface.com.br\/index.php\/wp-json\/wp\/v2\/posts\/13530","targetHints":{"allow":["GET"]}}],"collection":[{"href":"https:\/\/noticiasnoface.com.br\/index.php\/wp-json\/wp\/v2\/posts"}],"about":[{"href":"https:\/\/noticiasnoface.com.br\/index.php\/wp-json\/wp\/v2\/types\/post"}],"author":[{"embeddable":true,"href":"https:\/\/noticiasnoface.com.br\/index.php\/wp-json\/wp\/v2\/users\/1"}],"replies":[{"embeddable":true,"href":"https:\/\/noticiasnoface.com.br\/index.php\/wp-json\/wp\/v2\/comments?post=13530"}],"version-history":[{"count":2,"href":"https:\/\/noticiasnoface.com.br\/index.php\/wp-json\/wp\/v2\/posts\/13530\/revisions"}],"predecessor-version":[{"id":13533,"href":"https:\/\/noticiasnoface.com.br\/index.php\/wp-json\/wp\/v2\/posts\/13530\/revisions\/13533"}],"wp:attachment":[{"href":"https:\/\/noticiasnoface.com.br\/index.php\/wp-json\/wp\/v2\/media?parent=13530"}],"wp:term":[{"taxonomy":"category","embeddable":true,"href":"https:\/\/noticiasnoface.com.br\/index.php\/wp-json\/wp\/v2\/categories?post=13530"},{"taxonomy":"post_tag","embeddable":true,"href":"https:\/\/noticiasnoface.com.br\/index.php\/wp-json\/wp\/v2\/tags?post=13530"}],"curies":[{"name":"wp","href":"https:\/\/api.w.org\/{rel}","templated":true}]}}