{"id":13537,"date":"2022-12-20T08:47:14","date_gmt":"2022-12-20T11:47:14","guid":{"rendered":"https:\/\/noticiasnoface.com.br\/?p=13537"},"modified":"2022-12-20T08:47:15","modified_gmt":"2022-12-20T11:47:15","slug":"e-claro-que-o-crime-compensa-no-brasil","status":"publish","type":"post","link":"https:\/\/noticiasnoface.com.br\/index.php\/2022\/12\/20\/e-claro-que-o-crime-compensa-no-brasil\/","title":{"rendered":"\u00c9 claro que o crime compensa no Brasil"},"content":{"rendered":"\n<figure class=\"wp-block-image size-large\"><img data-opt-id=1796161515  fetchpriority=\"high\" decoding=\"async\" width=\"1024\" height=\"594\" src=\"https:\/\/mlbfrsat7ahr.i.optimole.com\/w:1024\/h:594\/q:mauto\/ig:avif\/https:\/\/noticiasnoface.com.br\/wp-content\/uploads\/2022\/12\/Sergio-Cabral-e-recebido-pelo-filho.webp\" alt=\"\" class=\"wp-image-13538\" srcset=\"https:\/\/mlbfrsat7ahr.i.optimole.com\/w:1024\/h:594\/q:mauto\/ig:avif\/https:\/\/noticiasnoface.com.br\/wp-content\/uploads\/2022\/12\/Sergio-Cabral-e-recebido-pelo-filho.webp 1024w, https:\/\/mlbfrsat7ahr.i.optimole.com\/w:300\/h:174\/q:mauto\/ig:avif\/https:\/\/noticiasnoface.com.br\/wp-content\/uploads\/2022\/12\/Sergio-Cabral-e-recebido-pelo-filho.webp 300w, https:\/\/mlbfrsat7ahr.i.optimole.com\/w:768\/h:445\/q:mauto\/ig:avif\/https:\/\/noticiasnoface.com.br\/wp-content\/uploads\/2022\/12\/Sergio-Cabral-e-recebido-pelo-filho.webp 768w, https:\/\/mlbfrsat7ahr.i.optimole.com\/w:1242\/h:720\/q:mauto\/ig:avif\/https:\/\/noticiasnoface.com.br\/wp-content\/uploads\/2022\/12\/Sergio-Cabral-e-recebido-pelo-filho.webp 1242w\" sizes=\"(max-width: 1000px) 100vw, 1000px\" \/><figcaption class=\"wp-element-caption\">Sergio Cabral esta solto. Apos desviar mais de 4 bilh\u00f5es de reais e condenado a 400 anos de cadeia, o ex-governador Sergio Cabral esta em apartamento de luxo em Copacabana. No domingo enquanto o Brasil assistia a final da copa do mundo entre Fran\u00e7a e Argentina, o ministro do STF soltava Cabral. <\/figcaption><\/figure>\n\n\n\n<h2 class=\"wp-block-heading\">A DEFESA E A PIADA<\/h2>\n\n\n\n<p>A defesa diz que respeitara toda a decis\u00e3o judicial no que refere as condi\u00e7\u00f5es de soltura de SERGIO CABRAL. As condi\u00e7\u00f5es s\u00e3o uma verdadeira piada, tipo, fica proibido Sergio Cabral Fazer festas com banda, proibido receber desconhecidos, caso precise viajar tem que pedir autoriza\u00e7\u00e3o. <\/p>\n\n\n\n<h2 class=\"wp-block-heading\">NO BRASIL O CRIME COMPENSA SIM<\/h2>\n\n\n\n<p>Claro que compensa, veja bem, o cara roubou 4 bilh\u00f5es, BI-LHOES&#8230;.ficou preso 6 anos e foi pra casa. Agora arruma uma doen\u00e7a, um bom advogado e vai ser feliz com ate a quinta gera\u00e7\u00e3o milion\u00e1ria.<\/p>\n","protected":false},"excerpt":{"rendered":"<p>A DEFESA E A PIADA A defesa diz que respeitara toda a decis\u00e3o judicial no que refere as condi\u00e7\u00f5es de [&hellip;]<\/p>\n","protected":false},"author":1,"featured_media":0,"comment_status":"open","ping_status":"open","sticky":false,"template":"","format":"standard","meta":{"site-sidebar-layout":"default","site-content-layout":"","ast-site-content-layout":"default","site-content-style":"default","site-sidebar-style":"default","ast-global-header-display":"","ast-banner-title-visibility":"","ast-main-header-display":"","ast-hfb-above-header-display":"","ast-hfb-below-header-display":"","ast-hfb-mobile-header-display":"","site-post-title":"","ast-breadcrumbs-content":"","ast-featured-img":"","footer-sml-layout":"","ast-disable-related-posts":"","theme-transparent-header-meta":"","adv-header-id-meta":"","stick-header-meta":"","header-above-stick-meta":"","header-main-stick-meta":"","header-below-stick-meta":"","astra-migrate-meta-layouts":"default","ast-page-background-enabled":"default","ast-page-background-meta":{"desktop":{"background-color":"var(--ast-global-color-4)","background-image":"","background-repeat":"repeat","background-position":"center center","background-size":"auto","background-attachment":"scroll","background-type":"","background-media":"","overlay-type":"","overlay-color":"","overlay-opacity":"","overlay-gradient":""},"tablet":{"background-color":"","background-image":"","background-repeat":"repeat","background-position":"center center","background-size":"auto","background-attachment":"scroll","background-type":"","background-media":"","overlay-type":"","overlay-color":"","overlay-opacity":"","overlay-gradient":""},"mobile":{"background-color":"","background-image":"","background-repeat":"repeat","background-position":"center center","background-size":"auto","background-attachment":"scroll","background-type":"","background-media":"","overlay-type":"","overlay-color":"","overlay-opacity":"","overlay-gradient":""}},"ast-content-background-meta":{"desktop":{"background-color":"var(--ast-global-color-5)","background-image":"","background-repeat":"repeat","background-position":"center center","background-size":"auto","background-attachment":"scroll","background-type":"","background-media":"","overlay-type":"","overlay-color":"","overlay-opacity":"","overlay-gradient":""},"tablet":{"background-color":"var(--ast-global-color-5)","background-image":"","background-repeat":"repeat","background-position":"center center","background-size":"auto","background-attachment":"scroll","background-type":"","background-media":"","overlay-type":"","overlay-color":"","overlay-opacity":"","overlay-gradient":""},"mobile":{"background-color":"var(--ast-global-color-5)","background-image":"","background-repeat":"repeat","background-position":"center center","background-size":"auto","background-attachment":"scroll","background-type":"","background-media":"","overlay-type":"","overlay-color":"","overlay-opacity":"","overlay-gradient":""}},"footnotes":""},"categories":[517],"tags":[776,1434,22,2298,2285,2286],"class_list":["post-13537","post","type-post","status-publish","format-standard","hentry","category-aconteceu","tag-gilmar-mendes","tag-noticias-do-face-2","tag-noticias-no-face","tag-o-crime-compensa","tag-sergio-cabral-2","tag-solto"],"_links":{"self":[{"href":"https:\/\/noticiasnoface.com.br\/index.php\/wp-json\/wp\/v2\/posts\/13537","targetHints":{"allow":["GET"]}}],"collection":[{"href":"https:\/\/noticiasnoface.com.br\/index.php\/wp-json\/wp\/v2\/posts"}],"about":[{"href":"https:\/\/noticiasnoface.com.br\/index.php\/wp-json\/wp\/v2\/types\/post"}],"author":[{"embeddable":true,"href":"https:\/\/noticiasnoface.com.br\/index.php\/wp-json\/wp\/v2\/users\/1"}],"replies":[{"embeddable":true,"href":"https:\/\/noticiasnoface.com.br\/index.php\/wp-json\/wp\/v2\/comments?post=13537"}],"version-history":[{"count":1,"href":"https:\/\/noticiasnoface.com.br\/index.php\/wp-json\/wp\/v2\/posts\/13537\/revisions"}],"predecessor-version":[{"id":13539,"href":"https:\/\/noticiasnoface.com.br\/index.php\/wp-json\/wp\/v2\/posts\/13537\/revisions\/13539"}],"wp:attachment":[{"href":"https:\/\/noticiasnoface.com.br\/index.php\/wp-json\/wp\/v2\/media?parent=13537"}],"wp:term":[{"taxonomy":"category","embeddable":true,"href":"https:\/\/noticiasnoface.com.br\/index.php\/wp-json\/wp\/v2\/categories?post=13537"},{"taxonomy":"post_tag","embeddable":true,"href":"https:\/\/noticiasnoface.com.br\/index.php\/wp-json\/wp\/v2\/tags?post=13537"}],"curies":[{"name":"wp","href":"https:\/\/api.w.org\/{rel}","templated":true}]}}