{"id":13540,"date":"2022-12-20T10:11:33","date_gmt":"2022-12-20T13:11:33","guid":{"rendered":"https:\/\/noticiasnoface.com.br\/?p=13540"},"modified":"2022-12-20T10:11:35","modified_gmt":"2022-12-20T13:11:35","slug":"paulinho-freire-e-diplomado-deputado-federal","status":"publish","type":"post","link":"https:\/\/noticiasnoface.com.br\/index.php\/2022\/12\/20\/paulinho-freire-e-diplomado-deputado-federal\/","title":{"rendered":"Paulinho Freire \u00e9 diplomado deputado Federal"},"content":{"rendered":"\n<figure class=\"wp-block-image size-large\"><img data-opt-id=382630310  fetchpriority=\"high\" decoding=\"async\" width=\"922\" height=\"1024\" src=\"https:\/\/mlbfrsat7ahr.i.optimole.com\/w:922\/h:1024\/q:mauto\/ig:avif\/https:\/\/noticiasnoface.com.br\/wp-content\/uploads\/2022\/12\/C8B7E04E-17B8-4DD7-B1E3-DA23D9D90011.jpeg\" alt=\"\" class=\"wp-image-13541\" srcset=\"https:\/\/mlbfrsat7ahr.i.optimole.com\/w:922\/h:1024\/q:mauto\/ig:avif\/https:\/\/noticiasnoface.com.br\/wp-content\/uploads\/2022\/12\/C8B7E04E-17B8-4DD7-B1E3-DA23D9D90011.jpeg 922w, https:\/\/mlbfrsat7ahr.i.optimole.com\/w:270\/h:300\/q:mauto\/ig:avif\/https:\/\/noticiasnoface.com.br\/wp-content\/uploads\/2022\/12\/C8B7E04E-17B8-4DD7-B1E3-DA23D9D90011.jpeg 270w, https:\/\/mlbfrsat7ahr.i.optimole.com\/w:768\/h:853\/q:mauto\/ig:avif\/https:\/\/noticiasnoface.com.br\/wp-content\/uploads\/2022\/12\/C8B7E04E-17B8-4DD7-B1E3-DA23D9D90011.jpeg 768w, https:\/\/mlbfrsat7ahr.i.optimole.com\/w:972\/h:1080\/q:mauto\/ig:avif\/https:\/\/noticiasnoface.com.br\/wp-content\/uploads\/2022\/12\/C8B7E04E-17B8-4DD7-B1E3-DA23D9D90011.jpeg 1242w\" sizes=\"(max-width: 922px) 100vw, 922px\" \/><figcaption class=\"wp-element-caption\">O Tribunal Regional Eleitoral do Rio Grande do Norte (TRE\/RN) diplomou, nesta segunda-feira (19), os 37 candidatos eleitos pelo RN no pleito eleitoral de 2022, em solenidade realizada no audit\u00f3rio do Centro de Opera\u00e7\u00f5es da Justi\u00e7a Eleitoral (COJE), no bairro do Tirol. A diploma\u00e7\u00e3o foi conduzida pelo presidente da Corte Eleitoral, desembargador Corn\u00e9lio Alves, e contou com a presen\u00e7a de membros do judici\u00e1rio, autoridades civis e militares, familiares dos diplomados, convidados e imprensa.\u00a0<\/figcaption><\/figure>\n\n\n\n<h2 class=\"wp-block-heading\">Federal<\/h2>\n\n\n\n<p>O vereador Paulinho Freire (Uni\u00e3o Brasil), diplomado deputado federal, que j\u00e1 chega com a experi\u00eancia de ser vereador por seis vezes, deputado estadual e vice-prefeito, falou da expectativa em servir ao Estado. \u201cAgora o meu trabalho n\u00e3o ser\u00e1 s\u00f3 voltado a Natal. O nosso mandato quer ajudar o nosso Brasil a se desenvolver, principalmente na \u00e1rea de gera\u00e7\u00e3o de emprego e renda, pois sabemos que grande parte desta crise social \u00e9 gerada pela falta de emprego no pa\u00eds. Queremos dar a nossa parcela de contribui\u00e7\u00e3o ajudando com bons projetos, fazendo com que o RN seja reconhecido e nossas emendas ajudem a trazer recursos para o estado\u201d, destacou.\u00a0<\/p>\n","protected":false},"excerpt":{"rendered":"<p>Federal O vereador Paulinho Freire (Uni\u00e3o Brasil), diplomado deputado federal, que j\u00e1 chega com a experi\u00eancia de ser vereador por [&hellip;]<\/p>\n","protected":false},"author":1,"featured_media":0,"comment_status":"open","ping_status":"open","sticky":false,"template":"","format":"standard","meta":{"site-sidebar-layout":"default","site-content-layout":"","ast-site-content-layout":"default","site-content-style":"default","site-sidebar-style":"default","ast-global-header-display":"","ast-banner-title-visibility":"","ast-main-header-display":"","ast-hfb-above-header-display":"","ast-hfb-below-header-display":"","ast-hfb-mobile-header-display":"","site-post-title":"","ast-breadcrumbs-content":"","ast-featured-img":"","footer-sml-layout":"","ast-disable-related-posts":"","theme-transparent-header-meta":"","adv-header-id-meta":"","stick-header-meta":"","header-above-stick-meta":"","header-main-stick-meta":"","header-below-stick-meta":"","astra-migrate-meta-layouts":"default","ast-page-background-enabled":"default","ast-page-background-meta":{"desktop":{"background-color":"var(--ast-global-color-4)","background-image":"","background-repeat":"repeat","background-position":"center center","background-size":"auto","background-attachment":"scroll","background-type":"","background-media":"","overlay-type":"","overlay-color":"","overlay-opacity":"","overlay-gradient":""},"tablet":{"background-color":"","background-image":"","background-repeat":"repeat","background-position":"center center","background-size":"auto","background-attachment":"scroll","background-type":"","background-media":"","overlay-type":"","overlay-color":"","overlay-opacity":"","overlay-gradient":""},"mobile":{"background-color":"","background-image":"","background-repeat":"repeat","background-position":"center center","background-size":"auto","background-attachment":"scroll","background-type":"","background-media":"","overlay-type":"","overlay-color":"","overlay-opacity":"","overlay-gradient":""}},"ast-content-background-meta":{"desktop":{"background-color":"var(--ast-global-color-5)","background-image":"","background-repeat":"repeat","background-position":"center center","background-size":"auto","background-attachment":"scroll","background-type":"","background-media":"","overlay-type":"","overlay-color":"","overlay-opacity":"","overlay-gradient":""},"tablet":{"background-color":"var(--ast-global-color-5)","background-image":"","background-repeat":"repeat","background-position":"center center","background-size":"auto","background-attachment":"scroll","background-type":"","background-media":"","overlay-type":"","overlay-color":"","overlay-opacity":"","overlay-gradient":""},"mobile":{"background-color":"var(--ast-global-color-5)","background-image":"","background-repeat":"repeat","background-position":"center center","background-size":"auto","background-attachment":"scroll","background-type":"","background-media":"","overlay-type":"","overlay-color":"","overlay-opacity":"","overlay-gradient":""}},"footnotes":""},"categories":[517],"tags":[1642,2299,50,22,199,1287],"class_list":["post-13540","post","type-post","status-publish","format-standard","hentry","category-aconteceu","tag-deputado-federal","tag-diplomado","tag-noticias-do-face","tag-noticias-no-face","tag-noticiasnoface","tag-paulinho-freire"],"_links":{"self":[{"href":"https:\/\/noticiasnoface.com.br\/index.php\/wp-json\/wp\/v2\/posts\/13540","targetHints":{"allow":["GET"]}}],"collection":[{"href":"https:\/\/noticiasnoface.com.br\/index.php\/wp-json\/wp\/v2\/posts"}],"about":[{"href":"https:\/\/noticiasnoface.com.br\/index.php\/wp-json\/wp\/v2\/types\/post"}],"author":[{"embeddable":true,"href":"https:\/\/noticiasnoface.com.br\/index.php\/wp-json\/wp\/v2\/users\/1"}],"replies":[{"embeddable":true,"href":"https:\/\/noticiasnoface.com.br\/index.php\/wp-json\/wp\/v2\/comments?post=13540"}],"version-history":[{"count":1,"href":"https:\/\/noticiasnoface.com.br\/index.php\/wp-json\/wp\/v2\/posts\/13540\/revisions"}],"predecessor-version":[{"id":13542,"href":"https:\/\/noticiasnoface.com.br\/index.php\/wp-json\/wp\/v2\/posts\/13540\/revisions\/13542"}],"wp:attachment":[{"href":"https:\/\/noticiasnoface.com.br\/index.php\/wp-json\/wp\/v2\/media?parent=13540"}],"wp:term":[{"taxonomy":"category","embeddable":true,"href":"https:\/\/noticiasnoface.com.br\/index.php\/wp-json\/wp\/v2\/categories?post=13540"},{"taxonomy":"post_tag","embeddable":true,"href":"https:\/\/noticiasnoface.com.br\/index.php\/wp-json\/wp\/v2\/tags?post=13540"}],"curies":[{"name":"wp","href":"https:\/\/api.w.org\/{rel}","templated":true}]}}