{"id":13545,"date":"2022-12-20T13:19:30","date_gmt":"2022-12-20T16:19:30","guid":{"rendered":"https:\/\/noticiasnoface.com.br\/?p=13545"},"modified":"2022-12-20T15:07:08","modified_gmt":"2022-12-20T18:07:08","slug":"o-que-a-governadora-precisa-mesmo-e-de-um-dentista","status":"publish","type":"post","link":"https:\/\/noticiasnoface.com.br\/index.php\/2022\/12\/20\/o-que-a-governadora-precisa-mesmo-e-de-um-dentista\/","title":{"rendered":"O que a governadora precisa mesmo \u00e9 de um dentista!"},"content":{"rendered":"\n<figure class=\"wp-block-image size-large\"><img data-opt-id=1496385453  fetchpriority=\"high\" decoding=\"async\" width=\"215\" height=\"300\" src=\"https:\/\/mlbfrsat7ahr.i.optimole.com\/w:215\/h:300\/q:mauto\/ig:avif\/https:\/\/noticiasnoface.com.br\/wp-content\/uploads\/2022\/12\/image-2.jpg\" alt=\"\" class=\"wp-image-13552\" srcset=\"https:\/\/mlbfrsat7ahr.i.optimole.com\/w:215\/h:300\/q:mauto\/ig:avif\/https:\/\/noticiasnoface.com.br\/wp-content\/uploads\/2022\/12\/image-2.jpg 215w, https:\/\/mlbfrsat7ahr.i.optimole.com\/w:411\/h:573\/q:mauto\/ig:avif\/https:\/\/noticiasnoface.com.br\/wp-content\/uploads\/2022\/12\/image-2.jpg 411w\" sizes=\"(max-width: 215px) 100vw, 215px\" \/><figcaption class=\"wp-element-caption\">Olha a falta que faz a familia, uma pessoa que queira de verdade o melhor pra vc e diga verdades indigestas, e n\u00e3o pessoas interesseiras e que n\u00e3o falam o que deve ser falado.<br \/>\u00c9 o caso da governadora do RN, ontem aconteceu a diploma\u00e7\u00e3o dos eleitos, todos asseiados, bem cuidados, a\u00ed vem a a governadora, uma vergonha uma autoridade, representante do povo, com condi\u00e7\u00f5es financeiras n\u00e3o ser minimamente &#8220;apresent\u00e1vel&#8221;. Ontem na diploma\u00e7\u00e3o ela foi da uma entrevista, quando abriu a boca os dentes parecia uma denti\u00e7\u00e3o de indigente , dentes amarelados, cheios de t\u00e1rtaros, tudo esculhambado, a cara do desleixo.<br \/>Aten\u00e7\u00e3o Raimundinho, omi pelo amor de Deus leve essa mulher a um dentista popular <br \/>, fazer uma limpeza, uma clareamento e arruma essa cremalheira, se lembre que ela representa a todos, inclusive infelizmente a mim tamb\u00e9m!<\/figcaption><\/figure>\n","protected":false},"excerpt":{"rendered":"","protected":false},"author":1,"featured_media":0,"comment_status":"open","ping_status":"open","sticky":false,"template":"","format":"standard","meta":{"site-sidebar-layout":"default","site-content-layout":"","ast-site-content-layout":"default","site-content-style":"default","site-sidebar-style":"default","ast-global-header-display":"","ast-banner-title-visibility":"","ast-main-header-display":"","ast-hfb-above-header-display":"","ast-hfb-below-header-display":"","ast-hfb-mobile-header-display":"","site-post-title":"","ast-breadcrumbs-content":"","ast-featured-img":"","footer-sml-layout":"","ast-disable-related-posts":"","theme-transparent-header-meta":"","adv-header-id-meta":"","stick-header-meta":"","header-above-stick-meta":"","header-main-stick-meta":"","header-below-stick-meta":"","astra-migrate-meta-layouts":"default","ast-page-background-enabled":"default","ast-page-background-meta":{"desktop":{"background-color":"var(--ast-global-color-4)","background-image":"","background-repeat":"repeat","background-position":"center center","background-size":"auto","background-attachment":"scroll","background-type":"","background-media":"","overlay-type":"","overlay-color":"","overlay-opacity":"","overlay-gradient":""},"tablet":{"background-color":"","background-image":"","background-repeat":"repeat","background-position":"center center","background-size":"auto","background-attachment":"scroll","background-type":"","background-media":"","overlay-type":"","overlay-color":"","overlay-opacity":"","overlay-gradient":""},"mobile":{"background-color":"","background-image":"","background-repeat":"repeat","background-position":"center center","background-size":"auto","background-attachment":"scroll","background-type":"","background-media":"","overlay-type":"","overlay-color":"","overlay-opacity":"","overlay-gradient":""}},"ast-content-background-meta":{"desktop":{"background-color":"var(--ast-global-color-5)","background-image":"","background-repeat":"repeat","background-position":"center center","background-size":"auto","background-attachment":"scroll","background-type":"","background-media":"","overlay-type":"","overlay-color":"","overlay-opacity":"","overlay-gradient":""},"tablet":{"background-color":"var(--ast-global-color-5)","background-image":"","background-repeat":"repeat","background-position":"center center","background-size":"auto","background-attachment":"scroll","background-type":"","background-media":"","overlay-type":"","overlay-color":"","overlay-opacity":"","overlay-gradient":""},"mobile":{"background-color":"var(--ast-global-color-5)","background-image":"","background-repeat":"repeat","background-position":"center center","background-size":"auto","background-attachment":"scroll","background-type":"","background-media":"","overlay-type":"","overlay-color":"","overlay-opacity":"","overlay-gradient":""}},"footnotes":""},"categories":[517],"tags":[2300,145,50,22],"class_list":["post-13545","post","type-post","status-publish","format-standard","hentry","category-aconteceu","tag-dentista","tag-governadora-do-rn","tag-noticias-do-face","tag-noticias-no-face"],"_links":{"self":[{"href":"https:\/\/noticiasnoface.com.br\/index.php\/wp-json\/wp\/v2\/posts\/13545","targetHints":{"allow":["GET"]}}],"collection":[{"href":"https:\/\/noticiasnoface.com.br\/index.php\/wp-json\/wp\/v2\/posts"}],"about":[{"href":"https:\/\/noticiasnoface.com.br\/index.php\/wp-json\/wp\/v2\/types\/post"}],"author":[{"embeddable":true,"href":"https:\/\/noticiasnoface.com.br\/index.php\/wp-json\/wp\/v2\/users\/1"}],"replies":[{"embeddable":true,"href":"https:\/\/noticiasnoface.com.br\/index.php\/wp-json\/wp\/v2\/comments?post=13545"}],"version-history":[{"count":10,"href":"https:\/\/noticiasnoface.com.br\/index.php\/wp-json\/wp\/v2\/posts\/13545\/revisions"}],"predecessor-version":[{"id":13557,"href":"https:\/\/noticiasnoface.com.br\/index.php\/wp-json\/wp\/v2\/posts\/13545\/revisions\/13557"}],"wp:attachment":[{"href":"https:\/\/noticiasnoface.com.br\/index.php\/wp-json\/wp\/v2\/media?parent=13545"}],"wp:term":[{"taxonomy":"category","embeddable":true,"href":"https:\/\/noticiasnoface.com.br\/index.php\/wp-json\/wp\/v2\/categories?post=13545"},{"taxonomy":"post_tag","embeddable":true,"href":"https:\/\/noticiasnoface.com.br\/index.php\/wp-json\/wp\/v2\/tags?post=13545"}],"curies":[{"name":"wp","href":"https:\/\/api.w.org\/{rel}","templated":true}]}}