{"id":13565,"date":"2022-12-21T07:22:09","date_gmt":"2022-12-21T10:22:09","guid":{"rendered":"https:\/\/noticiasnoface.com.br\/?p=13565"},"modified":"2022-12-21T07:22:10","modified_gmt":"2022-12-21T10:22:10","slug":"bolsonaro-renova-concessao-da-rede-globo-por-15-anos","status":"publish","type":"post","link":"https:\/\/noticiasnoface.com.br\/index.php\/2022\/12\/21\/bolsonaro-renova-concessao-da-rede-globo-por-15-anos\/","title":{"rendered":"Bolsonaro renova concess\u00e3o da Rede Globo por 15 anos"},"content":{"rendered":"\n<figure class=\"wp-block-image size-full\"><img data-opt-id=1287208450  fetchpriority=\"high\" decoding=\"async\" width=\"320\" height=\"200\" src=\"https:\/\/mlbfrsat7ahr.i.optimole.com\/w:auto\/h:auto\/q:mauto\/ig:avif\/https:\/\/noticiasnoface.com.br\/wp-content\/uploads\/2022\/12\/B35335FA-7512-4B70-89D6-0010404AF5DD.webp\" alt=\"\" class=\"wp-image-13566\" srcset=\"https:\/\/mlbfrsat7ahr.i.optimole.com\/w:320\/h:200\/q:mauto\/ig:avif\/https:\/\/noticiasnoface.com.br\/wp-content\/uploads\/2022\/12\/B35335FA-7512-4B70-89D6-0010404AF5DD.webp 320w, https:\/\/mlbfrsat7ahr.i.optimole.com\/w:300\/h:188\/q:mauto\/ig:avif\/https:\/\/noticiasnoface.com.br\/wp-content\/uploads\/2022\/12\/B35335FA-7512-4B70-89D6-0010404AF5DD.webp 300w\" sizes=\"(max-width: 320px) 100vw, 320px\" \/><figcaption class=\"wp-element-caption\">Acabou a novela. Jair Bolsonaro assinou a renova\u00e7\u00e3o da concess\u00e3o das 5 emissoras pr\u00f3prias do Grupo Globo. A nova outorga valer\u00e1 at\u00e9 2037.\u00a0<br>Mesmo antes de assumir o mandato, o presidente come\u00e7ou a enviar recados ao canal l\u00edder em audi\u00eancia a respeito da continuidade no ar.\u00a0<br>O auge da tens\u00e3o aconteceu em outubro de 2019. Em uma transmiss\u00e3o na internet, um col\u00e9rico Bolsonaro subiu o tom contra seu maior inimigo na m\u00eddia.\u00a0<br>\u201cTemos uma conversa em 2022. Eu tenho que estar morto at\u00e9 l\u00e1, no processo de renova\u00e7\u00e3o (da concess\u00e3o) de voc\u00eas. N\u00e3o vai ser persegui\u00e7\u00e3o. Mas o processo tem que estar enxuto, tem que estar legal. N\u00e3o vai ter jeitinho para voc\u00eas nem para ningu\u00e9m.\u201d\u00a0<br><br>Apoiadores do presidente espalharam nas redes sociais que a Globo tinha \u201cd\u00edvidas bilion\u00e1rias\u201d com a Uni\u00e3o, o que seria usado como argumento para negar a renova\u00e7\u00e3o.\u00a0<br>Duas semanas antes do prazo final, \u00e0s v\u00e9speras do 1\u00b0 turno das elei\u00e7\u00f5es deste ano, o grupo do cl\u00e3 Marinho protocolou no Minist\u00e9rio das Comunica\u00e7\u00f5es o pedido de mais 15 anos de licen\u00e7a de transmiss\u00e3o.\u00a0<br>Os t\u00e9cnicos da pasta reviraram as situa\u00e7\u00f5es fiscal, econ\u00f4mica e trabalhista da emissora. N\u00e3o encontraram nada que impedisse a renova\u00e7\u00e3o.<br>Sem nada concreto contra a\u00a0Globo, Bolsonaro adiou ao m\u00e1ximo, por\u00e9m, acabou assinando o decreto.<\/figcaption><\/figure>\n\n\n\n<figure class=\"wp-block-image size-full\"><img data-opt-id=1480350157  fetchpriority=\"high\" decoding=\"async\" width=\"600\" height=\"388\" src=\"https:\/\/mlbfrsat7ahr.i.optimole.com\/w:auto\/h:auto\/q:mauto\/ig:avif\/https:\/\/noticiasnoface.com.br\/wp-content\/uploads\/2022\/12\/E7087CBE-6006-4BF4-8FC9-AE04D7A5D461.jpeg\" alt=\"\" class=\"wp-image-13567\" srcset=\"https:\/\/mlbfrsat7ahr.i.optimole.com\/w:600\/h:388\/q:mauto\/ig:avif\/https:\/\/noticiasnoface.com.br\/wp-content\/uploads\/2022\/12\/E7087CBE-6006-4BF4-8FC9-AE04D7A5D461.jpeg 600w, https:\/\/mlbfrsat7ahr.i.optimole.com\/w:300\/h:194\/q:mauto\/ig:avif\/https:\/\/noticiasnoface.com.br\/wp-content\/uploads\/2022\/12\/E7087CBE-6006-4BF4-8FC9-AE04D7A5D461.jpeg 300w\" sizes=\"(max-width: 600px) 100vw, 600px\" \/><figcaption class=\"wp-element-caption\">Ele renovou tamb\u00e9m as outorgas do SBT, da Record e da Band. A portaria ser\u00e1 publicada na edi\u00e7\u00e3o desta quarta-feira (21) do Di\u00e1rio Oficial.\u00a0<br>Havia a expectativa de que o presidente deixasse a decis\u00e3o para Lula, a fim de n\u00e3o dar o bra\u00e7o a torcer em rela\u00e7\u00e3o \u00e0 Globo que tanto criticou e debochou ao longo dos \u00faltimos anos.\u00a0<br>Mas, na pr\u00e1tica, haveria contesta\u00e7\u00e3o p\u00fablica caso ele assinasse a renova\u00e7\u00e3o dos outros canais e deixasse somente a da Globo na gaveta, sem defini\u00e7\u00e3o.\u00a0<br>Para evitar uma pol\u00eamica desnecess\u00e1ria no fim do mandato, Jair Bolsonaro tomou a atitude que deve enfurecer seus eleitores mais radicais, aqueles que gritam \u201cGlobolixo\u201d e pedem o fechamento da emissora.\u00a0<br>N\u00e3o \u00e9 absurdo deduzir que foi tamb\u00e9m um aceno de paz ao canal mais influente do Pa\u00eds. Sem mandato, o futuro ex-presidente vai precisar de espa\u00e7o na m\u00eddia para se manter em evid\u00eancia. A\u00a0Globo oferece a maior vitrine que um pol\u00edtico pode conseguir. Seja de direita ou esquerda.<\/figcaption><\/figure>\n\n\n\n<!--more-->\n\n\n\n<figure class=\"wp-block-embed is-type-wp-embed is-provider-nnf wp-block-embed-nnf\"><div class=\"wp-block-embed__wrapper\">\n<blockquote class=\"wp-embedded-content\" data-secret=\"oripbI7IVr\"><a href=\"https:\/\/noticiasnoface.com.br\/index.php\/2022\/03\/25\/bonner-pedi-desculpa-por-fake-news\/\">Bonner pede desculpa por FAKE NEWS !<\/a><\/blockquote><iframe class=\"wp-embedded-content\" sandbox=\"allow-scripts\" security=\"restricted\" style=\"position: absolute; visibility: hidden;\" title=\"&#8220;Bonner pede desculpa por FAKE NEWS !&#8221; &#8212; NOTICIAS NO FACE\" src=\"https:\/\/noticiasnoface.com.br\/index.php\/2022\/03\/25\/bonner-pedi-desculpa-por-fake-news\/embed\/#?secret=wjs5VXc1oj#?secret=oripbI7IVr\" data-secret=\"oripbI7IVr\" width=\"500\" height=\"282\" frameborder=\"0\" marginwidth=\"0\" marginheight=\"0\" scrolling=\"no\"><\/iframe>\n<\/div><\/figure>\n\n\n\n<figure class=\"wp-block-embed is-type-wp-embed is-provider-nnf wp-block-embed-nnf\"><div class=\"wp-block-embed__wrapper\">\n<blockquote class=\"wp-embedded-content\" data-secret=\"AWR7C2ZcTC\"><a href=\"https:\/\/noticiasnoface.com.br\/index.php\/2022\/08\/22\/vou-dar-um-beijo-em-bonner-brinca-bolsonaro-assistam\/\">\u201cVou dar um beijo em Bonner\u201d brinca Bolsonaro, assistam:<\/a><\/blockquote><iframe class=\"wp-embedded-content\" sandbox=\"allow-scripts\" security=\"restricted\" style=\"position: absolute; visibility: hidden;\" title=\"&#8220;\u201cVou dar um beijo em Bonner\u201d brinca Bolsonaro, assistam:&#8221; &#8212; NOTICIAS NO FACE\" src=\"https:\/\/noticiasnoface.com.br\/index.php\/2022\/08\/22\/vou-dar-um-beijo-em-bonner-brinca-bolsonaro-assistam\/embed\/#?secret=FX0GPWUlAv#?secret=AWR7C2ZcTC\" data-secret=\"AWR7C2ZcTC\" width=\"500\" height=\"282\" frameborder=\"0\" marginwidth=\"0\" marginheight=\"0\" scrolling=\"no\"><\/iframe>\n<\/div><\/figure>\n","protected":false},"excerpt":{"rendered":"","protected":false},"author":1,"featured_media":0,"comment_status":"open","ping_status":"open","sticky":false,"template":"","format":"standard","meta":{"site-sidebar-layout":"default","site-content-layout":"","ast-site-content-layout":"default","site-content-style":"default","site-sidebar-style":"default","ast-global-header-display":"","ast-banner-title-visibility":"","ast-main-header-display":"","ast-hfb-above-header-display":"","ast-hfb-below-header-display":"","ast-hfb-mobile-header-display":"","site-post-title":"","ast-breadcrumbs-content":"","ast-featured-img":"","footer-sml-layout":"","ast-disable-related-posts":"","theme-transparent-header-meta":"","adv-header-id-meta":"","stick-header-meta":"","header-above-stick-meta":"","header-main-stick-meta":"","header-below-stick-meta":"","astra-migrate-meta-layouts":"default","ast-page-background-enabled":"default","ast-page-background-meta":{"desktop":{"background-color":"var(--ast-global-color-4)","background-image":"","background-repeat":"repeat","background-position":"center center","background-size":"auto","background-attachment":"scroll","background-type":"","background-media":"","overlay-type":"","overlay-color":"","overlay-opacity":"","overlay-gradient":""},"tablet":{"background-color":"","background-image":"","background-repeat":"repeat","background-position":"center center","background-size":"auto","background-attachment":"scroll","background-type":"","background-media":"","overlay-type":"","overlay-color":"","overlay-opacity":"","overlay-gradient":""},"mobile":{"background-color":"","background-image":"","background-repeat":"repeat","background-position":"center center","background-size":"auto","background-attachment":"scroll","background-type":"","background-media":"","overlay-type":"","overlay-color":"","overlay-opacity":"","overlay-gradient":""}},"ast-content-background-meta":{"desktop":{"background-color":"var(--ast-global-color-5)","background-image":"","background-repeat":"repeat","background-position":"center center","background-size":"auto","background-attachment":"scroll","background-type":"","background-media":"","overlay-type":"","overlay-color":"","overlay-opacity":"","overlay-gradient":""},"tablet":{"background-color":"var(--ast-global-color-5)","background-image":"","background-repeat":"repeat","background-position":"center center","background-size":"auto","background-attachment":"scroll","background-type":"","background-media":"","overlay-type":"","overlay-color":"","overlay-opacity":"","overlay-gradient":""},"mobile":{"background-color":"var(--ast-global-color-5)","background-image":"","background-repeat":"repeat","background-position":"center center","background-size":"auto","background-attachment":"scroll","background-type":"","background-media":"","overlay-type":"","overlay-color":"","overlay-opacity":"","overlay-gradient":""}},"footnotes":""},"categories":[517],"tags":[2302,8,50,22,199,344,91],"class_list":["post-13565","post","type-post","status-publish","format-standard","hentry","category-aconteceu","tag-15-anos","tag-bolsonaro","tag-noticias-do-face","tag-noticias-no-face","tag-noticiasnoface","tag-presidente-bolsonaro","tag-rede-globo"],"_links":{"self":[{"href":"https:\/\/noticiasnoface.com.br\/index.php\/wp-json\/wp\/v2\/posts\/13565","targetHints":{"allow":["GET"]}}],"collection":[{"href":"https:\/\/noticiasnoface.com.br\/index.php\/wp-json\/wp\/v2\/posts"}],"about":[{"href":"https:\/\/noticiasnoface.com.br\/index.php\/wp-json\/wp\/v2\/types\/post"}],"author":[{"embeddable":true,"href":"https:\/\/noticiasnoface.com.br\/index.php\/wp-json\/wp\/v2\/users\/1"}],"replies":[{"embeddable":true,"href":"https:\/\/noticiasnoface.com.br\/index.php\/wp-json\/wp\/v2\/comments?post=13565"}],"version-history":[{"count":1,"href":"https:\/\/noticiasnoface.com.br\/index.php\/wp-json\/wp\/v2\/posts\/13565\/revisions"}],"predecessor-version":[{"id":13568,"href":"https:\/\/noticiasnoface.com.br\/index.php\/wp-json\/wp\/v2\/posts\/13565\/revisions\/13568"}],"wp:attachment":[{"href":"https:\/\/noticiasnoface.com.br\/index.php\/wp-json\/wp\/v2\/media?parent=13565"}],"wp:term":[{"taxonomy":"category","embeddable":true,"href":"https:\/\/noticiasnoface.com.br\/index.php\/wp-json\/wp\/v2\/categories?post=13565"},{"taxonomy":"post_tag","embeddable":true,"href":"https:\/\/noticiasnoface.com.br\/index.php\/wp-json\/wp\/v2\/tags?post=13565"}],"curies":[{"name":"wp","href":"https:\/\/api.w.org\/{rel}","templated":true}]}}