{"id":13589,"date":"2022-12-22T08:39:31","date_gmt":"2022-12-22T11:39:31","guid":{"rendered":"https:\/\/noticiasnoface.com.br\/?p=13589"},"modified":"2022-12-22T08:39:33","modified_gmt":"2022-12-22T11:39:33","slug":"lula-deve-anunciar-hoje-17-ministros-marcola-esta-na-expectativa","status":"publish","type":"post","link":"https:\/\/noticiasnoface.com.br\/index.php\/2022\/12\/22\/lula-deve-anunciar-hoje-17-ministros-marcola-esta-na-expectativa\/","title":{"rendered":"Lula deve anunciar hoje 17 ministros, Marcola est\u00e1 na expectativa!"},"content":{"rendered":"\n<figure class=\"wp-block-image size-full is-resized\"><img data-opt-id=1617332097  fetchpriority=\"high\" decoding=\"async\" src=\"https:\/\/mlbfrsat7ahr.i.optimole.com\/w:auto\/h:auto\/q:mauto\/ig:avif\/https:\/\/noticiasnoface.com.br\/wp-content\/uploads\/2022\/12\/4AF8E668-FA4B-4C6C-A5BD-0FB1854B93C3.jpeg\" alt=\"\" class=\"wp-image-13590\" width=\"317\" height=\"201\"\/><figcaption class=\"wp-element-caption\">O futuro ministro da Casa Civil, Rui Costa, disse nesta quarta-feira, 21, que acredita que o presidente eleito e diplomado Luiz In\u00e1cio Lula da Silva (PT) deve anunciar &#8220;quase a totalidade&#8221; de ministros que v\u00e3o compor sua nova gest\u00e3o nesta quinta-feira, dia 22. &#8220;Quem anuncia \u00e9 o presidente. Acredito que quase a totalidade amanh\u00e3 (quinta)&#8221;, disse a jornalistas ao chegar no Centro Cultural Banco do Brasil (CCBB), sede do governo de transi\u00e7\u00e3o em Bras\u00edlia.<br><br>O governo Lula ser\u00e1 composto por 37 minist\u00e9rios. Na ter\u00e7a-feira, o futuro ministro j\u00e1 havia indicado que novos an\u00fancios poderiam acontecer nesta semana. Rui Costa disse voltou a dizer que a amplia\u00e7\u00e3o na quantidade de minist\u00e9rios n\u00e3o deve elevar os custos e cargos. &#8220;Fora o cargo individual de ministro, toda estrutura foi feita a partir de remanejamento de estruturas existentes&#8221;, explicou.<\/figcaption><\/figure>\n\n\n\n<h2 class=\"wp-block-heading\">Se eles podem fazer parte da equipe, Pq Marcola n\u00e3o pode?<\/h2>\n\n\n\n<p>A equipe do presidente eleito, Luiz In\u00e1cio Lula da Silva (PT), escalou para o&nbsp;governo de transi\u00e7\u00e3o&nbsp;ex-ministros e pol\u00edticos aliados do petista que j\u00e1 foram presos ou denunciados por corrup\u00e7\u00e3o.<\/p>\n\n\n\n<p>Entre eles, est\u00e1 Guido Mantega, ex-ministro da Fazenda e do Planejamento e ex-presidente do&nbsp;Banco Nacional de Desenvolvimento Econ\u00f4mico e Social (BNDES). Ele vai compor o grupo t\u00e9cnico de planejamento, or\u00e7amento e gest\u00e3o da equipe de transi\u00e7\u00e3o de Lula.<\/p>\n\n\n\n<p>Em 22 de setembro de 2016, ele foi preso em uma das fases da opera\u00e7\u00e3o Lava Jato pela&nbsp;suspeita de ter pedido um pagamento de R$ 5 milh\u00f5es ao empres\u00e1rio Eike Batista. O dinheiro teria sido repassado a marqueteiros do PT para quita\u00e7\u00e3o de d\u00edvida de campanha eleitoral da ex-presidente Dilma Rousseff (PT) em 2010.<\/p>\n\n\n\n<p>Mantega acabou solto no mesmo dia, mas em 2018 virou r\u00e9u na opera\u00e7\u00e3o por corrup\u00e7\u00e3o e lavagem de dinheiro pela suposta edi\u00e7\u00e3o de medidas provis\u00f3rias para beneficiar empresas do&nbsp;grupo Odebrecht. De acordo com a den\u00fancia, a Odebrecht teria disponibilizado R$ 50 milh\u00f5es a Mantega para que as MPs fossem assinadas. A investiga\u00e7\u00e3o ainda n\u00e3o foi finalizada.<\/p>\n\n\n\n<p>O ex-ministro tamb\u00e9m foi acusado de crimes na opera\u00e7\u00e3o Zelotes. Em 2016, o Minist\u00e9rio P\u00fablico Federal (MPF) o denunciou por&nbsp;corrup\u00e7\u00e3o, advocacia administrativa tribut\u00e1ria e lavagem de dinheiro&nbsp;por uma autua\u00e7\u00e3o tribut\u00e1ria imposta ao grupo Cimento Penha no valor de R$ 57,7 milh\u00f5es.<\/p>\n\n\n\n<p>De acordo com os procuradores, houve manipula\u00e7\u00e3o da composi\u00e7\u00e3o e funcionamento do Conselho Superior de Recursos Fiscais, \u00f3rg\u00e3o do Conselho Administrativo de Recursos Fiscais (Carf). Em seguida, ocorreu favorecimento indevido ao grupo comercial e, em troca, Mantega e outros denunciados receberam&nbsp;vantagens indevidas. Em 2017, contudo, a Pol\u00edcia Federal concluiu o inqu\u00e9rito e n\u00e3o indiciou Mantega.<\/p>\n\n\n\n<p>\u00c0 \u00e9poca de cada caso, Mantega negou as acusa\u00e7\u00f5es. Durante um depoimento em S\u00e3o Paulo afirmou que n\u00e3o fez pagamentos via caixa dois da Odebrecht para a campanha da petista. O advogado do ex-ministro, Jos\u00e9 Roberto Batochio, chegou a afirmar que o cliente negou que teve qualquer tipo de reuni\u00e3o com o empres\u00e1rio Eike Batista para falar sobre doa\u00e7\u00f5es de dinheiro ou de pagamento de d\u00edvida.<\/p>\n\n\n\n<h3 class=\"wp-block-heading\"><strong>Paulo Bernardo<\/strong><\/h3>\n\n\n\n<p>Para o grupo t\u00e9cnico de comunica\u00e7\u00e3o, Lula chamou Paulo Bernardo, ex-ministro do Planejamento e das Comunica\u00e7\u00f5es.&nbsp;Ele foi preso em 23 de junho de 2016&nbsp;em uma opera\u00e7\u00e3o que foi desdobramento na Lava Jato por ter&nbsp;recebido ao menos R$ 7 milh\u00f5es de um esquema de corrup\u00e7\u00e3o, segundo o MPF. Paulo Bernardo deixou a pris\u00e3o seis dias depois.<\/p>\n\n\n\n<p>De acordo com as den\u00fancias, o esquema de repasses de propina vigorou durante cinco anos e come\u00e7ou depois que o Minist\u00e9rio do Planejamento contratou, em 2009, uma empresa terceirizada para controlar o sistema eletr\u00f4nico do cr\u00e9dito consignado do Governo Federal.<\/p>\n\n\n\n<p>Segundo as investiga\u00e7\u00f5es, houve um direcionamento na contrata\u00e7\u00e3o da empresa, que abriu m\u00e3o do seu faturamento, direcionando pagamentos de cerca de 70% para corrup\u00e7\u00e3o. Em julho de 2016, a Pol\u00edcia Federal enquadrou Paulo Bernardo por integrar&nbsp;organiza\u00e7\u00e3o criminosa e praticar corrup\u00e7\u00e3o passiva&nbsp;pelo envolvimento no esquema.&nbsp;Em 2018, o Supremo Tribunal Federal (STF) absolveu o ex-ministro.<\/p>\n\n\n\n<p>A defesa de Paulo Bernardo, afirmou na \u00e9poca, por meio de nota, que &#8220;o ex-ministro Paulo Bernardo reitera que n\u00e3o participou ou teve qualquer inger\u00eancia na celebra\u00e7\u00e3o ou manuten\u00e7\u00e3o do acordo de coopera\u00e7\u00e3o t\u00e9cnica celebrado autonomamente entre a Secretaria de Recursos Humanos do Minist\u00e9rio do Planejamento, Or\u00e7amento e Gest\u00e3o e as associa\u00e7\u00f5es de Bancos e Previd\u00eancia (ABBC e SINAPP). Tamb\u00e9m reitera que n\u00e3o recebeu qualquer quantia da Consist, direta ou indiretamente&#8221;.<\/p>\n\n\n\n<p>Outros integrantes<\/p>\n\n\n\n<p>Outro membro da equipe de transi\u00e7\u00e3o \u00e9&nbsp;Paulo Okamotto, ex-presidente do Instituto Lula e do Servi\u00e7o Brasileiro de Apoio \u00e0s Micro e Pequenas Empresas (Sebrae), que estar\u00e1 no grupo t\u00e9cnico de pequena empresa. Em 2005, foi denunciado pelas CPIs dos Bingos e do Mensal\u00e3o de ter pago uma d\u00edvida de R$ 30 mil de Lula e n\u00e3o declarar a origem desses recursos. O caso segue sem solu\u00e7\u00e3o.<\/p>\n\n\n\n<p>Al\u00e9m disso, em 2020, ele se tornou r\u00e9u na Lava Jato, junto com Lula e o ex-ministro da Fazenda&nbsp;Ant\u00f4nio Palocci, por uma suposta lavagem de R$ 4 milh\u00f5es da Odebrecht ao Instituto Lula. A a\u00e7\u00e3o, no entanto, foi anulada pelo STF.<\/p>\n\n\n\n<p>Durante a CPI dos Bingos no Senado, em 2015, Okamotto confirmou que pagou em dinheiro, junto \u00e0 tesouraria do Partido dos Trabalhadores, a quantia de R$ 29.436,26 para cobrir despesas, principalmente com viagens e di\u00e1rias ao exterior, realizadas em 2001 pelo ent\u00e3o pr\u00e9-candidato \u00e0 Presid\u00eancia Luiz In\u00e1cio Lula da Silva e por sua ent\u00e3o mulher, Marisa Let\u00edcia.<\/p>\n\n\n\n<p>No grupo t\u00e9cnico de pequena empresa tamb\u00e9m estar\u00e1 o presidente da&nbsp;Assembleia Legislativa do Rio de Janeiro, Andr\u00e9 Ceciliano. Em 2021, ele foi investigado pela suspeita de rachadinha com ex-funcion\u00e1rios do gabinete dele pela movimenta\u00e7\u00e3o suspeita de R$ 49 milh\u00f5es, mas foi inocentado pelo Tribunal de Justi\u00e7a do Rio de Janeiro.<\/p>\n\n\n\n<p>No mesmo ano, o Minist\u00e9rio P\u00fablico informou que a movimenta\u00e7\u00e3o fazia refer\u00eancia \u00e0 quita\u00e7\u00e3o de uma d\u00edvida de um empres\u00e1rio que estava lotado no gabiente de Ceciliano.<\/p>\n\n\n\n<p>A pergunta \u00e9, se todos esses citados podem compor a equipe de Lula, pq Marcos William Camacho, o MARCOLA , n\u00e3o pode?<\/p>\n","protected":false},"excerpt":{"rendered":"<p>Se eles podem fazer parte da equipe, Pq Marcola n\u00e3o pode? A equipe do presidente eleito, Luiz In\u00e1cio Lula da [&hellip;]<\/p>\n","protected":false},"author":1,"featured_media":13590,"comment_status":"open","ping_status":"open","sticky":false,"template":"","format":"standard","meta":{"site-sidebar-layout":"default","site-content-layout":"","ast-site-content-layout":"default","site-content-style":"default","site-sidebar-style":"default","ast-global-header-display":"","ast-banner-title-visibility":"","ast-main-header-display":"","ast-hfb-above-header-display":"","ast-hfb-below-header-display":"","ast-hfb-mobile-header-display":"","site-post-title":"","ast-breadcrumbs-content":"","ast-featured-img":"","footer-sml-layout":"","ast-disable-related-posts":"","theme-transparent-header-meta":"","adv-header-id-meta":"","stick-header-meta":"","header-above-stick-meta":"","header-main-stick-meta":"","header-below-stick-meta":"","astra-migrate-meta-layouts":"default","ast-page-background-enabled":"default","ast-page-background-meta":{"desktop":{"background-color":"var(--ast-global-color-4)","background-image":"","background-repeat":"repeat","background-position":"center center","background-size":"auto","background-attachment":"scroll","background-type":"","background-media":"","overlay-type":"","overlay-color":"","overlay-opacity":"","overlay-gradient":""},"tablet":{"background-color":"","background-image":"","background-repeat":"repeat","background-position":"center center","background-size":"auto","background-attachment":"scroll","background-type":"","background-media":"","overlay-type":"","overlay-color":"","overlay-opacity":"","overlay-gradient":""},"mobile":{"background-color":"","background-image":"","background-repeat":"repeat","background-position":"center center","background-size":"auto","background-attachment":"scroll","background-type":"","background-media":"","overlay-type":"","overlay-color":"","overlay-opacity":"","overlay-gradient":""}},"ast-content-background-meta":{"desktop":{"background-color":"var(--ast-global-color-5)","background-image":"","background-repeat":"repeat","background-position":"center center","background-size":"auto","background-attachment":"scroll","background-type":"","background-media":"","overlay-type":"","overlay-color":"","overlay-opacity":"","overlay-gradient":""},"tablet":{"background-color":"var(--ast-global-color-5)","background-image":"","background-repeat":"repeat","background-position":"center center","background-size":"auto","background-attachment":"scroll","background-type":"","background-media":"","overlay-type":"","overlay-color":"","overlay-opacity":"","overlay-gradient":""},"mobile":{"background-color":"var(--ast-global-color-5)","background-image":"","background-repeat":"repeat","background-position":"center center","background-size":"auto","background-attachment":"scroll","background-type":"","background-media":"","overlay-type":"","overlay-color":"","overlay-opacity":"","overlay-gradient":""}},"footnotes":""},"categories":[517],"tags":[215,1657,2058],"class_list":["post-13589","post","type-post","status-publish","format-standard","has-post-thumbnail","hentry","category-aconteceu","tag-lula","tag-marcola","tag-presidente-lula"],"_links":{"self":[{"href":"https:\/\/noticiasnoface.com.br\/index.php\/wp-json\/wp\/v2\/posts\/13589","targetHints":{"allow":["GET"]}}],"collection":[{"href":"https:\/\/noticiasnoface.com.br\/index.php\/wp-json\/wp\/v2\/posts"}],"about":[{"href":"https:\/\/noticiasnoface.com.br\/index.php\/wp-json\/wp\/v2\/types\/post"}],"author":[{"embeddable":true,"href":"https:\/\/noticiasnoface.com.br\/index.php\/wp-json\/wp\/v2\/users\/1"}],"replies":[{"embeddable":true,"href":"https:\/\/noticiasnoface.com.br\/index.php\/wp-json\/wp\/v2\/comments?post=13589"}],"version-history":[{"count":1,"href":"https:\/\/noticiasnoface.com.br\/index.php\/wp-json\/wp\/v2\/posts\/13589\/revisions"}],"predecessor-version":[{"id":13591,"href":"https:\/\/noticiasnoface.com.br\/index.php\/wp-json\/wp\/v2\/posts\/13589\/revisions\/13591"}],"wp:featuredmedia":[{"embeddable":true,"href":"https:\/\/noticiasnoface.com.br\/index.php\/wp-json\/wp\/v2\/media\/13590"}],"wp:attachment":[{"href":"https:\/\/noticiasnoface.com.br\/index.php\/wp-json\/wp\/v2\/media?parent=13589"}],"wp:term":[{"taxonomy":"category","embeddable":true,"href":"https:\/\/noticiasnoface.com.br\/index.php\/wp-json\/wp\/v2\/categories?post=13589"},{"taxonomy":"post_tag","embeddable":true,"href":"https:\/\/noticiasnoface.com.br\/index.php\/wp-json\/wp\/v2\/tags?post=13589"}],"curies":[{"name":"wp","href":"https:\/\/api.w.org\/{rel}","templated":true}]}}